{"id":732381,"date":"2026-02-13T19:27:12","date_gmt":"2026-02-13T19:27:12","guid":{"rendered":"https:\/\/www.europesays.com\/fr\/732381\/"},"modified":"2026-02-13T19:27:12","modified_gmt":"2026-02-13T19:27:12","slug":"paris-yvelines-lenlevement-en-suisse-cachait-une-affaire-de-blanchiment-de-largent-de-la-drogue","status":"publish","type":"post","link":"https:\/\/www.europesays.com\/fr\/732381\/","title":{"rendered":"Paris\/Yvelines\u00a0: l\u2019enl\u00e8vement en Suisse cachait une affaire de blanchiment de l\u2019argent de la drogue"},"content":{"rendered":"<p class=\"paragraph text_align_left lp-f-body-02\">Un homme a \u00e9t\u00e9 mis en examen jeudi \u00e0 Paris avant d\u2019\u00eatre \u00e9crou\u00e9. Ce trafiquant de drogue est soup\u00e7onn\u00e9 d\u2019avoir particip\u00e9 <a href=\"https:\/\/www.leparisien.fr\/faits-divers\/un-homme-daffaires-enleve-en-suisse-et-sequestre-dans-les-yvelines-une-equipe-de-malfrats-franciliens-arretee-17-05-2025-YN4ZVAQKARFSNJEL7EENWRDNUI.php\" target=\"_self\" rel=\"nofollow noopener\">en septembre 2024 \u00e0 l\u2019enl\u00e8vement <\/a>d\u2019un Irakien en Suisse, qui avait ensuite \u00e9t\u00e9 violent\u00e9 et s\u00e9questr\u00e9 durant quatre jours dans les Yvelines. C\u2019est le sixi\u00e8me suspect mis en examen dans cette affaire : en mai 2025, quatre hommes et une femme, \u00e2g\u00e9s de 17 \u00e0 27 ans, avaient d\u00e9j\u00e0 \u00e9t\u00e9 pr\u00e9sent\u00e9s devant la justice.<\/p>\n<p class=\"\">Nous sommes le 7 septembre 2024 \u00e0 Bienne (Suisse). Vers 22 heures, un certain Hajar, 37 ans, est agress\u00e9 par un groupe d\u2019hommes qui le force \u00e0 monter dans une voiture noire faussement plaqu\u00e9e. Le lendemain, le v\u00e9hicule, une BMW, est localis\u00e9 dans les rues de Mantes-la-Jolie (Yvelines). Il est plac\u00e9 sous surveillance. Mais ces man\u0153uvres ne permettent pas de localiser la victime ou ses ravisseurs.<\/p>\n<p class=\"\">Le 11 septembre, les autorit\u00e9s suisses informent leurs homologues fran\u00e7ais qu\u2019Hajar vient d\u2019\u00eatre retrouv\u00e9 dans le centre-ville de B\u00e2le avant d\u2019\u00eatre hospitalis\u00e9e. Ce chef d\u2019entreprise qui a des liens avec la Turquie raconte qu\u2019apr\u00e8s son enl\u00e8vement, il a \u00e9t\u00e9 conduit en r\u00e9gion parisienne o\u00f9 il a \u00e9t\u00e9 remis aux mains d\u2019une nouvelle \u00e9quipe. Ses ravisseurs l\u2019ont emmen\u00e9 dans une cachette situ\u00e9e en for\u00eat o\u00f9 il a \u00e9t\u00e9 d\u00e9shabill\u00e9 et frapp\u00e9. Il aurait ensuite \u00e9t\u00e9 conduit dans un appartement o\u00f9 il est rest\u00e9 plusieurs jours avant d\u2019\u00eatre d\u00e9pos\u00e9 \u00e0 la gare de l\u2019Est (Paris Xe) o\u00f9 il est mont\u00e9 dans un train pour la Suisse.<\/p>\n<p>Une ran\u00e7on de 250 000 euros<\/p>\n<p class=\"\">Selon les \u00e9l\u00e9ments recueillis par le juge d\u2019instruction, l\u2019otage aurait \u00e9t\u00e9 lib\u00e9r\u00e9 contre une ran\u00e7on de 250 000 euros. C<a href=\"https:\/\/www.leparisien.fr\/faits-divers\/fraude-dans-le-batiment-le-reseau-de-patrons-voyous-aurait-blanchi-360-millions-deuros-08-02-2026-YIQ6ZTNX3BFURJZNIT6C7ET6ZQ.php\" target=\"_self\" rel=\"nofollow noopener\">e trentenaire serait un blanchisseur d\u2019argent<\/a> sale qui n\u2019aurait pas honor\u00e9 ses obligations. Dans ce milieu interlope, les banquiers occultes garantissent le montant de la transaction. Si d\u2019une mani\u00e8re ou d\u2019une autre l\u2019argent se perd ou est saisi par la police, il rembourse ses clients. S\u2019il ne le fait pas, plus personne ne passera par lui et il encourt des repr\u00e9sailles car les trafiquants de drogue ne font pas de cadeau.<\/p>\n<p class=\"lp-card-podcast-highlighting__title  lp-f-subtitle-05\">[2\/2] Le cas Farid El Ha\u00efry : faux coupable mais vraie victime <\/p>\n<p><a class=\"lp-card-podcast-highlighting__call-to-action\" data-page-type=\"HP\" data-block-name=\"podcast-highlight\">\u00c9couter<\/a><\/p>\n<p class=\"\">Les enqu\u00eateurs de la brigade de r\u00e9pression du banditisme de Versailles avaient identifi\u00e9 un suspect pr\u00e9nomm\u00e9 Noha. Mais ils n\u2019avaient pas r\u00e9ussi \u00e0 lui mettre la main dessus. Et pour cause, il vivait au Maroc. Arr\u00eat\u00e9 dans ce pays, cet homme originaire du Val-de-Marne a \u00e9t\u00e9 extrad\u00e9 vers la France. Pr\u00e9sent\u00e9 ce jeudi devant le juge d\u2019instruction parisien, il a gard\u00e9 le silence. Contact\u00e9, son avocat, Me Serge Money, n\u2019a pas souhait\u00e9 s\u2019exprimer sur ce dossier.<\/p>\n","protected":false},"excerpt":{"rendered":"Un homme a \u00e9t\u00e9 mis en examen jeudi \u00e0 Paris avant d\u2019\u00eatre \u00e9crou\u00e9. Ce trafiquant de drogue est&hellip;\n","protected":false},"author":2,"featured_media":732382,"comment_status":"","ping_status":"","sticky":false,"template":"","format":"standard","meta":{"footnotes":"","_share_on_mastodon":"0"},"categories":[1888],"tags":[11,1777,674,118,1011,27,12,626,25],"class_list":["post-732381","post","type-post","status-publish","format-standard","has-post-thumbnail","category-paris","tag-actualites","tag-eu","tag-europe","tag-faits-divers","tag-fr","tag-france","tag-news","tag-paris","tag-republique-francaise"],"share_on_mastodon":{"url":"https:\/\/pubeurope.com\/@fr\/116064973170077480","error":""},"_links":{"self":[{"href":"https:\/\/www.europesays.com\/fr\/wp-json\/wp\/v2\/posts\/732381","targetHints":{"allow":["GET"]}}],"collection":[{"href":"https:\/\/www.europesays.com\/fr\/wp-json\/wp\/v2\/posts"}],"about":[{"href":"https:\/\/www.europesays.com\/fr\/wp-json\/wp\/v2\/types\/post"}],"author":[{"embeddable":true,"href":"https:\/\/www.europesays.com\/fr\/wp-json\/wp\/v2\/users\/2"}],"replies":[{"embeddable":true,"href":"https:\/\/www.europesays.com\/fr\/wp-json\/wp\/v2\/comments?post=732381"}],"version-history":[{"count":0,"href":"https:\/\/www.europesays.com\/fr\/wp-json\/wp\/v2\/posts\/732381\/revisions"}],"wp:featuredmedia":[{"embeddable":true,"href":"https:\/\/www.europesays.com\/fr\/wp-json\/wp\/v2\/media\/732382"}],"wp:attachment":[{"href":"https:\/\/www.europesays.com\/fr\/wp-json\/wp\/v2\/media?parent=732381"}],"wp:term":[{"taxonomy":"category","embeddable":true,"href":"https:\/\/www.europesays.com\/fr\/wp-json\/wp\/v2\/categories?post=732381"},{"taxonomy":"post_tag","embeddable":true,"href":"https:\/\/www.europesays.com\/fr\/wp-json\/wp\/v2\/tags?post=732381"}],"curies":[{"name":"wp","href":"https:\/\/api.w.org\/{rel}","templated":true}]}}