{"id":732383,"date":"2026-02-13T19:28:11","date_gmt":"2026-02-13T19:28:11","guid":{"rendered":"https:\/\/www.europesays.com\/fr\/732383\/"},"modified":"2026-02-13T19:28:11","modified_gmt":"2026-02-13T19:28:11","slug":"cinq-enquetes-ouvertes-a-paris-notamment-pour-mise-en-danger","status":"publish","type":"post","link":"https:\/\/www.europesays.com\/fr\/732383\/","title":{"rendered":"cinq enqu\u00eates ouvertes \u00e0 Paris, notamment pour mise en danger"},"content":{"rendered":"<p>Cinq enqu\u00eates ont \u00e9t\u00e9 ouvertes par le parquet de Paris concernant des laits infantiles contamin\u00e9s distribu\u00e9s par Nestl\u00e9, Lactalis, Danone, Babybio et La Marque en moins, notamment pour mise en danger de la vie d&rsquo;autrui.<\/p>\n<p>\u00ab\u00a0Le parquet de Paris a d\u00e9cid\u00e9 de sa saisine en raison de la multiplicit\u00e9 des plaintes sur le territoire, et de la technicit\u00e9 des investigations sur les aspects r\u00e9glementaires et sanitaires\u00a0\u00bb, a expliqu\u00e9 la procureure de Paris Laure Beccuau dans un communiqu\u00e9.<\/p>\n<p>Ce parquet a aussi re\u00e7u \u00ab\u00a0une plainte d\u00e9pos\u00e9e par l&rsquo;association Foodwatch ainsi que huit personnes physiques, dont les familles ont constat\u00e9 des vomissements \u00e0 la suite de la consommation de laits infantiles\u00a0\u00bb, a-t-elle expliqu\u00e9.<\/p>\n<p>Les cinq enqu\u00eates ont \u00e9t\u00e9 ouvertes le 30 janvier par le p\u00f4le sant\u00e9 publique du parquet de Paris, pour mise en danger de la vie d&rsquo;autrui par violation d&rsquo;une obligation r\u00e9glementaire de s\u00e9curit\u00e9 ou de prudence, tromperie sur une marchandise entra\u00eenant un danger pour la sant\u00e9 de l&rsquo;homme ou encore inex\u00e9cution de proc\u00e9dure de retrait ou rappel d&rsquo;un produit pr\u00e9judiciable \u00e0 la sant\u00e9.<\/p>\n<p>Ces enqu\u00eates ont \u00e9t\u00e9 confi\u00e9es \u00e0 l&rsquo;Office central de lutte contre les atteintes \u00e0 l&rsquo;environnement et \u00e0 la sant\u00e9 publique (Oclaesp) et \u00e0 la Brigade nationale d&rsquo;enqu\u00eates v\u00e9t\u00e9rinaires et phytosanitaires (BNEVP).<\/p>\n<p>&#8211; \u00ab\u00a0En finir avec l&rsquo;impunit\u00e9\u00a0\u00bb &#8211;<\/p>\n<p>D&rsquo;autres enqu\u00eates se poursuivent par ailleurs sous la direction de parquets locaux notamment \u00e0 Angers, Bordeaux et Blois \u00ab\u00a0s&rsquo;agissant de nourrissons d\u00e9c\u00e9d\u00e9s ou ayant pr\u00e9sent\u00e9 des troubles de sant\u00e9 afin de d\u00e9terminer si un lien de causalit\u00e9 avec la consommation de lait contamin\u00e9 est \u00e9tabli\u00a0\u00bb, a ajout\u00e9 Mme Beccuau.<\/p>\n<p>L&rsquo;Association pour la sant\u00e9 des enfants (APS-Enfants), qui a annonc\u00e9 vendredi avoir d\u00e9pos\u00e9 \u00ab\u00a0trois plaintes p\u00e9nales contre X aupr\u00e8s des parquets de Paris, Bordeaux et Angers\u00a0\u00bb, s&rsquo;est f\u00e9licit\u00e9e de l&rsquo;ouverture de plusieurs enqu\u00eates par le parquet parisien, appelant \u00ab\u00a0\u00e0 en finir avec l&rsquo;impunit\u00e9 des industriels\u00a0\u00bb.<\/p>\n<p>\u00ab\u00a0L&rsquo;ouverture de cinq enqu\u00eates est un signal important: cela confirme que la justice prend la gravit\u00e9 de cette affaire au s\u00e9rieux. Mais pour les familles, le v\u00e9ritable enjeu, c&rsquo;est que ces proc\u00e9dures aboutissent \u00e0 une mise en cause claire des responsabilit\u00e9s et \u00e0 des sanctions r\u00e9ellement dissuasives\u00a0\u00bb, a affirm\u00e9 son pr\u00e9sident, Quentin Guillemain, cit\u00e9 dans un communiqu\u00e9.<\/p>\n<p>\u00ab\u00a0Depuis des ann\u00e9es, les scandales alimentaires impliquant de grands groupes se succ\u00e8dent. Dans cette affaire, des laits pour nourrissons ont circul\u00e9 pendant des mois, malgr\u00e9 un risque connu li\u00e9 \u00e0 la toxine c\u00e9r\u00e9ulide et des alertes scientifiques anciennes\u00a0\u00bb, a-t-il rappel\u00e9, affirmant: \u00ab\u00a0Tant que les industriels pourront continuer \u00e0 fonctionner selon une logique de +rappel tardif et communication minimale+, sans \u00eatre vraiment inqui\u00e9t\u00e9s, ces drames se r\u00e9p\u00e9teront\u00a0\u00bb.<\/p>\n<p>&#8211; Laboratoire belge &#8211;<\/p>\n<p>L&rsquo;affaire des laits infantiles dure depuis mi-d\u00e9cembre. Apr\u00e8s un premier rappel par Nestl\u00e9 de dizaines de lots de laits infantiles dans une soixantaine de pays \u00e0 cause de la pr\u00e9sence potentielle de c\u00e9r\u00e9ulide, une cascade de rappels similaires a eu lieu dans le monde par des industriels comme Danone ou Lactalis, mais aussi par des plus petits acteurs de ce march\u00e9 en pleine croissance.<\/p>\n<p>Trois d\u00e9c\u00e8s de b\u00e9b\u00e9s ont \u00e9t\u00e9 signal\u00e9s en France &#8211; seul pays europ\u00e9en dans ce cas -, ainsi qu&rsquo;une quinzaine d&rsquo;hospitalisations, chez des b\u00e9b\u00e9s ayant consomm\u00e9 des laits vis\u00e9s par les rappels. \u00c0 ce stade, toutefois, aucun lien de cause \u00e0 effet n&rsquo;a \u00e9t\u00e9 \u00e9tabli et des analyses sont en cours.<\/p>\n<p>Interrog\u00e9 par l&rsquo;AFP, le minist\u00e8re de l&rsquo;Agriculture a confirm\u00e9 que l&rsquo;agence de s\u00e9curit\u00e9 sanitaire Anses avait d\u00e9cid\u00e9 de sous-traiter les analyses de cette toxine \u00e0 l&rsquo;institut belge de sant\u00e9 publique Sciensano, comme r\u00e9v\u00e9l\u00e9 par Radio France.<\/p>\n<p>Le minist\u00e8re a justifi\u00e9 cette d\u00e9cision du fait du tr\u00e8s faible seuil de quantification recherch\u00e9 dans cette affaire,peu de laboratoires dans le monde pouvant le faire, a-t-il soulign\u00e9.<\/p>\n<p>L&rsquo;Anses a bien des capacit\u00e9s d&rsquo;analyse de bacillus cereus et de sa toxine, mais habituellement, dans le cadre par exemple d&rsquo;intoxications alimentaires collectives, o\u00f9 les taux recherch\u00e9s sont plus \u00e9lev\u00e9s, a expliqu\u00e9 le minist\u00e8re.<\/p>\n<p>\u00ab\u00a0Le choix d&rsquo;un laboratoire \u00e9tranger confirme de facto que les capacit\u00e9s analytiques disponibles en France ne permettaient pas, jusqu&rsquo;ici, de r\u00e9pondre avec la c\u00e9l\u00e9rit\u00e9 requise pour g\u00e9rer une crise touchant des b\u00e9b\u00e9s\u00a0\u00bb, a regrett\u00e9 le collectif Intox&rsquo;Alim, qui rassemble une vingtaine de familles ayant port\u00e9 plainte cette semaine contre l&rsquo;Etat et les entreprises concern\u00e9es.<\/p>\n","protected":false},"excerpt":{"rendered":"Cinq enqu\u00eates ont \u00e9t\u00e9 ouvertes par le parquet de Paris concernant des laits infantiles contamin\u00e9s distribu\u00e9s par Nestl\u00e9,&hellip;\n","protected":false},"author":2,"featured_media":732384,"comment_status":"","ping_status":"","sticky":false,"template":"","format":"standard","meta":{"footnotes":"","_share_on_mastodon":"0"},"categories":[1888],"tags":[11,1777,674,1011,27,12,626,25],"class_list":["post-732383","post","type-post","status-publish","format-standard","has-post-thumbnail","category-paris","tag-actualites","tag-eu","tag-europe","tag-fr","tag-france","tag-news","tag-paris","tag-republique-francaise"],"share_on_mastodon":{"url":"https:\/\/pubeurope.com\/@fr\/116064977233837173","error":""},"_links":{"self":[{"href":"https:\/\/www.europesays.com\/fr\/wp-json\/wp\/v2\/posts\/732383","targetHints":{"allow":["GET"]}}],"collection":[{"href":"https:\/\/www.europesays.com\/fr\/wp-json\/wp\/v2\/posts"}],"about":[{"href":"https:\/\/www.europesays.com\/fr\/wp-json\/wp\/v2\/types\/post"}],"author":[{"embeddable":true,"href":"https:\/\/www.europesays.com\/fr\/wp-json\/wp\/v2\/users\/2"}],"replies":[{"embeddable":true,"href":"https:\/\/www.europesays.com\/fr\/wp-json\/wp\/v2\/comments?post=732383"}],"version-history":[{"count":0,"href":"https:\/\/www.europesays.com\/fr\/wp-json\/wp\/v2\/posts\/732383\/revisions"}],"wp:featuredmedia":[{"embeddable":true,"href":"https:\/\/www.europesays.com\/fr\/wp-json\/wp\/v2\/media\/732384"}],"wp:attachment":[{"href":"https:\/\/www.europesays.com\/fr\/wp-json\/wp\/v2\/media?parent=732383"}],"wp:term":[{"taxonomy":"category","embeddable":true,"href":"https:\/\/www.europesays.com\/fr\/wp-json\/wp\/v2\/categories?post=732383"},{"taxonomy":"post_tag","embeddable":true,"href":"https:\/\/www.europesays.com\/fr\/wp-json\/wp\/v2\/tags?post=732383"}],"curies":[{"name":"wp","href":"https:\/\/api.w.org\/{rel}","templated":true}]}}