{"id":73279,"date":"2025-05-04T02:57:11","date_gmt":"2025-05-04T02:57:11","guid":{"rendered":"https:\/\/www.europesays.com\/fr\/73279\/"},"modified":"2025-05-04T02:57:11","modified_gmt":"2025-05-04T02:57:11","slug":"les-elus-ps-marseillais-a-lepreuve-du-congres-prevu-en-juin","status":"publish","type":"post","link":"https:\/\/www.europesays.com\/fr\/73279\/","title":{"rendered":"Les \u00e9lus PS marseillais \u00e0 l&rsquo;\u00e9preuve du congr\u00e8s pr\u00e9vu en juin"},"content":{"rendered":"<p>Le congr\u00e8s du PS, <a href=\"https:\/\/www.laprovence.com\/article\/politique\/9803025732771214\/le-congres-du-parti-socialiste-aura-lieu-les-13-14-et-15-juin\" target=\"_blank\" rel=\"nofollow noopener\">pr\u00e9vu en juin<\/a>, va-t-il impacter le Printemps marseillais\u00a0? Au niveau national et sur les r\u00e9seaux sociaux, la tension commence \u00e0 monter entre les partisans <a href=\"https:\/\/www.laprovence.com\/article\/politique\/4739378088695614\/congres-du-ps-trois-candidats-officiels-pour-prendre-la-presidence-du-parti\" target=\"_blank\" rel=\"nofollow noopener\">d&rsquo;Olivier Faure, de Nicolas Mayer-Rossignol et de Boris Vallaud<\/a>. Le maire de Marseille Beno\u00eet Payan, proche d&rsquo;Olivier Faure, ne votera pas &#8211; il n&rsquo;est <a href=\"https:\/\/www.laprovence.com\/article\/politique\/6751626\/payan-un-discret-eloignement-du-ps.html\" target=\"_blank\" rel=\"nofollow noopener\">plus adh\u00e9rent depuis son \u00e9lection en d\u00e9cembre\u00a02020<\/a>. Mais la plupart de ses adjoints encart\u00e9s au parti \u00e0 la rose se sont engag\u00e9s.<\/p>\n<p>Yannick Ohanessian, patron du PS\u00a013, a choisi l&rsquo;actuel patron du PS Olivier Faure, tout comme le maire des 2e-3e Anthony Krehmeier et Sophie Roques. \u00ab\u00a0Oui, on peut soutenir des motions diff\u00e9rentes mais l&rsquo;unit\u00e9 de la majorit\u00e9 en vue des municipales reste dans toutes les t\u00eates\u00a0\u00bb, assure l&rsquo;adjointe \u00e0 l&rsquo;\u00e9tat civil. Audrey Gatian (politique de la ville) est l&rsquo;une des rares \u00e0 soutenir Boris Vallaud.<\/p>\n<p>Nicolas Mayer-Rossignol, le maire de Rouen, <a href=\"https:\/\/www.laprovence.com\/article\/politique\/5518272138310214\/congres-du-ps-mayer-rossignol-et-ses-partisans-promettent-un-nouveau-rassemblement-de-la-gauche-avec-glucksmann\" target=\"_blank\" rel=\"nofollow noopener\">tr\u00e8s critique sur l&rsquo;accord du Nouveau Front populaire avec LFI<\/a> et principal rival d&rsquo;Olivier Faure, a les faveurs de Jo\u00ebl Canicave (finances) et du d\u00e9put\u00e9 Laurent Lhardit. \u00ab\u00a0Il n&rsquo;y a aucun risque qu&rsquo;il y ait des dissensions, promet l&rsquo;ancien adjoint \u00e0 l&rsquo;\u00e9conomie. On a quelques divergences sur les motions, mais au final, au PS, on fera la synth\u00e8se comme on en a l&rsquo;habitude.\u00a0\u00bb<\/p>\n","protected":false},"excerpt":{"rendered":"Le congr\u00e8s du PS, pr\u00e9vu en juin, va-t-il impacter le Printemps marseillais\u00a0? Au niveau national et sur les&hellip;\n","protected":false},"author":2,"featured_media":73280,"comment_status":"","ping_status":"","sticky":false,"template":"","format":"standard","meta":{"footnotes":""},"categories":[2814],"tags":[17,1111,11,4394,10153,1777,674,1011,27,3687,17715,151,761,884,12,316,9622,882,25],"class_list":{"0":"post-73279","1":"post","2":"type-post","3":"status-publish","4":"format-standard","5":"has-post-thumbnail","7":"category-marseille","8":"tag-17","9":"tag-actu","10":"tag-actualites","11":"tag-congres","12":"tag-elus","13":"tag-eu","14":"tag-europe","15":"tag-fr","16":"tag-france","17":"tag-juin","18":"tag-lepreuve","19":"tag-les","20":"tag-marseillais","21":"tag-marseille","22":"tag-news","23":"tag-politique","24":"tag-prevu","25":"tag-provence-alpes-cote-dazur","26":"tag-republique-francaise"},"share_on_mastodon":{"url":"https:\/\/pubeurope.com\/@fr\/114447321985144059","error":""},"_links":{"self":[{"href":"https:\/\/www.europesays.com\/fr\/wp-json\/wp\/v2\/posts\/73279","targetHints":{"allow":["GET"]}}],"collection":[{"href":"https:\/\/www.europesays.com\/fr\/wp-json\/wp\/v2\/posts"}],"about":[{"href":"https:\/\/www.europesays.com\/fr\/wp-json\/wp\/v2\/types\/post"}],"author":[{"embeddable":true,"href":"https:\/\/www.europesays.com\/fr\/wp-json\/wp\/v2\/users\/2"}],"replies":[{"embeddable":true,"href":"https:\/\/www.europesays.com\/fr\/wp-json\/wp\/v2\/comments?post=73279"}],"version-history":[{"count":0,"href":"https:\/\/www.europesays.com\/fr\/wp-json\/wp\/v2\/posts\/73279\/revisions"}],"wp:featuredmedia":[{"embeddable":true,"href":"https:\/\/www.europesays.com\/fr\/wp-json\/wp\/v2\/media\/73280"}],"wp:attachment":[{"href":"https:\/\/www.europesays.com\/fr\/wp-json\/wp\/v2\/media?parent=73279"}],"wp:term":[{"taxonomy":"category","embeddable":true,"href":"https:\/\/www.europesays.com\/fr\/wp-json\/wp\/v2\/categories?post=73279"},{"taxonomy":"post_tag","embeddable":true,"href":"https:\/\/www.europesays.com\/fr\/wp-json\/wp\/v2\/tags?post=73279"}],"curies":[{"name":"wp","href":"https:\/\/api.w.org\/{rel}","templated":true}]}}