{"id":732844,"date":"2026-02-14T00:13:26","date_gmt":"2026-02-14T00:13:26","guid":{"rendered":"https:\/\/www.europesays.com\/fr\/732844\/"},"modified":"2026-02-14T00:13:26","modified_gmt":"2026-02-14T00:13:26","slug":"disneyland-paris-on-a-teste-la-nouvelle-attraction-de-la-reine-des-neiges-et-cest-totalement-bluffant","status":"publish","type":"post","link":"https:\/\/www.europesays.com\/fr\/732844\/","title":{"rendered":"Disneyland Paris\u00a0: on a test\u00e9 la nouvelle attraction de \u00ab\u00a0La Reine des Neiges\u00a0\u00bb et c\u2019est totalement bluffant"},"content":{"rendered":"<p class=\"paragraph text_align_left lp-f-body-02\">Et soudain Elsa chante. L\u2019h\u00e9ro\u00efne de <a href=\"https:\/\/www.leparisien.fr\/video\/la-reine-des-neiges-2-les-enfants-sont-sous-le-charme-26-11-2019-8202222.php\" target=\"_blank\" rel=\"noreferrer nofollow noopener\">\u00ab La Reine des Neiges \u00bb<\/a> entonne devant nous, assis dans une petite barque, le l\u00e9gendaire refrain \u00ab Let it go, let it go \u00bb, la version anglaise de \u00ab Lib\u00e9r\u00e9e, d\u00e9livr\u00e9e \u00bb ; l\u2019effet est saisissant, le personnage plus vrai que nature. Sa taille, son visage, ses mouvements et surtout son regard qui nous fixe la rendent particuli\u00e8rement r\u00e9aliste. Elle appara\u00eet par surprise, derri\u00e8re deux portes battantes, sur lesquelles scintille un flocon de neige. \u00c0 peine le temps de la contempler que notre embarcation repart en arri\u00e8re, comme souffl\u00e9e par les pouvoirs de la reine. La sc\u00e8ne est stup\u00e9fiante. On est m\u00eame pr\u00eat \u00e0 parier que les plus \u00e9motifs, ou les plus jeunes, ou les deux, auront du mal \u00e0 retenir leur petite larme au milieu de cette impressionnante immersion.<\/p>\n<p class=\"\">Nous sommes dans la nouvelle attraction phare de Disneyland Paris, \u00ab Frozen ever after \u00bb, que nous avons pu tester ce vendredi apr\u00e8s-midi en avant-premi\u00e8re. Une balade en barque, d\u2019une dur\u00e9e de 6 minutes 45, <a href=\"https:\/\/www.leparisien.fr\/culture-loisirs\/disneyland-paris-le-parc-la-reine-des-neiges-ouvrira-le-29-mars-2026-24-11-2025-MVSNEWWJDFEJLMELMDBZXSFUMI.php\" target=\"_blank\" rel=\"noreferrer nofollow noopener\">qui ouvrira au public le 29 mars 2026<\/a>, en m\u00eame temps que le quartier \u00ab La Reine des Neiges \u00bb.<\/p>\n","protected":false},"excerpt":{"rendered":"Et soudain Elsa chante. L\u2019h\u00e9ro\u00efne de \u00ab La Reine des Neiges \u00bb entonne devant nous, assis dans une&hellip;\n","protected":false},"author":2,"featured_media":732845,"comment_status":"","ping_status":"","sticky":false,"template":"","format":"standard","meta":{"footnotes":"","_share_on_mastodon":"0"},"categories":[1888],"tags":[1111,1928,11,1927,872,1777,674,1011,27,12,1926,626,1925,25],"class_list":["post-732844","post","type-post","status-publish","format-standard","has-post-thumbnail","category-paris","tag-actu","tag-actu-paris","tag-actualites","tag-actualites-paris","tag-culture-et-loisirs","tag-eu","tag-europe","tag-fr","tag-france","tag-news","tag-news-paris","tag-paris","tag-paris-news","tag-republique-francaise"],"share_on_mastodon":{"url":"https:\/\/pubeurope.com\/@fr\/116066097870951283","error":""},"_links":{"self":[{"href":"https:\/\/www.europesays.com\/fr\/wp-json\/wp\/v2\/posts\/732844","targetHints":{"allow":["GET"]}}],"collection":[{"href":"https:\/\/www.europesays.com\/fr\/wp-json\/wp\/v2\/posts"}],"about":[{"href":"https:\/\/www.europesays.com\/fr\/wp-json\/wp\/v2\/types\/post"}],"author":[{"embeddable":true,"href":"https:\/\/www.europesays.com\/fr\/wp-json\/wp\/v2\/users\/2"}],"replies":[{"embeddable":true,"href":"https:\/\/www.europesays.com\/fr\/wp-json\/wp\/v2\/comments?post=732844"}],"version-history":[{"count":0,"href":"https:\/\/www.europesays.com\/fr\/wp-json\/wp\/v2\/posts\/732844\/revisions"}],"wp:featuredmedia":[{"embeddable":true,"href":"https:\/\/www.europesays.com\/fr\/wp-json\/wp\/v2\/media\/732845"}],"wp:attachment":[{"href":"https:\/\/www.europesays.com\/fr\/wp-json\/wp\/v2\/media?parent=732844"}],"wp:term":[{"taxonomy":"category","embeddable":true,"href":"https:\/\/www.europesays.com\/fr\/wp-json\/wp\/v2\/categories?post=732844"},{"taxonomy":"post_tag","embeddable":true,"href":"https:\/\/www.europesays.com\/fr\/wp-json\/wp\/v2\/tags?post=732844"}],"curies":[{"name":"wp","href":"https:\/\/api.w.org\/{rel}","templated":true}]}}