{"id":732848,"date":"2026-02-14T00:15:12","date_gmt":"2026-02-14T00:15:12","guid":{"rendered":"https:\/\/www.europesays.com\/fr\/732848\/"},"modified":"2026-02-14T00:15:12","modified_gmt":"2026-02-14T00:15:12","slug":"grande-brasserie-de-luxe-paris-ouest-rechercheun-manager-h-f-pour","status":"publish","type":"post","link":"https:\/\/www.europesays.com\/fr\/732848\/","title":{"rendered":"Grande brasserie de Luxe, Paris Ouest, recherche\nun Manager H\/F pour"},"content":{"rendered":"<p id=\"offerText\" class=\" keep-format p-0\">Grande brasserie de Luxe, Paris Ouest, recherche<br \/>\nun Manager H\/F pour un volume habituel d\u2019environ 500 couverts\/jour d\u2019une client\u00e8le haut de gamme et internationale.<br \/>\nSous l\u2019autorit\u00e9 du directeur du restaurant, vous mettez tout en \u0153uvre pour assurer un d\u00e9roulement de service optimum et la satisfaction des clients est votre priorit\u00e9.<br \/>\nVous \u00eates passionn\u00e9 par la restauration haut de gamme et avez une exp\u00e9rience r\u00e9cente dans des \u00e9tablissements r\u00e9put\u00e9s.<br \/>\nVous animez une \u00e9quipe de chefs de rang et participerez aux services<br \/>\nVotre pr\u00e9sentation est impeccable et votre anglais est fluide.<br \/>\nSalaire tr\u00e8s motivant + Tips importants<br \/>\nHoraires continus, repos 2 jours cons\u00e9cutifs en semaine.<br \/>\n\u00a0<br \/>\nExp\u00e9rience r\u00e9cente\u00a0 de manager ou significative de Chef de rang\u00a0dans des \u00e9tablissements r\u00e9put\u00e9s<br \/>\nPr\u00e9sentation impeccable<br \/>\nAnglais exig\u00e9<\/p>\n","protected":false},"excerpt":{"rendered":"Grande brasserie de Luxe, Paris Ouest, recherche un Manager H\/F pour un volume habituel d\u2019environ 500 couverts\/jour d\u2019une&hellip;\n","protected":false},"author":2,"featured_media":3470,"comment_status":"","ping_status":"","sticky":false,"template":"","format":"standard","meta":{"footnotes":"","_share_on_mastodon":"0"},"categories":[1888],"tags":[11,1777,674,1011,27,12,626,25],"class_list":["post-732848","post","type-post","status-publish","format-standard","has-post-thumbnail","category-paris","tag-actualites","tag-eu","tag-europe","tag-fr","tag-france","tag-news","tag-paris","tag-republique-francaise"],"share_on_mastodon":{"url":"https:\/\/pubeurope.com\/@fr\/116066105656975228","error":""},"_links":{"self":[{"href":"https:\/\/www.europesays.com\/fr\/wp-json\/wp\/v2\/posts\/732848","targetHints":{"allow":["GET"]}}],"collection":[{"href":"https:\/\/www.europesays.com\/fr\/wp-json\/wp\/v2\/posts"}],"about":[{"href":"https:\/\/www.europesays.com\/fr\/wp-json\/wp\/v2\/types\/post"}],"author":[{"embeddable":true,"href":"https:\/\/www.europesays.com\/fr\/wp-json\/wp\/v2\/users\/2"}],"replies":[{"embeddable":true,"href":"https:\/\/www.europesays.com\/fr\/wp-json\/wp\/v2\/comments?post=732848"}],"version-history":[{"count":0,"href":"https:\/\/www.europesays.com\/fr\/wp-json\/wp\/v2\/posts\/732848\/revisions"}],"wp:featuredmedia":[{"embeddable":true,"href":"https:\/\/www.europesays.com\/fr\/wp-json\/wp\/v2\/media\/3470"}],"wp:attachment":[{"href":"https:\/\/www.europesays.com\/fr\/wp-json\/wp\/v2\/media?parent=732848"}],"wp:term":[{"taxonomy":"category","embeddable":true,"href":"https:\/\/www.europesays.com\/fr\/wp-json\/wp\/v2\/categories?post=732848"},{"taxonomy":"post_tag","embeddable":true,"href":"https:\/\/www.europesays.com\/fr\/wp-json\/wp\/v2\/tags?post=732848"}],"curies":[{"name":"wp","href":"https:\/\/api.w.org\/{rel}","templated":true}]}}