{"id":73297,"date":"2025-05-04T03:07:09","date_gmt":"2025-05-04T03:07:09","guid":{"rendered":"https:\/\/www.europesays.com\/fr\/73297\/"},"modified":"2025-05-04T03:07:09","modified_gmt":"2025-05-04T03:07:09","slug":"le-patriarche-de-toute-la-russie-decerne-a-lepouse-daliev-lordre-du-saint-egalite-dux-apotres-olga-la-princesse-olga-nouvelles-darmenie-en-ligne","status":"publish","type":"post","link":"https:\/\/www.europesays.com\/fr\/73297\/","title":{"rendered":"Le patriarche de toute la Russie d\u00e9cerne \u00e0 l&rsquo;\u00e9pouse d&rsquo;Aliev l&rsquo;Ordre du Saint-\u00c9galit\u00e9 dux Ap\u00f4tres Olga, la princesse Olga &#8211; Nouvelles d&rsquo;Arm\u00e9nie en Ligne"},"content":{"rendered":"<p>Le 3 mai, le pr\u00e9sident azerba\u00efdjanais Ilham Aliev et son \u00e9pouse Mehriban Aliyeva ont rencontr\u00e9 le patriarche Kirill de Moscou et de toute la Russie.<\/p>\n<p>Comme l\u2019a rapport\u00e9 l\u2019APA, apr\u00e8s la rencontre, le patriarche Kirill (Cyrille) de Moscou et de toute la Russie a remis \u00e0 Mehriban Alieva, l\u2019\u00e9pouse du pr\u00e9sident de l\u2019Azerba\u00efdjan, l\u2019Ordre de la Sainte-\u00c9galit\u00e9 des Ap\u00f4tres Olga de l\u2019\u00c9glise orthodoxe russe, 1er degr\u00e9.<\/p>\n<p>Selon les m\u00e9dias azerba\u00efdjanais, Mehriban Alieva \u00ab a re\u00e7u cet ordre par d\u00e9cret du patriarche Cyrille de Moscou et de toute la Russie pour sa contribution \u00e0 la pr\u00e9servation des valeurs traditionnelles dans la soci\u00e9t\u00e9 \u00bb.<\/p>\n<p>\u00a0<\/p>\n<p>Krikor Amirzayan<\/p>\n","protected":false},"excerpt":{"rendered":"Le 3 mai, le pr\u00e9sident azerba\u00efdjanais Ilham Aliev et son \u00e9pouse Mehriban Aliyeva ont rencontr\u00e9 le patriarche Kirill&hellip;\n","protected":false},"author":2,"featured_media":73298,"comment_status":"","ping_status":"","sticky":false,"template":"","format":"standard","meta":{"footnotes":""},"categories":[1591],"tags":[11,15149,312,1887,12,4020,1885,1886,132],"class_list":{"0":"post-73297","1":"post","2":"type-post","3":"status-publish","4":"format-standard","5":"has-post-thumbnail","7":"category-russie","8":"tag-actualites","9":"tag-azerbaidjan","10":"tag-diplomatie","11":"tag-federation-de-russie","12":"tag-news","13":"tag-religion","14":"tag-russia","15":"tag-russian-federation","16":"tag-russie"},"share_on_mastodon":{"url":"https:\/\/pubeurope.com\/@fr\/114447361242684184","error":""},"_links":{"self":[{"href":"https:\/\/www.europesays.com\/fr\/wp-json\/wp\/v2\/posts\/73297","targetHints":{"allow":["GET"]}}],"collection":[{"href":"https:\/\/www.europesays.com\/fr\/wp-json\/wp\/v2\/posts"}],"about":[{"href":"https:\/\/www.europesays.com\/fr\/wp-json\/wp\/v2\/types\/post"}],"author":[{"embeddable":true,"href":"https:\/\/www.europesays.com\/fr\/wp-json\/wp\/v2\/users\/2"}],"replies":[{"embeddable":true,"href":"https:\/\/www.europesays.com\/fr\/wp-json\/wp\/v2\/comments?post=73297"}],"version-history":[{"count":0,"href":"https:\/\/www.europesays.com\/fr\/wp-json\/wp\/v2\/posts\/73297\/revisions"}],"wp:featuredmedia":[{"embeddable":true,"href":"https:\/\/www.europesays.com\/fr\/wp-json\/wp\/v2\/media\/73298"}],"wp:attachment":[{"href":"https:\/\/www.europesays.com\/fr\/wp-json\/wp\/v2\/media?parent=73297"}],"wp:term":[{"taxonomy":"category","embeddable":true,"href":"https:\/\/www.europesays.com\/fr\/wp-json\/wp\/v2\/categories?post=73297"},{"taxonomy":"post_tag","embeddable":true,"href":"https:\/\/www.europesays.com\/fr\/wp-json\/wp\/v2\/tags?post=73297"}],"curies":[{"name":"wp","href":"https:\/\/api.w.org\/{rel}","templated":true}]}}