{"id":73311,"date":"2025-05-04T03:14:09","date_gmt":"2025-05-04T03:14:09","guid":{"rendered":"https:\/\/www.europesays.com\/fr\/73311\/"},"modified":"2025-05-04T03:14:09","modified_gmt":"2025-05-04T03:14:09","slug":"barcola-arsenal-la-conference-de-presse-de-luis-enrique","status":"publish","type":"post","link":"https:\/\/www.europesays.com\/fr\/73311\/","title":{"rendered":"Barcola, Arsenal&#8230; La conf\u00e9rence de presse de Luis Enrique"},"content":{"rendered":"<p>Ce samedi apr\u00e8s-midi, le PSG s\u2019est inclin\u00e9 contre Strasbourg<br \/>\nen Ligue 1. En conf\u00e9rence de presse, Luis Enrique a expliqu\u00e9 avoir<br \/>\nappr\u00e9ci\u00e9 le comportement de son \u00e9quipe.<\/p>\n<p>Quatre jours avant d\u2019affronter <strong>Arsenal<\/strong> \u2013 au<br \/>\n<strong>Parc des Princes<\/strong> \u2013 pour le compte de la<br \/>\ndemi-finale retour de la <strong>Ligue des champions<\/strong>, le<br \/>\n<strong>PSG<\/strong> s\u2019est inclin\u00e9 sur la pelouse de<br \/>\n<strong>Strasbourg<\/strong> dans le cadre de la 32e journ\u00e9e de<br \/>\n<strong>Ligue 1<\/strong> (2-1). Avec une \u00e9quipe <a href=\"https:\/\/canal-supporters.com\/une-experience-fantastique-noham-kamara-sur-son-premier-match-avec-le-psg\/\" title=\"\" target=\"_blank\" rel=\"noopener\">fortement remani\u00e9e<\/a>, les Parisiens n\u2019ont pas r\u00e9ussi \u00e0<br \/>\nse d\u00e9faire d\u2019une bonne \u00e9quipe alsacienne, qui peut toujours r\u00eaver<br \/>\nd\u2019une qualification en <strong>Ligue des champions<\/strong> apr\u00e8s<br \/>\nce succ\u00e8s de prestige contre le <strong>PSG<\/strong>. Pr\u00e9sent en<br \/>\nconf\u00e9rence de presse, dans des propos relay\u00e9s par <a href=\"https:\/\/www.leparisien.fr\/sports\/football\/ligue-1\/strasbourg-psg-2-1-tous-les-joueurs-ont-realise-un-match-de-haut-niveau-estime-luis-enrique-03-05-2025-M37PPPGD4FDUXBDSNGM4E5WL3U.php\" target=\"_blank\" rel=\"noopener\" title=\"\">Le Parisien<\/a>,<br \/>\n<strong>Luis Enrique<\/strong> est revenu sur cette d\u00e9faite et n\u2019a<br \/>\npas voulu critiquer ses joueurs, avant de se projeter sur la<br \/>\ndemi-finale retour contre <strong>Arsenal<\/strong>.<\/p>\n<p>S\u2019inqui\u00e9ter pour<br \/>\nle PSG apr\u00e8s cette d\u00e9faite ?<\/p>\n<p>\u00ab\u00a0Je voudrais dire que je suis tr\u00e8s satisfait de mon<br \/>\n\u00e9quipe, de la mani\u00e8re dont elle a jou\u00e9. Nous avions un rival tr\u00e8s<br \/>\nfort qui\u00a0joue les places pour la <strong>Ligue des<br \/>\nchampions<\/strong>. Ils sont forts physiquement et techniquement.<br \/>\nNous sommes arriv\u00e9s avec une \u00e9quipe de tr\u00e8s haut niveau, avec<br \/>\nquatre jeunes du centre de formation. Je suis satisfait de leur<br \/>\nperformance. Nous avons m\u00eame fini avec cinq joueurs du centre de<br \/>\nformation. C\u2019\u00e9tait un match de tr\u00e8s haut niveau, comme tous les<br \/>\nmatches de <strong>Ligue\u00a01<\/strong>, maintenant il faut<br \/>\nrentrer dans cette phase d\u2019immersion.\u00a0\u00bb<\/p>\n<p>Le PSG bien<br \/>\npr\u00e9par\u00e9 pour sa demi-finale retour ?<\/p>\n<p>\u00ab\u00a0Oui. Tous les objectifs que j\u2019avais imagin\u00e9s se sont<br \/>\nconcr\u00e9tis\u00e9s, \u00e0 l\u2019exception du r\u00e9sultat du match.\u00a0\u00bb<\/p>\n<p>Moins focalis\u00e9<br \/>\nsur les r\u00e9sultats en Ligue 1 ?<\/p>\n<p>\u00ab\u00a0Je ne vais pas m\u2019\u00e9tendre trop sur ce qui vient d\u2019\u00eatre<br \/>\nfait. Les objectifs que j\u2019avais imagin\u00e9s se sont r\u00e9alis\u00e9s, je me<br \/>\nr\u00e9p\u00e8te. \u00c7a serait ridicule de faire davantage de commentaires. Nous<br \/>\n\u00e9tions proches du match nul, nous avons eu les occasions et nous<br \/>\naurions pu y arriver.\u00a0\u00bb<\/p>\n<p>Satisfait de la<br \/>\nprestation de Barcola ?<\/p>\n<p>\u00ab\u00a0Je n\u2019ai pas l\u2019habitude de valoriser un joueur en<br \/>\nparticulier ou de donner une note par rapport \u00e0 un but ou une<br \/>\naction. Tous les joueurs ont r\u00e9alis\u00e9 un match de haut niveau, y<br \/>\ncompris\u00a0<strong>Barcola<\/strong>.\u00a0\u00bb<\/p>\n<p>Mikel Arteta a<br \/>\nalign\u00e9 neuf des onze joueurs qui ont jou\u00e9 contre le PSG, vous un<br \/>\nseul. Quelle est la meilleure strat\u00e9gie ?<\/p>\n<p>\u00ab\u00a0Chacun a sa mani\u00e8re de g\u00e9rer son effectif, chacun a<br \/>\nun calendrier diff\u00e9rent, une situation diff\u00e9rente. Les situations<br \/>\nautour d\u2019<strong>Arsenal<\/strong> et du <strong>PSG<\/strong> sont<br \/>\ndiff\u00e9rentes. Je ne sais pas ce qui est le mieux.\u00a0<strong>Mikel<br \/>\nArteta<\/strong>\u00a0a sa mani\u00e8re, <strong>Luis Enrique<\/strong> a<br \/>\nla sienne. Je n\u2019ai rien \u00e0 ajouter \u00e0 ce sujet. Il faut ajuster en<br \/>\nfonction du calendrier, des matchs que nous avons. Maintenant on va<br \/>\nvoir \u00e0 qui cela va b\u00e9n\u00e9ficier.\u00a0\u00bb<\/p>\n<p>A voir aussi : <a href=\"https:\/\/canal-supporters.com\/avant-le-psg-arsenal-sincline-contre-bournemouth\/\" title=\"\" target=\"_blank\" rel=\"noopener\">Avant le PSG, Arsenal s\u2019incline contre Bournemouth<\/a><\/p>\n<p><a href=\"https:\/\/x.com\/CanalSupporters\" target=\"_blank\" rel=\"noopener\" title=\"\">canalsupporters.com<\/a><\/p>\n<p>Des nouvelles de<br \/>\nLee Kang-in ?<\/p>\n<p>\u00ab\u00a0Il s\u2019est pris un coup au tibia. Cela ne me semble pas<br \/>\ngrave.\u00a0\u00bb<\/p><\/p>\n","protected":false},"excerpt":{"rendered":"Ce samedi apr\u00e8s-midi, le PSG s\u2019est inclin\u00e9 contre Strasbourg en Ligue 1. En conf\u00e9rence de presse, Luis Enrique&hellip;\n","protected":false},"author":2,"featured_media":73312,"comment_status":"","ping_status":"","sticky":false,"template":"","format":"standard","meta":{"footnotes":""},"categories":[2],"tags":[11166,11,5357,11530,12460,9707,786,81,448,1153,787,11170,17705,4479,1011,27,5047,789,5048,5049,66,1611,447,921,11532,12,2334,626,91,92,93,11171,11172,11173,11174,11175,25,11176,796,96],"class_list":{"0":"post-73311","1":"post","2":"type-post","3":"status-publish","4":"format-standard","5":"has-post-thumbnail","7":"category-actualites","8":"tag-32e-journee","9":"tag-actualites","10":"tag-arsenal","11":"tag-arteta","12":"tag-barcola","13":"tag-bradley-barcola","14":"tag-c1","15":"tag-canal-supporters","16":"tag-champions-league","17":"tag-conference-de-presse","18":"tag-cs","19":"tag-demi-finale","20":"tag-demi-finale-retour","21":"tag-enrique","22":"tag-fr","23":"tag-france","24":"tag-kang-in-lee","25":"tag-ldc","26":"tag-lee","27":"tag-lee-kang-in","28":"tag-ligue-1","29":"tag-ligue-1-macdonalds","30":"tag-ligue-des-champions","31":"tag-luis-enrique","32":"tag-mikel-arteta","33":"tag-news","34":"tag-parc-des-princes","35":"tag-paris","36":"tag-paris-saint-germain","37":"tag-paris-sg","38":"tag-psg","39":"tag-psg-ars","40":"tag-psg-arsenal","41":"tag-psgars","42":"tag-rcsa-psg","43":"tag-rcsapsg","44":"tag-republique-francaise","45":"tag-strasbourg-psg","46":"tag-uefa-champions-league","47":"tag-une"},"share_on_mastodon":{"url":"","error":"Validation failed: Text character limit of 500 exceeded"},"_links":{"self":[{"href":"https:\/\/www.europesays.com\/fr\/wp-json\/wp\/v2\/posts\/73311","targetHints":{"allow":["GET"]}}],"collection":[{"href":"https:\/\/www.europesays.com\/fr\/wp-json\/wp\/v2\/posts"}],"about":[{"href":"https:\/\/www.europesays.com\/fr\/wp-json\/wp\/v2\/types\/post"}],"author":[{"embeddable":true,"href":"https:\/\/www.europesays.com\/fr\/wp-json\/wp\/v2\/users\/2"}],"replies":[{"embeddable":true,"href":"https:\/\/www.europesays.com\/fr\/wp-json\/wp\/v2\/comments?post=73311"}],"version-history":[{"count":0,"href":"https:\/\/www.europesays.com\/fr\/wp-json\/wp\/v2\/posts\/73311\/revisions"}],"wp:featuredmedia":[{"embeddable":true,"href":"https:\/\/www.europesays.com\/fr\/wp-json\/wp\/v2\/media\/73312"}],"wp:attachment":[{"href":"https:\/\/www.europesays.com\/fr\/wp-json\/wp\/v2\/media?parent=73311"}],"wp:term":[{"taxonomy":"category","embeddable":true,"href":"https:\/\/www.europesays.com\/fr\/wp-json\/wp\/v2\/categories?post=73311"},{"taxonomy":"post_tag","embeddable":true,"href":"https:\/\/www.europesays.com\/fr\/wp-json\/wp\/v2\/tags?post=73311"}],"curies":[{"name":"wp","href":"https:\/\/api.w.org\/{rel}","templated":true}]}}