{"id":73317,"date":"2025-05-04T03:19:11","date_gmt":"2025-05-04T03:19:11","guid":{"rendered":"https:\/\/www.europesays.com\/fr\/73317\/"},"modified":"2025-05-04T03:19:11","modified_gmt":"2025-05-04T03:19:11","slug":"en-video-le-succes-de-bath-qui-se-hisse-en-finale-et-attend-lyon-ou-le-racing-92","status":"publish","type":"post","link":"https:\/\/www.europesays.com\/fr\/73317\/","title":{"rendered":"en vid\u00e9o, le succ\u00e8s de Bath qui se hisse en finale et attend Lyon ou le Racing 92"},"content":{"rendered":"<p>Le leader du championnat anglais s\u2019est qualifi\u00e9 pour la finale de la petite Coupe d\u2019Europe et conna\u00eetra son adversaire fran\u00e7ais dimanche apr\u00e8s-midi.<\/p>\n<p class=\"fig-paragraph\">Le club de Bath s\u2019est qualifi\u00e9 samedi pour la finale de la Challenge Cup, la petite Coupe d\u2019Europe de rugby, en s\u2019imposant samedi face \u00e0 \u00c9dimbourg (24-39) en demi-finale. La formation du flanker anglais\u00a0<a href=\"https:\/\/www.lefigaro.fr\/sports\/rugby\/coupe-du-monde-2019\/actualites\/angleterre-curry-et-underhill-les-chiens-fous-d-eddie-jones-978178\" data-fig-type=\"Article\" data-gtm-custom-categorie=\"navigation\" data-gtm-custom-action=\"crossclick\" data-gtm-custom-label=\"Contextuel\" data-gtm-event=\"customEventSPE\" data-fig-domain=\"LEFIGARO\" target=\"_blank\" rel=\"noopener\">Sam Underhill<\/a>\u00a0et de l\u2019ouvreur \u00e9cossais\u00a0<a href=\"http:\/\/www.lefigaro.fr\/flash-actu\/six-nations-finn-russell-et-l-ecosse-esperent-jouer-les-trouble-fetes-au-stade-de-france-20250314\" data-fig-type=\"NewsFlash\" data-gtm-custom-categorie=\"navigation\" data-gtm-custom-action=\"crossclick\" data-gtm-custom-label=\"Contextuel\" data-gtm-event=\"customEventSPE\" data-fig-domain=\"LEFIGARO\" target=\"_blank\" rel=\"noopener\">Finn Russell<\/a>, large leader de la Premiership anglaise, a inscrit six essais, dont un doubl\u00e9 du talonneur Tom Dunn. Les \u00c9cossais, qui disputaient leur premi\u00e8re demi-finale continentale, ont eux marqu\u00e9 trois essais et ont c\u00e9d\u00e9 en fin de match.<\/p>\n<p class=\"fig-paragraph\">Vainqueur de la grande Coupe d\u2019Europe en 1998 et de la petite en 2008, Bath affrontera en finale, le vendredi 23 mai au Principality Stadium, le vainqueur du choc franco-fran\u00e7ais entre Lyon et le Racing 92, qui a lieu dimanche (13h30) \u00e0 Gerland.<\/p><\/p>\n","protected":false},"excerpt":{"rendered":"Le leader du championnat anglais s\u2019est qualifi\u00e9 pour la finale de la petite Coupe d\u2019Europe et conna\u00eetra son&hellip;\n","protected":false},"author":2,"featured_media":73318,"comment_status":"","ping_status":"","sticky":false,"template":"","format":"standard","meta":{"footnotes":""},"categories":[1416],"tags":[3463,525,2211,1089,814,2396,17717,1011,27,3462,955,2411,3464,2311,1980,479,1468,2259,60,2310,2312],"class_list":{"0":"post-73317","1":"post","2":"type-post","3":"status-publish","4":"format-standard","5":"has-post-thumbnail","7":"category-rugby","8":"tag-biarritz","9":"tag-calendrier","10":"tag-championnat-deurope","11":"tag-coupe-deurope","12":"tag-direct","13":"tag-finale","14":"tag-finn-russell","15":"tag-fr","16":"tag-france","17":"tag-leinster","18":"tag-match","19":"tag-munster","20":"tag-perpignan","21":"tag-racing","22":"tag-resultats","23":"tag-rugby","24":"tag-rugby-football","25":"tag-score","26":"tag-sports","27":"tag-toulon","28":"tag-toulouse"},"share_on_mastodon":{"url":"https:\/\/pubeurope.com\/@fr\/114447408477131921","error":""},"_links":{"self":[{"href":"https:\/\/www.europesays.com\/fr\/wp-json\/wp\/v2\/posts\/73317","targetHints":{"allow":["GET"]}}],"collection":[{"href":"https:\/\/www.europesays.com\/fr\/wp-json\/wp\/v2\/posts"}],"about":[{"href":"https:\/\/www.europesays.com\/fr\/wp-json\/wp\/v2\/types\/post"}],"author":[{"embeddable":true,"href":"https:\/\/www.europesays.com\/fr\/wp-json\/wp\/v2\/users\/2"}],"replies":[{"embeddable":true,"href":"https:\/\/www.europesays.com\/fr\/wp-json\/wp\/v2\/comments?post=73317"}],"version-history":[{"count":0,"href":"https:\/\/www.europesays.com\/fr\/wp-json\/wp\/v2\/posts\/73317\/revisions"}],"wp:featuredmedia":[{"embeddable":true,"href":"https:\/\/www.europesays.com\/fr\/wp-json\/wp\/v2\/media\/73318"}],"wp:attachment":[{"href":"https:\/\/www.europesays.com\/fr\/wp-json\/wp\/v2\/media?parent=73317"}],"wp:term":[{"taxonomy":"category","embeddable":true,"href":"https:\/\/www.europesays.com\/fr\/wp-json\/wp\/v2\/categories?post=73317"},{"taxonomy":"post_tag","embeddable":true,"href":"https:\/\/www.europesays.com\/fr\/wp-json\/wp\/v2\/tags?post=73317"}],"curies":[{"name":"wp","href":"https:\/\/api.w.org\/{rel}","templated":true}]}}