{"id":73319,"date":"2025-05-04T03:20:10","date_gmt":"2025-05-04T03:20:10","guid":{"rendered":"https:\/\/www.europesays.com\/fr\/73319\/"},"modified":"2025-05-04T03:20:10","modified_gmt":"2025-05-04T03:20:10","slug":"atp-stan-wawrinka-rend-hommage-a-son-ange-gardien-cest-grace-a-lui-que-jai-pu-atteindre-de-tels-niveaux-physiques-et-tennistiques-davoir-pu-gagner-des-grands-chelems-davoir-pu-aller-cherc","status":"publish","type":"post","link":"https:\/\/www.europesays.com\/fr\/73319\/","title":{"rendered":"ATP > Stan Wawrinka rend hommage \u00e0 son \u00ab\u00a0ange gardien\u00a0\u00bb : \u00ab\u00a0C&rsquo;est gr\u00e2ce \u00e0 lui que j&rsquo;ai pu atteindre de tels niveaux physiques et tennistiques, d&rsquo;avoir pu gagner des Grands Chelems, d&rsquo;avoir pu aller chercher des joueurs comme Djokovic en finale de ces tournois\u00a0\u00bb"},"content":{"rendered":"<p>Au cours de sa longue et int\u00e9\u00adres\u00adsante inter\u00adview accord\u00e9e \u00e0 nos confr\u00e8res d\u2019<a href=\"https:\/\/www.eurosport.fr\/tennis\/interview-de-stanislas-wawrinka-gagner-des-grands-chelems-ca-faisait-partie-des-reves-inatteignables_sto23176627\/story.shtml\" data-wpel-link=\"external\" target=\"_blank\" rel=\"nofollow external noopener\">Eurosport<\/a>, Stan Wawrinka, qui a abord\u00e9 de nombreux sujets, a tenu \u00e0 rendre hommage \u00e0 un homme qui a \u00e9nor\u00adm\u00e9\u00adment compt\u00e9 dans sa carri\u00e8re, son pr\u00e9pa\u00adra\u00adteur physique, Pierre Paganini, qui travaillait \u00e9gale\u00adment avec Roger Federer.\u00a0<\/p>\n<blockquote class=\"instagram-media\" data-instgrm-captioned=\"\" data-instgrm-permalink=\"https:\/\/www.instagram.com\/reel\/C8R7FzUMN4d\/?utm_source=ig_embed&amp;utm_campaign=loading\" data-instgrm-version=\"14\" style=\" background:#FFF; border:0; border-radius:3px; box-shadow:0 0 1px 0 rgba(0,0,0,0.5),0 1px 10px 0 rgba(0,0,0,0.15); margin: 1px; max-width:540px; min-width:326px; padding:0; width:99.375%; width:-webkit-calc(100% - 2px); width:calc(100% - 2px);\"\/>\n<p><strong>\u00ab\u202fPour moi, Pierre, c\u2019est vrai\u00adment une chance incroyable de l\u2019avoir encore et de l\u2019avoir eu toutes ces ann\u00e9es. C\u2019est gr\u00e2ce \u00e0 lui que j\u2019ai pu atteindre de tels niveaux physiques et tennis\u00adtiques, d\u2019avoir pu gagner des Grands Chelems, d\u2019avoir pu aller cher\u00adcher des joueurs comme Novak en finale de ces tour\u00adnois. C\u2019est vrai que j\u2019ai eu cette chance de commencer t\u00f4t avec lui, et il a toujours eu la vision du long terme aussi, de ne pas trop jouer de tour\u00adnois toutes ces ann\u00e9es, de plani\u00adfier, d\u2019avoir des blocs d\u2019en\u00adtra\u00ee\u00adne\u00adment aussi durant l\u2019ann\u00e9e. \u00c7a me co\u00fbtait de ne pas pouvoir jouer d\u2019autres tour\u00adnois, \u00e7a me co\u00fbtait que d\u2019autres joueurs de mon \u00e2ge soient un peu devant au clas\u00adse\u00adment parce qu\u2019ils jouaient plus de tour\u00adnois chaque ann\u00e9e. Mais dans notre \u00e9quipe, on a toujours construit sur le long terme. Pierre a toujours eu la convic\u00adtion que j\u2019at\u00adtein\u00addrais mon top physi\u00adque\u00adment et tennis\u00adti\u00adque\u00adment un peu plus tard, \u00e0 27, 28, 29 ans. Il a eu raison.\u202f\u00bb<\/strong><\/p>\n<p class=\"post-published-date\" style=\"color: silver; font-size: 75%; text-align: left;\">Publi\u00e9 le samedi 3 mai 2025 \u00e0 17:51<\/p>\n<p><script async src=\"\/\/www.instagram.com\/embed.js\"><\/script><\/p>\n","protected":false},"excerpt":{"rendered":"Au cours de sa longue et int\u00e9\u00adres\u00adsante inter\u00adview accord\u00e9e \u00e0 nos confr\u00e8res d\u2019Eurosport, Stan Wawrinka, qui a abord\u00e9&hellip;\n","protected":false},"author":2,"featured_media":73320,"comment_status":"","ping_status":"","sticky":false,"template":"","format":"standard","meta":{"footnotes":""},"categories":[1415],"tags":[105,2199,1011,27,60,1754,1467],"class_list":{"0":"post-73319","1":"post","2":"type-post","3":"status-publish","4":"format-standard","5":"has-post-thumbnail","7":"category-tennis","8":"tag-djokovic","9":"tag-federer","10":"tag-fr","11":"tag-france","12":"tag-sports","13":"tag-stan-wawrinka","14":"tag-tennis"},"share_on_mastodon":{"url":"https:\/\/pubeurope.com\/@fr\/114447412249523409","error":""},"_links":{"self":[{"href":"https:\/\/www.europesays.com\/fr\/wp-json\/wp\/v2\/posts\/73319","targetHints":{"allow":["GET"]}}],"collection":[{"href":"https:\/\/www.europesays.com\/fr\/wp-json\/wp\/v2\/posts"}],"about":[{"href":"https:\/\/www.europesays.com\/fr\/wp-json\/wp\/v2\/types\/post"}],"author":[{"embeddable":true,"href":"https:\/\/www.europesays.com\/fr\/wp-json\/wp\/v2\/users\/2"}],"replies":[{"embeddable":true,"href":"https:\/\/www.europesays.com\/fr\/wp-json\/wp\/v2\/comments?post=73319"}],"version-history":[{"count":0,"href":"https:\/\/www.europesays.com\/fr\/wp-json\/wp\/v2\/posts\/73319\/revisions"}],"wp:featuredmedia":[{"embeddable":true,"href":"https:\/\/www.europesays.com\/fr\/wp-json\/wp\/v2\/media\/73320"}],"wp:attachment":[{"href":"https:\/\/www.europesays.com\/fr\/wp-json\/wp\/v2\/media?parent=73319"}],"wp:term":[{"taxonomy":"category","embeddable":true,"href":"https:\/\/www.europesays.com\/fr\/wp-json\/wp\/v2\/categories?post=73319"},{"taxonomy":"post_tag","embeddable":true,"href":"https:\/\/www.europesays.com\/fr\/wp-json\/wp\/v2\/tags?post=73319"}],"curies":[{"name":"wp","href":"https:\/\/api.w.org\/{rel}","templated":true}]}}