{"id":73325,"date":"2025-05-04T03:24:13","date_gmt":"2025-05-04T03:24:13","guid":{"rendered":"https:\/\/www.europesays.com\/fr\/73325\/"},"modified":"2025-05-04T03:24:13","modified_gmt":"2025-05-04T03:24:13","slug":"toby-chatonnet-jetais-cuit-actualite","status":"publish","type":"post","link":"https:\/\/www.europesays.com\/fr\/73325\/","title":{"rendered":"Toby Chatonnet : \u00ab J\u2019\u00e9tais cuit \u00bb &#8211; Actualit\u00e9"},"content":{"rendered":"<p style=\"text-align: justify;\"><strong>Quatri\u00e8me podium et neuvi\u00e8me Top 10 cette saison pour Toby Chatonnet. Cette fois-ci, c\u2019est face \u00e0 pratiquement tous les meilleurs coureurs amateurs, en Coupe de France N1, qu\u2019il a d\u00e9croch\u00e9 ce nouveau tr\u00e8s bon r\u00e9sultat lors du Grand Prix de la Sologne des Etangs, dans le Loir-et-Cher (<a href=\"https:\/\/www.directvelo.com\/actualite\/120394\/grand-prix-de-la-sologne-des-etangs-classement\" target=\"_blank\" rel=\"noopener\">voir classement<\/a>). Au pied du podium protocolaire, DirectVelo a recueilli la r\u00e9action du coureur du Team Bricquebec Cotentin, tr\u00e8s satisfait de ce r\u00e9sultat sur un circuit qui, selon ses dires, n\u2019\u00e9tait pas franchement taill\u00e9 pour ses qualit\u00e9s. Entretien avec le dernier\u00a0vainqueur de la Fl\u00e8che de Locmin\u00e9.\u00a0<br \/>DirectVelo : Quel est le sentiment qui domine apr\u00e8s ce podium ?<br \/>Toby Chatonnet : Je suis fatigu\u00e9, vraiment fatigu\u00e9 (rire). Ce n\u2019\u00e9tait pas un circuit qui me convenait tr\u00e8s bien, ce n\u2019\u00e9tait pas l\u2019id\u00e9al pour mon gabarit. Mais c\u2019est tr\u00e8s bien d\u2019aller chercher ce r\u00e9sultat, je pense qu\u2019il va me falloir le temps de r\u00e9cup\u00e9rer pour pleinement r\u00e9aliser et appr\u00e9cier cette performance car c\u2019est tr\u00e8s bien.<br \/>\u00ab J\u2019AI LAISS\u00c9 DES CARTOUCHES \u00bb <br \/>Quel \u00e9tait le plan de l\u2019\u00e9quipe aujourd\u2019hui ?<br \/>On visait un sprint massif pour Alexis Robert. De mon c\u00f4t\u00e9, j\u2019avais envie de faire la course \u00e0 l\u2019avant, comme je n\u2019\u00e9tais pas la carte ma\u00eetresse de l\u2019\u00e9quipe. J\u2019avais un r\u00f4le diff\u00e9rent de ce que j\u2019ai connu jusque-l\u00e0 cette saison. Je suis all\u00e9 faire le sprint en cours de route pour prendre des points, d\u00e9j\u00e0. C\u2019\u00e9tait chaud avec Camille Charret qui allait assez vite. J\u2019ai laiss\u00e9 des cartouches pour le sprint final, j\u2019\u00e9tais cuit sur la fin mais \u00e7a s\u2019est quand m\u00eame bien termin\u00e9 gr\u00e2ce \u00e0 ma pointe de vitesse. Je pense que l\u2019\u00e9quipe est satisfaite. C\u2019est un bon r\u00e9sultat pour nous. <br \/>As-tu \u00e9t\u00e9 surpris par le sc\u00e9nario de la course ?<br \/>J\u2019avais fait le calcul et j\u2019avais r\u00e9alis\u00e9 qu\u2019il ne manquait que quatre \u00e9quipes. Je me doutais que \u00e7a allait \u00eatre dur \u00e0 contr\u00f4ler pour les \u00e9quipes manquantes comme Dinan ou Loud\u00e9ac\u00a0et donc que \u00e7a irait loin, m\u00eame si je crois que les LockImmo ont roul\u00e9 tout de suite. On a creus\u00e9 l\u2019\u00e9cart puis on a perdu un peu de temps avant de rejoindre le circuit final, alors on a relanc\u00e9 la machine et l\u00e0, c\u2019\u00e9tait bon. Sur la fin de course, j\u2019en ai fait le moins possible car j\u2019\u00e9tais cuit apr\u00e8s en avoir fait beaucoup pendant toute la course. J\u2019aurais pr\u00e9f\u00e9r\u00e9 que \u00e7a rentre derri\u00e8re pour Alexis (Robert, NDLR), je savais qu\u2019il allait \u00eatre compliqu\u00e9 de gagner.<br \/>\u00ab JE SUIS BEAUCOUP PLUS FORT QUE JE NE L&rsquo;\u00c9TAIS AUPARAVANT \u00bb <br \/>Comment as-tu g\u00e9r\u00e9 les tous derniers kilom\u00e8tres apr\u00e8s avoir compris que \u00e7a ne rentrerait pas ?<br \/>Je voulais attaquer. Plusieurs coureurs ont tent\u00e9 mais tout le monde \u00e9tait bien entam\u00e9 et le parcours n\u2019\u00e9tait pas favorable pour sortir, alors j\u2019ai compris qu\u2019il valait mieux jouer le coup au sprint. J\u2019ai pris la roue de (Lucas) Mainguenaud car je connais sa pointe de vitesse, je savais qu\u2019il avait gagn\u00e9 aux Plages vend\u00e9ennes. Je n\u2019oubliais pas Guillaume Adam non plus, mon ancien co\u00e9quipier. Pour les d\u00e9tails du sprint, tout va tellement vite que je ne m&rsquo;en rappelle m\u00eame plus trop (sourire). En tout cas, c\u2019est bien pour l\u2019\u00e9quipe, on monte \u00e0 la quatri\u00e8me place du g\u00e9n\u00e9ral. On esp\u00e8re rester en haut pour avoir un maximum de places au Championnat de France. <br \/>Tu restais sur une, d\u00e9j\u00e0, 3e place au Circuit du Men\u00e9 il y a deux semaines !<br \/>Je viens juste de faire ma coupure, c\u2019est pour \u00e7a que je n\u2019ai pas couru le week-end dernier. C\u2019est le d\u00e9but de mon deuxi\u00e8me cycle de la saison. C\u2019est d\u2019ailleurs pour \u00e7a que je voulais prendre l\u2019\u00e9chapp\u00e9e. Je prenais cette journ\u00e9e avant tout comme une course de reprise alors faire 3e, c\u2019est la cerise sur le g\u00e2teau. Je sens que j\u2019ai pass\u00e9 un cran cette ann\u00e9e, je suis beaucoup plus fort que je ne l\u2019\u00e9tais auparavant. Je me sens bien dans l\u2019\u00e9quipe \u00e9galement et je ne fais que du v\u00e9lo cette ann\u00e9e apr\u00e8s avoir valid\u00e9 ma Licence en STAPS. C\u2019est forc\u00e9ment plus simple. J\u2019ai plusieurs courses en t\u00eate dont le Championnat de France, forc\u00e9ment. C\u2019est la plus belle course de l\u2019ann\u00e9e. Je pense que le circuit peut me convenir. <\/strong><\/p>\n","protected":false},"excerpt":{"rendered":"Quatri\u00e8me podium et neuvi\u00e8me Top 10 cette saison pour Toby Chatonnet. Cette fois-ci, c\u2019est face \u00e0 pratiquement tous&hellip;\n","protected":false},"author":2,"featured_media":73326,"comment_status":"","ping_status":"","sticky":false,"template":"","format":"standard","meta":{"footnotes":""},"categories":[1411],"tags":[834,828,836,829,837,827,83,826,824,823,1154,207,814,817,815,816,822,821,832,211,839,1011,27,820,818,819,835,831,830,833,838,60,212,208,825],"class_list":{"0":"post-73325","1":"post","2":"type-post","3":"status-publish","4":"format-standard","5":"has-post-thumbnail","7":"category-cyclisme","8":"tag-attaque","9":"tag-belgique","10":"tag-braquet","11":"tag-bretagne","12":"tag-chute","13":"tag-competition","14":"tag-coupe-de-france","15":"tag-coureur","16":"tag-course-cyclisme","17":"tag-course-cycliste","18":"tag-cycling","19":"tag-cyclisme","20":"tag-direct","21":"tag-direct-velo","22":"tag-directvelo","23":"tag-directvelo-com","24":"tag-epreuve","25":"tag-epreuve-cycliste","26":"tag-federation-francaise-de-cyclisme","27":"tag-ffc","28":"tag-flandres","29":"tag-fr","30":"tag-france","31":"tag-live","32":"tag-live-course","33":"tag-live-epreuve","34":"tag-peloton","35":"tag-radio-peloton","36":"tag-radio-tour","37":"tag-ravitaillement","38":"tag-relance","39":"tag-sports","40":"tag-uci","41":"tag-velo","42":"tag-velos"},"share_on_mastodon":{"url":"https:\/\/pubeurope.com\/@fr\/114447428039480048","error":""},"_links":{"self":[{"href":"https:\/\/www.europesays.com\/fr\/wp-json\/wp\/v2\/posts\/73325","targetHints":{"allow":["GET"]}}],"collection":[{"href":"https:\/\/www.europesays.com\/fr\/wp-json\/wp\/v2\/posts"}],"about":[{"href":"https:\/\/www.europesays.com\/fr\/wp-json\/wp\/v2\/types\/post"}],"author":[{"embeddable":true,"href":"https:\/\/www.europesays.com\/fr\/wp-json\/wp\/v2\/users\/2"}],"replies":[{"embeddable":true,"href":"https:\/\/www.europesays.com\/fr\/wp-json\/wp\/v2\/comments?post=73325"}],"version-history":[{"count":0,"href":"https:\/\/www.europesays.com\/fr\/wp-json\/wp\/v2\/posts\/73325\/revisions"}],"wp:featuredmedia":[{"embeddable":true,"href":"https:\/\/www.europesays.com\/fr\/wp-json\/wp\/v2\/media\/73326"}],"wp:attachment":[{"href":"https:\/\/www.europesays.com\/fr\/wp-json\/wp\/v2\/media?parent=73325"}],"wp:term":[{"taxonomy":"category","embeddable":true,"href":"https:\/\/www.europesays.com\/fr\/wp-json\/wp\/v2\/categories?post=73325"},{"taxonomy":"post_tag","embeddable":true,"href":"https:\/\/www.europesays.com\/fr\/wp-json\/wp\/v2\/tags?post=73325"}],"curies":[{"name":"wp","href":"https:\/\/api.w.org\/{rel}","templated":true}]}}