{"id":73337,"date":"2025-05-04T03:31:28","date_gmt":"2025-05-04T03:31:28","guid":{"rendered":"https:\/\/www.europesays.com\/fr\/73337\/"},"modified":"2025-05-04T03:31:28","modified_gmt":"2025-05-04T03:31:28","slug":"la-chouette-dor-la-solution-est-desormais-connue","status":"publish","type":"post","link":"https:\/\/www.europesays.com\/fr\/73337\/","title":{"rendered":"La Chouette d&rsquo;Or : la solution est d\u00e9sormais connue"},"content":{"rendered":"<p><img decoding=\"async\" class=\"\" style=\"width:100%\" src=\"https:\/\/www.europesays.com\/fr\/wp-content\/uploads\/2025\/05\/Chouette_d_Or_documentaire_affiche1746258812285.jpg\" alt=\"Chouette d'Or - affiche du documentaire\"\/><\/p>\n<p>Chouette d&rsquo;Or &#8211; affiche du documentaire<\/p>\n<p>Cr\u00e9dit : Yann Launay<\/p>\n<p>C&rsquo;\u00e9tait en 1993 : R\u00e9gis Hauser enterrait quelque part en France une petite chouette en bronze, \u00e0 \u00e9changer contre une chouette en or d&rsquo;une valeur d&rsquo;un million de francs, \u00e0 l&rsquo;\u00e9poque. Pour la trouver, il fallait r\u00e9soudre onze \u00e9nigmes. Ce qu&rsquo;ont r\u00e9ussi deux \u00ab\u00a0chouetteurs\u00a0\u00bb, en octobre dernier. Le lieu de la d\u00e9couverte et la solution d\u00e9taill\u00e9e sont pr\u00e9sent\u00e9s dans un documentaire, projet\u00e9 ce week-end dans plusieurs dizaines de salles en France.<\/p>\n<blockquote><p>\nLe \u00ab\u00a0tr\u00e9sor\u00a0\u00bb \u00e9tait enterr\u00e9 en Moselle\n<\/p><\/blockquote>\n<p>Au final, pas de grosse surprise : la contremarque \u00e9tait bien dans la commune de Dabo, en Moselle, ce dont de nombreux chouetteurs \u00e9taient convaincus de longue date.<\/p>\n<p>Fascin\u00e9 par cette chasse au tr\u00e9sor, Samuel \u00e9tait hier soir \u00e0 la s\u00e9ance organis\u00e9e au M\u00e9ga CGR de Lanester, dans le Morbihan.<strong> <\/strong><strong>\u00ab\u00a0La solution est bien construite, pas trop \u00e9vidente mais quand m\u00eame r\u00e9alisable. <\/strong>Cela avait \u00e9t\u00e9 trouv\u00e9 par une partie, mais il y en a plein d&rsquo;autres qui avaient trouv\u00e9 d&rsquo;autres solutions qui auraient pu \u00eatre possibles&#8230;<\/p>\n<blockquote><p>\nLe g\u00e9nie de construire cette qu\u00eate avant Internet\n<\/p><\/blockquote>\n<p><strong>D&rsquo;autres histoires ont \u00e9t\u00e9 racont\u00e9es sur cette qu\u00eate, et qui sont peut-\u00eatre parfois plus belles que la vraie solution. Il ne faut pas les mettre de c\u00f4t\u00e9 et il y a aussi cette histoire autour du parcours des \u00ab\u00a0chouetteurs\u00a0\u00bb&#8230; <\/strong>Apr\u00e8s, est-ce que c&rsquo;\u00e9tait si \u00e9vident ? Non, il y avait aussi des fausses pistes. Il a eu vraiment le g\u00e9nie de construire quelque chose avant Internet et que cela r\u00e9siste \u00e0 Internet.\u00a0\u00bb<\/p>\n<p><strong>Les deux d\u00e9couvreurs de la chouette d&rsquo;or ont choisi de garder l&rsquo;anonymat et disent avoir refus\u00e9 une offre de 300 000 euros pour la sculpture.<\/strong><\/p>\n<blockquote><p>\nUne nouvelle chasse au tr\u00e9sor, internationale\n<\/p><\/blockquote>\n<p>Une nouvelle chasse au tr\u00e9sor va d\u00e9marrer, \u00e0 partir de la commune de Dabo. Cette fois pour trouver une chouette en or cristal, actuellement en cours de fabrication. L&rsquo;organisateur n&rsquo;est pas le cr\u00e9ateur de la premi\u00e8re chasse, d\u00e9c\u00e9d\u00e9 en 2009, mais l&rsquo;artiste qui avait cr\u00e9\u00e9 les illustrations, Michel Becker. Il pr\u00e9cise que cette qu\u00eate sera cette fois internationale.<\/p>\n<p><strong>La chouette ne sera pas forc\u00e9ment cach\u00e9e en France, mais les \u00e9nigmes seront calibr\u00e9es pour r\u00e9sister un peu moins longtemps.<\/strong> Alors ceux qui se sont passionn\u00e9s pour la premi\u00e8re qu\u00eate sont-il pr\u00eats \u00e0 rempiler ? \u00ab\u00a0Cela donne envie, il faut acheter le bouquin pour savoir quelle est l&rsquo;\u00e9nigme parce que ce n&rsquo;est pas dans le documentaire&#8230; Il faut voir, et si on a envie de se lancer dans un truc qui peut nous donner un fil de loisir sur plusieurs ann\u00e9es, je pense que \u00e7a peut \u00eatre tr\u00e8s int\u00e9ressant et dans la m\u00eame lign\u00e9e que la premi\u00e8re \u00e9nigme&#8230; C&rsquo;est un choix de vie au final, c&rsquo;est enrichissant mais ce ne sera pas pour moi.\u00a0\u00bb<\/p>\n<p>La nouvelle qu\u00eate devrait d\u00e9marrer dans quelques semaines, d\u00e9but juin.<\/p>\n<p>D&rsquo;autres <a href=\"https:\/\/la-decouverte-de-la-chouette-d-or.lefilm.co\/map\/#map\" rel=\"noopener\" target=\"_blank\">s\u00e9ances<\/a> pour voir le documentaire sont programm\u00e9es ce samedi comme \u00e0 Guingamp, Saumur ou Saint-Nazaire.<a href=\"Les cin\u00e9mas https:\/\/la-decouverte-de-la-chouette-d-or.lefilm.co\/map\/#map\" rel=\"noopener\" target=\"_blank\"\/><\/p>\n","protected":false},"excerpt":{"rendered":"Chouette d&rsquo;Or &#8211; affiche du documentaire Cr\u00e9dit : Yann Launay C&rsquo;\u00e9tait en 1993 : R\u00e9gis Hauser enterrait quelque&hellip;\n","protected":false},"author":2,"featured_media":73338,"comment_status":"","ping_status":"","sticky":false,"template":"","format":"standard","meta":{"footnotes":""},"categories":[1354],"tags":[17149,17720,58,59,1346,1011,27,6349,1781,1360],"class_list":{"0":"post-73337","1":"post","2":"type-post","3":"status-publish","4":"format-standard","5":"has-post-thumbnail","7":"category-films","8":"tag-chasse-au-tresor","9":"tag-chouette","10":"tag-divertissement","11":"tag-entertainment","12":"tag-films","13":"tag-fr","14":"tag-france","15":"tag-lanester","16":"tag-lorient","17":"tag-movies"},"share_on_mastodon":{"url":"https:\/\/pubeurope.com\/@fr\/114447455591471458","error":""},"_links":{"self":[{"href":"https:\/\/www.europesays.com\/fr\/wp-json\/wp\/v2\/posts\/73337","targetHints":{"allow":["GET"]}}],"collection":[{"href":"https:\/\/www.europesays.com\/fr\/wp-json\/wp\/v2\/posts"}],"about":[{"href":"https:\/\/www.europesays.com\/fr\/wp-json\/wp\/v2\/types\/post"}],"author":[{"embeddable":true,"href":"https:\/\/www.europesays.com\/fr\/wp-json\/wp\/v2\/users\/2"}],"replies":[{"embeddable":true,"href":"https:\/\/www.europesays.com\/fr\/wp-json\/wp\/v2\/comments?post=73337"}],"version-history":[{"count":0,"href":"https:\/\/www.europesays.com\/fr\/wp-json\/wp\/v2\/posts\/73337\/revisions"}],"wp:featuredmedia":[{"embeddable":true,"href":"https:\/\/www.europesays.com\/fr\/wp-json\/wp\/v2\/media\/73338"}],"wp:attachment":[{"href":"https:\/\/www.europesays.com\/fr\/wp-json\/wp\/v2\/media?parent=73337"}],"wp:term":[{"taxonomy":"category","embeddable":true,"href":"https:\/\/www.europesays.com\/fr\/wp-json\/wp\/v2\/categories?post=73337"},{"taxonomy":"post_tag","embeddable":true,"href":"https:\/\/www.europesays.com\/fr\/wp-json\/wp\/v2\/tags?post=73337"}],"curies":[{"name":"wp","href":"https:\/\/api.w.org\/{rel}","templated":true}]}}