{"id":733389,"date":"2026-02-14T06:17:12","date_gmt":"2026-02-14T06:17:12","guid":{"rendered":"https:\/\/www.europesays.com\/fr\/733389\/"},"modified":"2026-02-14T06:17:12","modified_gmt":"2026-02-14T06:17:12","slug":"paris-fc-lens-a-quelle-heure-et-sur-quelle-chaine-tv-voir-le-match-de-la-22e-journee-de-ligue-1","status":"publish","type":"post","link":"https:\/\/www.europesays.com\/fr\/733389\/","title":{"rendered":"Paris FC &#8211; Lens : \u00e0 quelle heure et sur quelle cha\u00eene TV voir le match de la 22e journ\u00e9e de Ligue 1 ?"},"content":{"rendered":"<p class=\"paragraph text_align_left lp-f-body-02\">Le <a href=\"https:\/\/www.leparisien.fr\/sports\/football\/paris-fc\/\" target=\"_blank\" rel=\"noreferrer nofollow noopener\">Paris FC <\/a>va-t-il donner un sacr\u00e9 coup de pouce \u00e0 son voisin parisien ? Tandis que le <a href=\"https:\/\/www.leparisien.fr\/sports\/football\/psg\/\" target=\"_blank\" rel=\"noreferrer nofollow noopener\">PSG<\/a> et Lens se prennent et se reprennent la place de leader de <a href=\"https:\/\/www.leparisien.fr\/sports\/football\/ligue-1\/\" target=\"_blank\" rel=\"noreferrer nofollow noopener\">Ligue 1<\/a> depuis plusieurs journ\u00e9es, le promu va tenter de <a href=\"https:\/\/www.leparisien.fr\/sports\/football\/ligue-1\/paris-fc-lens-une-jauge-limitee-a-200-supporters-lensois-dans-le-parcage-visiteurs-11-02-2026-3KGSE3PYKBAAVP6S4Z6D2XQ77U.php\" target=\"_blank\" rel=\"noreferrer nofollow noopener\">jouer un mauvais tour aux Sang et Or<\/a>, samedi. Et ce n\u2019est pas le Paris Saint-Germain que \u00e7a g\u00eanerait. <\/p>\n<p class=\"\">A Jean-Bouin, les Parisiens de St\u00e9phane Gilli esp\u00e8rent confirmer leurs bonnes dispositions entrevues depuis le d\u00e9but de l\u2019ann\u00e9e (2 victoires, 2 nuls, 1 d\u00e9faite) pour se donner un peu plus d\u2019air encore sur la zone rouge. Ce ne sera pas chose ais\u00e9e face \u00e0 des Lensois, deuxi\u00e8mes, qui marchent tr\u00e8s fort cette saison. Ils talonnent le leader de deux points.<\/p>\n<p class=\"\"><b>Le coup d\u2019envoi du match Paris FC-RC Lens est pr\u00e9vu \u00e0 21h05 ce samedi 14 f\u00e9vrier. La rencontre sera \u00e0 suivre en direct comment\u00e9 sur le site du Parisien et \u00e0 la t\u00e9l\u00e9 sur Ligue 1+.<\/b><\/p>\n","protected":false},"excerpt":{"rendered":"Le Paris FC va-t-il donner un sacr\u00e9 coup de pouce \u00e0 son voisin parisien ? Tandis que le&hellip;\n","protected":false},"author":2,"featured_media":733390,"comment_status":"","ping_status":"","sticky":false,"template":"","format":"standard","meta":{"footnotes":"","_share_on_mastodon":"0"},"categories":[1888],"tags":[11,1777,674,63,1011,27,66,12,626,25,60],"class_list":["post-733389","post","type-post","status-publish","format-standard","has-post-thumbnail","category-paris","tag-actualites","tag-eu","tag-europe","tag-football","tag-fr","tag-france","tag-ligue-1","tag-news","tag-paris","tag-republique-francaise","tag-sports"],"share_on_mastodon":{"url":"https:\/\/pubeurope.com\/@fr\/116067529317133366","error":""},"_links":{"self":[{"href":"https:\/\/www.europesays.com\/fr\/wp-json\/wp\/v2\/posts\/733389","targetHints":{"allow":["GET"]}}],"collection":[{"href":"https:\/\/www.europesays.com\/fr\/wp-json\/wp\/v2\/posts"}],"about":[{"href":"https:\/\/www.europesays.com\/fr\/wp-json\/wp\/v2\/types\/post"}],"author":[{"embeddable":true,"href":"https:\/\/www.europesays.com\/fr\/wp-json\/wp\/v2\/users\/2"}],"replies":[{"embeddable":true,"href":"https:\/\/www.europesays.com\/fr\/wp-json\/wp\/v2\/comments?post=733389"}],"version-history":[{"count":0,"href":"https:\/\/www.europesays.com\/fr\/wp-json\/wp\/v2\/posts\/733389\/revisions"}],"wp:featuredmedia":[{"embeddable":true,"href":"https:\/\/www.europesays.com\/fr\/wp-json\/wp\/v2\/media\/733390"}],"wp:attachment":[{"href":"https:\/\/www.europesays.com\/fr\/wp-json\/wp\/v2\/media?parent=733389"}],"wp:term":[{"taxonomy":"category","embeddable":true,"href":"https:\/\/www.europesays.com\/fr\/wp-json\/wp\/v2\/categories?post=733389"},{"taxonomy":"post_tag","embeddable":true,"href":"https:\/\/www.europesays.com\/fr\/wp-json\/wp\/v2\/tags?post=733389"}],"curies":[{"name":"wp","href":"https:\/\/api.w.org\/{rel}","templated":true}]}}