{"id":733440,"date":"2026-02-14T06:50:15","date_gmt":"2026-02-14T06:50:15","guid":{"rendered":"https:\/\/www.europesays.com\/fr\/733440\/"},"modified":"2026-02-14T06:50:15","modified_gmt":"2026-02-14T06:50:15","slug":"alerte-meteo-la-neige-pourrait-faire-son-retour-en-normandie-ce-week-end-les-previsions-a-suivre","status":"publish","type":"post","link":"https:\/\/www.europesays.com\/fr\/733440\/","title":{"rendered":"Alerte m\u00e9t\u00e9o. La neige pourrait faire son retour en Normandie ce week-end : les pr\u00e9visions \u00e0 suivre"},"content":{"rendered":"<p melodystyle=\"texte\">Une deuxi\u00e8me vague de neige en 2026 en Normandie ? Selon les derni\u00e8res pr\u00e9visions m\u00e9t\u00e9orologiques, de nouvelles chutes de neige devraient toucher une partie de la Normandie dimanche 15 f\u00e9vrier. L&rsquo;\u00e9pisode ne devrait toutefois pas \u00eatre <a href=\"https:\/\/www.lamanchelibre.fr\/actualite-1206973-photos-videos-manche-la-neige-provoque-la-pagaille-sur-les-routes-du-coutancais\" target=\"_blank\" rel=\"nofollow noopener\">aussi intense qu&rsquo;en janvier<\/a>.<\/p>\n<p>Jusqu&rsquo;\u00e0 4 centim\u00e8tres de neige attendus<\/p>\n<p melodystyle=\"texte\">Selon les experts, il pourrait tomber jusqu&rsquo;\u00e0 2 \u00e0 4 cm localement, notamment sous les averses les plus actives. Le manteau neigeux pourrait tenir au sol, surtout en matin\u00e9e, sur les sols rendus froids. Dans la Manche, \u00e0 Vire, les flocons pourraient tomber dans la nuit de samedi 14 \u00e0 dimanche 15 f\u00e9vrier, alors que la temp\u00e9rature sera proche de 0 degr\u00e9. De quoi se r\u00e9veiller avec un manteau blanc.<\/p>\n<p>Des conditions de circulation d\u00e9licates<\/p>\n<p melodystyle=\"texte\">En raison de ces chutes de neige, et du froid qui pourrait provoquer des plaques de verglas, la prudence est de mise sur les axes routiers de Normandie dimanche 15 f\u00e9vrier. Les conditions de circulation seront rendues d\u00e9licates, avec des routes glissantes et une visibilit\u00e9 r\u00e9duite sous les averses neigeuses. La Seine-Maritime, l&rsquo;Orne et l&rsquo;Eure seront \u00e9galement touch\u00e9s par des chutes de neige en ce week-end de Saint-Valentin.<\/p>\n<p>Une m\u00e9t\u00e9o qui revient au beau rapidement<\/p>\n<p melodystyle=\"texte\">Les pr\u00e9visions m\u00e9t\u00e9orologiques pr\u00e9voient malgr\u00e9 tout un redoux tr\u00e8s rapide par la suite, avec des temp\u00e9ratures avoisinant les 10 degr\u00e9s \u00e0 Vire, dimanche dans la journ\u00e9e.<\/p>\n<p>Une partie de la France touch\u00e9e par cet \u00e9pisode neigeux<\/p>\n<p melodystyle=\"texte\">Alors que certaines r\u00e9gions de France ont \u00e9t\u00e9 touch\u00e9es de plein fouet par<a href=\"https:\/\/www.lamanchelibre.fr\/actualite-1213032-tempete-nils-l-orne-a-ete-frappee-par-une-meteo-capricieuse\" target=\"_blank\" rel=\"nofollow noopener\"> la temp\u00eate Nils<\/a>, l&rsquo;\u00e9pisode neigeux de ce week-end devrait concerner principalement la Normandie, les Hauts-de-France, une partie de l&rsquo;\u00cele-de-France et du nord du Centre-Val de Loire.<\/p>\n","protected":false},"excerpt":{"rendered":"Une deuxi\u00e8me vague de neige en 2026 en Normandie ? Selon les derni\u00e8res pr\u00e9visions m\u00e9t\u00e9orologiques, de nouvelles chutes&hellip;\n","protected":false},"author":2,"featured_media":733441,"comment_status":"","ping_status":"","sticky":false,"template":"","format":"standard","meta":{"footnotes":"","_share_on_mastodon":"0"},"categories":[4],"tags":[11,1011,27,12,25],"class_list":["post-733440","post","type-post","status-publish","format-standard","has-post-thumbnail","category-france","tag-actualites","tag-fr","tag-france","tag-news","tag-republique-francaise"],"share_on_mastodon":{"url":"https:\/\/pubeurope.com\/@fr\/116067658901968547","error":""},"_links":{"self":[{"href":"https:\/\/www.europesays.com\/fr\/wp-json\/wp\/v2\/posts\/733440","targetHints":{"allow":["GET"]}}],"collection":[{"href":"https:\/\/www.europesays.com\/fr\/wp-json\/wp\/v2\/posts"}],"about":[{"href":"https:\/\/www.europesays.com\/fr\/wp-json\/wp\/v2\/types\/post"}],"author":[{"embeddable":true,"href":"https:\/\/www.europesays.com\/fr\/wp-json\/wp\/v2\/users\/2"}],"replies":[{"embeddable":true,"href":"https:\/\/www.europesays.com\/fr\/wp-json\/wp\/v2\/comments?post=733440"}],"version-history":[{"count":0,"href":"https:\/\/www.europesays.com\/fr\/wp-json\/wp\/v2\/posts\/733440\/revisions"}],"wp:featuredmedia":[{"embeddable":true,"href":"https:\/\/www.europesays.com\/fr\/wp-json\/wp\/v2\/media\/733441"}],"wp:attachment":[{"href":"https:\/\/www.europesays.com\/fr\/wp-json\/wp\/v2\/media?parent=733440"}],"wp:term":[{"taxonomy":"category","embeddable":true,"href":"https:\/\/www.europesays.com\/fr\/wp-json\/wp\/v2\/categories?post=733440"},{"taxonomy":"post_tag","embeddable":true,"href":"https:\/\/www.europesays.com\/fr\/wp-json\/wp\/v2\/tags?post=733440"}],"curies":[{"name":"wp","href":"https:\/\/api.w.org\/{rel}","templated":true}]}}