{"id":733454,"date":"2026-02-14T06:59:22","date_gmt":"2026-02-14T06:59:22","guid":{"rendered":"https:\/\/www.europesays.com\/fr\/733454\/"},"modified":"2026-02-14T06:59:22","modified_gmt":"2026-02-14T06:59:22","slug":"apres-hubert-falco-la-guerre-des-droites-aura-bien-lieu-a-toulon","status":"publish","type":"post","link":"https:\/\/www.europesays.com\/fr\/733454\/","title":{"rendered":"apr\u00e8s Hubert Falco, la guerre des droites aura bien lieu \u00e0 Toulon"},"content":{"rendered":"<p>\n    <strong>ENQU\u00caTE &#8211;<\/strong> Pour la premi\u00e8re fois depuis 2001, Hubert Falco ne briguera pas la mairie. Condamn\u00e9 par la justice pour d\u00e9tournement de fonds publics, il laisse derri\u00e8re lui deux adjoints qui se d\u00e9chirent face \u00e0 une tr\u00e8s m\u00e9diatique candidate RN, Laure Lavalette, qui nourrit de grands espoirs.<\/p>\n<p class=\"fig-paragraph\">Longtemps, il a \u00e9t\u00e9 l\u2019amiral \u00e0 la t\u00eate de cette ville portuaire. Contre vents et mar\u00e9es,\u00a0<a href=\"http:\/\/www.lefigaro.fr\/marseille\/toulon-l-ineligibilite-d-hubert-falco-confirmee-par-la-cour-de-cassation-20250528\" data-fig-type=\"NewsFlash\" data-gtm-custom-categorie=\"navigation\" data-gtm-custom-action=\"crossclick\" data-gtm-custom-label=\"Contextuel\" data-gtm-event=\"customEventSPE\" data-fig-domain=\"LEFIGARO\" rel=\"nofollow noopener\" target=\"_blank\">Hubert Falco<\/a>\u00a0a tenu le gouvernail de la mairie de Toulon pendant plus de 22 ans. Suivant sa trajectoire, il pensait pouvoir briguer un dernier mandat en 2026, avant de prendre le large. \u00ab\u00a0Je voulais faire encore un mandat, confie l\u2019ancien ministre. Et j\u2019aurais pr\u00e9par\u00e9 l\u2019apr\u00e8s.\u00a0\u00bb En vieux briscard de la politique, Hubert Falco avait m\u00eame quelques noms de lieutenants capables de tenir la barre.<\/p>\n<p class=\"fig-paragraph\">Mais un tsunami a d\u00e9ferl\u00e9 sur Toulon et fait chavirer le maire ind\u00e9boulonnable. En avril 2023, Hubert Falco est condamn\u00e9 pour recel de d\u00e9tournement de fonds publics \u00e0 l\u2019in\u00e9ligibilit\u00e9 avec ex\u00e9cution provisoire. Il doit quitter l\u2019h\u00f4tel de ville sur-le-champ. Persuad\u00e9 qu\u2019il sera innocent\u00e9 en appel, il cherche non pas un successeur, mais un candidat \u00e0 l\u2019int\u00e9rim. Le premier candidat auquel il pense refuse le poste. Hubert Falco se tourne alors vers sa premi\u00e8re adjointe, Jos\u00e9e Massi.<\/p>\n<p class=\"fig-paragraph\">\u00ab\u00a0\u00catre maire, ce n\u2019\u00e9tait pas franchement\u2026<\/p>\n<p class=\"fig-premium-paywall__infos\">\n        Cet article est r\u00e9serv\u00e9 aux abonn\u00e9s.        Il vous reste 88% \u00e0 d\u00e9couvrir.\n    <\/p>\n<p>                <img  data- alt=\"Le Figaro\" class=\"fig-img--complete fig-img\"\/><\/p>\n<p class=\"fig-premium-paywall__title\">Vous avez envie de lire la suite ?<\/p>\n<p class=\"fig-premium-paywall__subtitle\">D\u00e9bloquez tous les articles imm\u00e9diatement.<\/p>\n<p class=\"fig-premium-paywall__connect\">\n                D\u00e9j\u00e0 abonn\u00e9\u00a0?                <a class=\"fig-premium-paywall__connect-link\" href=\"https:\/\/connect.lefigaro.fr\/login?client=horizon_web&amp;type=main&amp;redirect_uri=https%3A%2F%2Fwww.lefigaro.fr%2Fmarseille%2Fmunicipales-a-toulon-apres-hubert-falco-la-guerre-des-droites-aura-bien-lieu-20260214\" data-js-gtm=\"{&quot;event&quot;:&quot;customEventGA4&quot;,&quot;eventName&quot;:&quot;click_action&quot;,&quot;feature&quot;:&quot;paywall&quot;,&quot;location&quot;:&quot;paywall&quot;,&quot;button_action&quot;:&quot;connect&quot;,&quot;click_text&quot;:&quot;Connectez-vous&quot;}\" rel=\"nofollow noopener\" target=\"_blank\"><br \/>\n                    Connectez-vous<br \/>\n                <\/a>\n            <\/p>\n","protected":false},"excerpt":{"rendered":"ENQU\u00caTE &#8211; Pour la premi\u00e8re fois depuis 2001, Hubert Falco ne briguera pas la mairie. Condamn\u00e9 par la&hellip;\n","protected":false},"author":2,"featured_media":733455,"comment_status":"","ping_status":"","sticky":false,"template":"","format":"standard","meta":{"footnotes":"","_share_on_mastodon":"0"},"categories":[9619],"tags":[1111,11,1777,674,1011,27,3554,12,882,25,2848,2310],"class_list":["post-733454","post","type-post","status-publish","format-standard","has-post-thumbnail","category-toulon","tag-actu","tag-actualites","tag-eu","tag-europe","tag-fr","tag-france","tag-municipales","tag-news","tag-provence-alpes-cote-dazur","tag-republique-francaise","tag-rn","tag-toulon"],"share_on_mastodon":{"url":"https:\/\/pubeurope.com\/@fr\/116067694249718581","error":""},"_links":{"self":[{"href":"https:\/\/www.europesays.com\/fr\/wp-json\/wp\/v2\/posts\/733454","targetHints":{"allow":["GET"]}}],"collection":[{"href":"https:\/\/www.europesays.com\/fr\/wp-json\/wp\/v2\/posts"}],"about":[{"href":"https:\/\/www.europesays.com\/fr\/wp-json\/wp\/v2\/types\/post"}],"author":[{"embeddable":true,"href":"https:\/\/www.europesays.com\/fr\/wp-json\/wp\/v2\/users\/2"}],"replies":[{"embeddable":true,"href":"https:\/\/www.europesays.com\/fr\/wp-json\/wp\/v2\/comments?post=733454"}],"version-history":[{"count":0,"href":"https:\/\/www.europesays.com\/fr\/wp-json\/wp\/v2\/posts\/733454\/revisions"}],"wp:featuredmedia":[{"embeddable":true,"href":"https:\/\/www.europesays.com\/fr\/wp-json\/wp\/v2\/media\/733455"}],"wp:attachment":[{"href":"https:\/\/www.europesays.com\/fr\/wp-json\/wp\/v2\/media?parent=733454"}],"wp:term":[{"taxonomy":"category","embeddable":true,"href":"https:\/\/www.europesays.com\/fr\/wp-json\/wp\/v2\/categories?post=733454"},{"taxonomy":"post_tag","embeddable":true,"href":"https:\/\/www.europesays.com\/fr\/wp-json\/wp\/v2\/tags?post=733454"}],"curies":[{"name":"wp","href":"https:\/\/api.w.org\/{rel}","templated":true}]}}