{"id":733456,"date":"2026-02-14T07:00:21","date_gmt":"2026-02-14T07:00:21","guid":{"rendered":"https:\/\/www.europesays.com\/fr\/733456\/"},"modified":"2026-02-14T07:00:21","modified_gmt":"2026-02-14T07:00:21","slug":"montpellier-au-jam-en-fevrier-marianne-aya-omac-et-remi-panossian-trio","status":"publish","type":"post","link":"https:\/\/www.europesays.com\/fr\/733456\/","title":{"rendered":"Montpellier | Au JAM en f\u00e9vrier : Marianne Aya Omac et R\u00e9mi Panossian Trio"},"content":{"rendered":"<p>\t\t\t\tLes 14 et 20 f\u00e9vrier, Le JAM \u00e0 Montpellier propose deux rendez-vous live aux esth\u00e9tiques distinctes : Marianne Aya Omac et le MAO Sextet pour une soir\u00e9e aux accents chanson et Latin World, puis le R\u00e9mi Panossian Trio avec son jazz moderne et \u00e9nergique.<\/p>\n<p style=\"text-align: justify;\">Le vendredi 14 f\u00e9vrier \u00e0 21h, Marianne Aya Omac retrouve la sc\u00e8ne du JAM, fid\u00e8le \u00e0 un lieu o\u00f9 elle a d\u00e9j\u00e0 rencontr\u00e9 un public enthousiaste. Entour\u00e9e du MAO Sextet, elle propose un concert plac\u00e9 sous le signe du partage et de l\u2019\u00e9motion. Entre chanson fran\u00e7aise, Latin World Music et gospel, la chanteuse d\u00e9ploie une \u00e9nergie communicative dans un r\u00e9pertoire g\u00e9n\u00e9reux, pens\u00e9 comme une c\u00e9l\u00e9bration du lien et du live.<\/p>\n<p style=\"text-align: justify;\">Changement d\u2019atmosph\u00e8re le vendredi 20 f\u00e9vrier avec le R\u00e9mi Panossian Trio. Form\u00e9 par R\u00e9mi Panossian au piano, Maxime Delporte \u00e0 la basse et Fr\u00e9d\u00e9ric Petitprez \u00e0 la batterie, le trio pr\u00e9sente son huiti\u00e8me album 88888888, enregistr\u00e9 \u00e0 S\u00e9oul. On y retrouve l\u2019identit\u00e9 du groupe : lyrisme, grooves puissants, \u00e9nergie rock et libert\u00e9 d\u2019improvisation, enrichis de touches sonores inspir\u00e9es de leur immersion cor\u00e9enne.<\/p>\n<p style=\"text-align: justify;\">Deux propositions diff\u00e9rentes mais compl\u00e9mentaires, qui illustrent la diversit\u00e9 des esth\u00e9tiques d\u00e9fendues par Le JAM, entre musiques m\u00e9tiss\u00e9es et jazz contemporain.<\/p>\n<p style=\"text-align: justify;\"><strong>Plus d\u2019infos :<\/strong> <a href=\"https:\/\/www.lejam.com\" rel=\"noopener nofollow\" target=\"_blank\">lejam.com<\/a><br \/><strong>Photo :<\/strong> R\u00e9mi Panossian Trio \u00a9 Arthur Ower<\/p>\n","protected":false},"excerpt":{"rendered":"Les 14 et 20 f\u00e9vrier, Le JAM \u00e0 Montpellier propose deux rendez-vous live aux esth\u00e9tiques distinctes : Marianne&hellip;\n","protected":false},"author":2,"featured_media":733457,"comment_status":"","ping_status":"","sticky":false,"template":"","format":"standard","meta":{"footnotes":"","_share_on_mastodon":"0"},"categories":[9599],"tags":[1111,11,1777,674,1011,27,2208,12,2680,25],"class_list":["post-733456","post","type-post","status-publish","format-standard","has-post-thumbnail","category-montpellier","tag-actu","tag-actualites","tag-eu","tag-europe","tag-fr","tag-france","tag-montpellier","tag-news","tag-occitanie","tag-republique-francaise"],"share_on_mastodon":{"url":"https:\/\/pubeurope.com\/@fr\/116067698281506604","error":""},"_links":{"self":[{"href":"https:\/\/www.europesays.com\/fr\/wp-json\/wp\/v2\/posts\/733456","targetHints":{"allow":["GET"]}}],"collection":[{"href":"https:\/\/www.europesays.com\/fr\/wp-json\/wp\/v2\/posts"}],"about":[{"href":"https:\/\/www.europesays.com\/fr\/wp-json\/wp\/v2\/types\/post"}],"author":[{"embeddable":true,"href":"https:\/\/www.europesays.com\/fr\/wp-json\/wp\/v2\/users\/2"}],"replies":[{"embeddable":true,"href":"https:\/\/www.europesays.com\/fr\/wp-json\/wp\/v2\/comments?post=733456"}],"version-history":[{"count":0,"href":"https:\/\/www.europesays.com\/fr\/wp-json\/wp\/v2\/posts\/733456\/revisions"}],"wp:featuredmedia":[{"embeddable":true,"href":"https:\/\/www.europesays.com\/fr\/wp-json\/wp\/v2\/media\/733457"}],"wp:attachment":[{"href":"https:\/\/www.europesays.com\/fr\/wp-json\/wp\/v2\/media?parent=733456"}],"wp:term":[{"taxonomy":"category","embeddable":true,"href":"https:\/\/www.europesays.com\/fr\/wp-json\/wp\/v2\/categories?post=733456"},{"taxonomy":"post_tag","embeddable":true,"href":"https:\/\/www.europesays.com\/fr\/wp-json\/wp\/v2\/tags?post=733456"}],"curies":[{"name":"wp","href":"https:\/\/api.w.org\/{rel}","templated":true}]}}