{"id":73351,"date":"2025-05-04T03:39:13","date_gmt":"2025-05-04T03:39:13","guid":{"rendered":"https:\/\/www.europesays.com\/fr\/73351\/"},"modified":"2025-05-04T03:39:13","modified_gmt":"2025-05-04T03:39:13","slug":"si-je-suis-elu-je-menfuis-en-sicile-un-cardinal-se-desiste-avant-le-conclave-pour-elire-un-nouveau-pape","status":"publish","type":"post","link":"https:\/\/www.europesays.com\/fr\/73351\/","title":{"rendered":"\u00ab\u00a0Si je suis \u00e9lu, je m\u2019enfuis en Sicile\u00a0\u00bb\u00a0: un cardinal se d\u00e9siste avant le conclave pour \u00e9lire un nouveau pape"},"content":{"rendered":"<p>\u00ab Si je suis \u00e9lu, je m\u2019enfuis en Sicile \u00bb : \u00e0 quatre jours <a href=\"https:\/\/www.letelegramme.fr\/monde\/mort-du-pape-francois-comment-fonctionne-le-conclave-6803003.php\" target=\"_blank\" rel=\"noopener\">du d\u00e9but de l\u2019\u00e9lection du futur pape<\/a>, un cardinal a de lui-m\u00eame jet\u00e9 l\u2019\u00e9ponge ce samedi, alors que les concertations vont s\u2019acc\u00e9l\u00e9rer au Vatican. \u00ab Je n\u2019ai absolument aucune ambition. Je ne pourrais jamais m\u2019imaginer dans ce r\u00f4le \u00bb, a affirm\u00e9 au quotidien Il Messaggero l\u2019archev\u00eaque de Rabat Cristobal Lopez Romero.<\/p>\n<blockquote><p>\u00ab Ceux qui le d\u00e9sirent sont pouss\u00e9s par soif de pouvoir \u00bb<\/p><\/blockquote>\n<p>La d\u00e9marche est rare, m\u00eame si le cardinal de 72 ans aux id\u00e9es proches de Fran\u00e7ois ne figurait pas parmi les favoris, car la plus grande discr\u00e9tion r\u00e8gne habituellement dans les prises de position publiques sur le nom du futur pape. Mais la papaut\u00e9 n\u2019a rien de d\u00e9sirable aux yeux de ce pr\u00e9lat embl\u00e9matique des \u00ab p\u00e9riph\u00e9ries \u00bb ch\u00e8res \u00e0 Fran\u00e7ois : \u00ab ceux qui le d\u00e9sirent sont pouss\u00e9s par soif de pouvoir \u00bb, a-t-il ajout\u00e9.<\/p>\n<p>Neuvi\u00e8me r\u00e9union ce samedi<\/p>\n<p>\u00c0 quatre jours du d\u00e9but du conclave ce mercredi, le suspense demeure entier sur le nom du successeur de Pierre, alors que les cardinaux se sont r\u00e9unis samedi matin pour la neuvi\u00e8me fois en \u00ab congr\u00e9gation g\u00e9n\u00e9rale \u00bb. Au total 177 cardinaux \u00e9taient pr\u00e9sents, dont 127 \u00e9lecteurs (ceux \u00e2g\u00e9s de moins de 80 ans), a indiqu\u00e9 Matteo Bruni, le directeur du service de presse du Vatican.<\/p>\n<p>Il n\u2019y aura pas de r\u00e9union dimanche, jour de c\u00e9l\u00e9bration des messes. Mais lundi les concertations vont s\u2019acc\u00e9l\u00e9rer puisque les congr\u00e9gations g\u00e9n\u00e9rales se r\u00e9uniront \u00e9galement l\u2019apr\u00e8s-midi \u00e0 17 h, en plus de leur session du matin. Ces r\u00e9unions permettent aux pr\u00e9lats de discuter des d\u00e9fis de l\u2019\u00c9glise et de partager leurs r\u00e9flexions &#8211; samedi matin les discussions ont abord\u00e9 la communion, la solidarit\u00e9 entre \u00c9glises et le r\u00f4le de la Curie notamment.<\/p>\n<p>\u00ab Personne ne peut tout faire \u00bb<\/p>\n<p>Mais c\u2019est aussi l\u2019occasion pour un orateur de se montrer particuli\u00e8rement convaincant, ou de dessiner son profil-type du prochain pape. Samedi, \u00ab le souhait a \u00e9t\u00e9 \u00e9mis d\u2019un prochain pape proph\u00e9tique \u00bb et \u00ab que l\u2019\u00c9glise ne se referme pas sur le c\u00e9nacle \u00bb mais qu\u2019elle \u00ab apporte la lumi\u00e8re au monde qui a d\u00e9sesp\u00e9r\u00e9ment besoin d\u2019espoir \u00bb, a expliqu\u00e9 Matteo Bruni. Qui r\u00e9pondra \u00e0 ces crit\u00e8res ?<\/p>\n<p>Devant la salle Paul VI du Vatican o\u00f9 se tiennent les r\u00e9unions, les cardinaux se font immanquablement poser la question par les journalistes qui attendent de pied ferme les t\u00e9m\u00e9raires arrivant \u00e0 pied. Sera-t-il dans la lign\u00e9e du pape Fran\u00e7ois, r\u00e9formateur \u00e0 la parole tranch\u00e9e ? \u00ab Nous reconnaissons ce qu\u2019il a fait mais aucun pape n\u2019est parfait, personne ne peut tout faire \u00bb, a affirm\u00e9 l\u2019archev\u00eaque de Singapour William Seng Chye Goh, class\u00e9 parmi les conservateurs. \u00ab Nous allons trouver la bonne personne pour succ\u00e9der \u00e0 Saint-Pierre \u00bb \u00e0 la t\u00eate d\u2019une \u00c9glise comptant quelque 1,4 milliard de catholiques dans le monde, a-t-il ajout\u00e9.<\/p>\n<p>\u00ab On ne se sent pas pr\u00eat \u00bb<\/p>\n<p>De son c\u00f4t\u00e9 l\u2019archev\u00eaque d\u2019Alger Jean-Paul Vesco, class\u00e9 parmi les progressistes, \u00ab esp\u00e8re profond\u00e9ment \u00bb un futur pape dans la continuit\u00e9 de Fran\u00e7ois qui \u00ab a \u00e9t\u00e9 comme le p\u00e8re de l\u2019enfant prodigue qui ouvre grand ses bras et son c\u0153ur, c\u2019est \u00e7a qu\u2019on attend d\u2019un Saint-P\u00e8re \u00bb. Mais avant ce vote historique \u00ab on ne se sent pas pr\u00eat, bien s\u00fbr que non \u00bb, a-t-il ajout\u00e9, expliquant : \u00ab on doit d\u00e9couvrir celui que le Seigneur a d\u00e9j\u00e0 choisi. On aurait eu besoin de beaucoup plus de temps de pri\u00e8re ensemble, mais je suis s\u00fbr qu\u2019au bon moment, on sera pr\u00eats et qu\u2019on donnera \u00e0 l\u2019\u00c9glise le pape que le Seigneur a voulu \u00bb.<\/p>\n<p>Le choix se fera \u00e0 huis clos, entre les murs de la chapelle Sixtine o\u00f9 s\u2019enfermeront <a href=\"https:\/\/www.letelegramme.fr\/monde\/qui-sont-les-cinq-cardinaux-francais-qui-vont-participer-a-lelection-du-futur-pape-6803560.php\" target=\"_blank\" rel=\"noopener\">les 133 cardinaux \u00e9lecteurs<\/a> jusqu\u2019\u00e0 ce qu\u2019un nom recueille une majorit\u00e9 des deux tiers. Une fum\u00e9e blanche sortira alors de <a href=\"https:\/\/www.letelegramme.fr\/monde\/election-du-nouveau-pape-la-cheminee-en-cours-dinstallation-sur-la-chapelle-sixtine-en-vue-du-conclave-6809669.php\" target=\"_blank\" rel=\"noopener\">la chemin\u00e9e install\u00e9e sur le toit de la chapelle<\/a>.<\/p>\n<p>Samedi, le service de presse du Vatican a diffus\u00e9 un court film t\u00e9moignant de l\u2019avanc\u00e9e des pr\u00e9paratifs, dans la chapelle o\u00f9 un faux plancher a \u00e9t\u00e9 construit, des tables am\u00e9nag\u00e9es, et le fameux po\u00eale annonciateur du futur pape install\u00e9.<\/p>\n<p>Quelques heures avant, le pr\u00e9sident am\u00e9ricain Donald Trump avait publi\u00e9 sur son r\u00e9seau social un portrait de lui, vraisemblablement g\u00e9n\u00e9r\u00e9 par l\u2019intelligence artificielle, <a href=\"https:\/\/www.letelegramme.fr\/monde\/avant-le-conclave-donald-trump-publie-une-photo-de-lui-en-pape-6810353.php\" target=\"_blank\" rel=\"noopener\">le montrant rev\u00eatu de la tenue papale<\/a>.<\/p>\n","protected":false},"excerpt":{"rendered":"\u00ab Si je suis \u00e9lu, je m\u2019enfuis en Sicile \u00bb : \u00e0 quatre jours du d\u00e9but de l\u2019\u00e9lection&hellip;\n","protected":false},"author":2,"featured_media":73352,"comment_status":"","ping_status":"","sticky":false,"template":"","format":"standard","meta":{"footnotes":""},"categories":[2],"tags":[11,765,1011,27,74,12,4692],"class_list":{"0":"post-73351","1":"post","2":"type-post","3":"status-publish","4":"format-standard","5":"has-post-thumbnail","7":"category-actualites","8":"tag-actualites","9":"tag-en-continu","10":"tag-fr","11":"tag-france","12":"tag-monde","13":"tag-news","14":"tag-pape-francois"},"share_on_mastodon":{"url":"https:\/\/pubeurope.com\/@fr\/114447486972919472","error":""},"_links":{"self":[{"href":"https:\/\/www.europesays.com\/fr\/wp-json\/wp\/v2\/posts\/73351","targetHints":{"allow":["GET"]}}],"collection":[{"href":"https:\/\/www.europesays.com\/fr\/wp-json\/wp\/v2\/posts"}],"about":[{"href":"https:\/\/www.europesays.com\/fr\/wp-json\/wp\/v2\/types\/post"}],"author":[{"embeddable":true,"href":"https:\/\/www.europesays.com\/fr\/wp-json\/wp\/v2\/users\/2"}],"replies":[{"embeddable":true,"href":"https:\/\/www.europesays.com\/fr\/wp-json\/wp\/v2\/comments?post=73351"}],"version-history":[{"count":0,"href":"https:\/\/www.europesays.com\/fr\/wp-json\/wp\/v2\/posts\/73351\/revisions"}],"wp:featuredmedia":[{"embeddable":true,"href":"https:\/\/www.europesays.com\/fr\/wp-json\/wp\/v2\/media\/73352"}],"wp:attachment":[{"href":"https:\/\/www.europesays.com\/fr\/wp-json\/wp\/v2\/media?parent=73351"}],"wp:term":[{"taxonomy":"category","embeddable":true,"href":"https:\/\/www.europesays.com\/fr\/wp-json\/wp\/v2\/categories?post=73351"},{"taxonomy":"post_tag","embeddable":true,"href":"https:\/\/www.europesays.com\/fr\/wp-json\/wp\/v2\/tags?post=73351"}],"curies":[{"name":"wp","href":"https:\/\/api.w.org\/{rel}","templated":true}]}}