{"id":73355,"date":"2025-05-04T03:43:38","date_gmt":"2025-05-04T03:43:38","guid":{"rendered":"https:\/\/www.europesays.com\/fr\/73355\/"},"modified":"2025-05-04T03:43:38","modified_gmt":"2025-05-04T03:43:38","slug":"grand-nancy-le-conducteur-perd-le-controle-de-sa-voiture-et-part-en-tonneau-sur-la33","status":"publish","type":"post","link":"https:\/\/www.europesays.com\/fr\/73355\/","title":{"rendered":"Grand Nancy. Le conducteur perd le contr\u00f4le de sa voiture et part en tonneau sur l\u2019A33"},"content":{"rendered":"<p>Un automobiliste belge, qui circulait sur l\u2019autoroute A33 dans le sens Metz &#8211; Lun\u00e9ville, a perdu le contr\u00f4le de son v\u00e9hicule ce mercredi 11\u00a0d\u00e9cembre, vers 13\u00a0h\u00a045, apr\u00e8s un ralentissement du trafic.<\/p>\n<p>L\u2019accident est survenu en ligne droite, peu avant la descente du Grand canyon, sur la commune de Houdemont. Le v\u00e9hicule, seul en cause, s\u2019est immobilis\u00e9 sur le bas-c\u00f4t\u00e9 \u00e0 droite de la chauss\u00e9e, apr\u00e8s avoir heurt\u00e9 un panneau et effectu\u00e9 au moins un tonneau.<\/p>\n<p>Ce contenu est bloqu\u00e9 car vous n&rsquo;avez pas accept\u00e9 les cookies et autres traceurs.<\/p>\n<p>En cliquant sur \u00ab J\u2019accepte \u00bb, les cookies et autres traceurs seront d\u00e9pos\u00e9s et vous pourrez visualiser les contenus  (<a href=\"\" class=\"consentModule_policy\" target=\"_blank\" title=\"Consulter la politique de protection des donn\u00e9es du fournisseur\">plus d&rsquo;informations<\/a>).<\/p>\n<p>En cliquant sur \u00ab J\u2019accepte tous les cookies \u00bb, vous autorisez des d\u00e9p\u00f4ts de cookies et autres traceurs pour le stockage de vos donn\u00e9es sur nos sites et applications \u00e0 des fins de personnalisation et de ciblage publicitaire.<\/p>\n<p class=\"consentModule_secondaryText\">Vous gardez la possibilit\u00e9 de retirer votre consentement \u00e0 tout moment en consultant notre <a href=\"https:\/\/www.estrepublicain.fr\/protection-des-donnees\" target=\"_blank\" title=\"Consulter notre politique de protection des donn\u00e9es\" rel=\"nofollow noopener\">politique de protection des donn\u00e9es<\/a>. <br \/>&#13;<br \/>\n            <a href=\"https:\/\/www.estrepublicain.fr\/faits-divers-justice\/2024\/12\/11\/javascript:Didomi.notice.show()\" class=\"consentModule_cmp\" rel=\"nofollow noopener\" target=\"_blank\">G\u00e9rer mes choix<\/a>&#13;\n        <\/p>\n<p>&#13;<br \/>\n                        J&rsquo;accepte&#13;<br \/>\n            J&rsquo;accepte tous les cookies&#13;\n        <\/p>\n<p>Pris en charge par les pompiers, le conducteur \u00e2g\u00e9 de 60 ans est l\u00e9g\u00e8rement bless\u00e9. Il a \u00e9t\u00e9 transport\u00e9 vers les urgences de l\u2019h\u00f4pital central de Nancy.<\/p>\n<p>Les policiers de la CRS autorouti\u00e8re Lorraine Alsace de Champigneulles \u00e9taient encore sur les lieux \u00e0 14\u00a0h\u00a030 afin de proc\u00e9der aux diff\u00e9rentes constatations. Les d\u00e9pistages alcool et stup\u00e9fiants se sont r\u00e9v\u00e9l\u00e9s n\u00e9gatifs. Le conducteur s&rsquo;en sort miraculeusement bless\u00e9 l\u00e9ger.<\/p>\n<p>La circulation se faisait au ralenti, voie de gauche, et on comptait alors un ralentissement de 5\u00a0km.<\/p>\n","protected":false},"excerpt":{"rendered":"Un automobiliste belge, qui circulait sur l\u2019autoroute A33 dans le sens Metz &#8211; Lun\u00e9ville, a perdu le contr\u00f4le&hellip;\n","protected":false},"author":2,"featured_media":73356,"comment_status":"","ping_status":"","sticky":false,"template":"","format":"standard","meta":{"footnotes":""},"categories":[9635],"tags":[119,1111,11,1704,1777,674,274,1011,27,775,3457,1702,1703,12,25],"class_list":{"0":"post-73355","1":"post","2":"type-post","3":"status-publish","4":"format-standard","5":"has-post-thumbnail","7":"category-nancy","8":"tag-accident","9":"tag-actu","10":"tag-actualites","11":"tag-edition-nancy-et-agglomeration","12":"tag-eu","13":"tag-europe","14":"tag-faits-divers-justice","15":"tag-fr","16":"tag-france","17":"tag-grand-est","18":"tag-meurthe-et-moselle","19":"tag-nancy","20":"tag-nancy-ville-54b","21":"tag-news","22":"tag-republique-francaise"},"share_on_mastodon":{"url":"https:\/\/pubeurope.com\/@fr\/114447502798712774","error":""},"_links":{"self":[{"href":"https:\/\/www.europesays.com\/fr\/wp-json\/wp\/v2\/posts\/73355","targetHints":{"allow":["GET"]}}],"collection":[{"href":"https:\/\/www.europesays.com\/fr\/wp-json\/wp\/v2\/posts"}],"about":[{"href":"https:\/\/www.europesays.com\/fr\/wp-json\/wp\/v2\/types\/post"}],"author":[{"embeddable":true,"href":"https:\/\/www.europesays.com\/fr\/wp-json\/wp\/v2\/users\/2"}],"replies":[{"embeddable":true,"href":"https:\/\/www.europesays.com\/fr\/wp-json\/wp\/v2\/comments?post=73355"}],"version-history":[{"count":0,"href":"https:\/\/www.europesays.com\/fr\/wp-json\/wp\/v2\/posts\/73355\/revisions"}],"wp:featuredmedia":[{"embeddable":true,"href":"https:\/\/www.europesays.com\/fr\/wp-json\/wp\/v2\/media\/73356"}],"wp:attachment":[{"href":"https:\/\/www.europesays.com\/fr\/wp-json\/wp\/v2\/media?parent=73355"}],"wp:term":[{"taxonomy":"category","embeddable":true,"href":"https:\/\/www.europesays.com\/fr\/wp-json\/wp\/v2\/categories?post=73355"},{"taxonomy":"post_tag","embeddable":true,"href":"https:\/\/www.europesays.com\/fr\/wp-json\/wp\/v2\/tags?post=73355"}],"curies":[{"name":"wp","href":"https:\/\/api.w.org\/{rel}","templated":true}]}}