{"id":733633,"date":"2026-02-14T08:44:15","date_gmt":"2026-02-14T08:44:15","guid":{"rendered":"https:\/\/www.europesays.com\/fr\/733633\/"},"modified":"2026-02-14T08:44:15","modified_gmt":"2026-02-14T08:44:15","slug":"les-etats-unis-et-leurope-sont-faits-pour-etre-ensemble-selon-marco-rubio","status":"publish","type":"post","link":"https:\/\/www.europesays.com\/fr\/733633\/","title":{"rendered":"les \u00c9tats-Unis et l&rsquo;Europe sont \u00ab\u00a0faits pour \u00eatre ensemble\u00a0\u00bb, selon Marco Rubio"},"content":{"rendered":"<p>Dans son discours \u00e0 la conf\u00e9rence de Munich, ce samedi 14 f\u00e9vrier au matin, le secr\u00e9taire d&rsquo;\u00c9tat des \u00c9tats-Unis assure que Washington est pr\u00eat \u00e0 mener la \u00ab\u00a0restauration\u00a0\u00bb de l&rsquo;ordre mondial.<\/p>\n<p>Les \u00c9tats-Unis et l&rsquo;Europe sont \u00ab\u00a0faits pour \u00eatre ensemble\u00a0\u00bb, a d\u00e9clar\u00e9 <a href=\"https:\/\/www.bfmtv.com\/international\/amerique-nord\/etats-unis\/video-conference-de-munich-sur-la-securite-pourquoi-le-discours-de-marco-rubio-secretaire-d-etat-americain-est-tres-attendu_VN-202602140082.html\" title=\"Conf\u00e9rence de Munich sur la s\u00e9curit\u00e9: pourquoi le discours de Marco Rubio, secr\u00e9taire d&#039;\u00c9tat am\u00e9ricain, est tr\u00e8s attendu\" class=\"internal_link\" rel=\"nofollow noopener\" target=\"_blank\">Marco Rubio<\/a>, secr\u00e9taire d&rsquo;\u00c9tat am\u00e9ricain depuis la conf\u00e9rence sur la s\u00e9curit\u00e9 de Munich, ce samedi 14 f\u00e9vrier. Et ce, un an apr\u00e8s un discours incendiaire du vice-pr\u00e9sident <a href=\"https:\/\/www.bfmtv.com\/international\/amerique-nord\/etats-unis\/video-le-vice-president-americain-jd-vance-annonce-la-vente-de-technologies-de-drones-d-une-valeur-de-11-milliards-de-dollars-a-l-armenie_VN-202602090675.html\" title=\"Le vice-pr\u00e9sident am\u00e9ricain JD Vance annonce la vente de technologies de drones d&#039;une valeur de 11 milliards de dollars \u00e0 l&#039;Arm\u00e9nie\" class=\"internal_link\" rel=\"nofollow noopener\" target=\"_blank\">JD Vance<\/a> contre le vieux continent. Selon lui, les \u00c9tats-Unis veulent \u00ab\u00a0que l&rsquo;<a href=\"https:\/\/www.bfmtv.com\/international\/asie\/russie\/video-il-n-y-aura-pas-de-paix-sans-les-europeens-emmanuel-macron-souhaite-que-l-europe-soit-incluse-dans-les-negociations-pour-la-paix-en-ukraine_VN-202602130967.html\" title=\"&quot;Il n&#039;y aura pas de paix sans les Europ\u00e9ens&quot;: Emmanuel Macron souhaite que l&#039;Europe soit incluse dans les n\u00e9gociations pour la paix en Ukraine\" class=\"internal_link\" rel=\"nofollow noopener\" target=\"_blank\">Europe<\/a> soit forte\u00a0\u00bb, et \u00ab\u00a0que l&rsquo;Europe peut survivre\u00a0\u00bb.<\/p>\n<blockquote class=\"embed embed_quote\"><p>\u00ab\u00a0Nous savons que le destin de l&rsquo;Europe ne sera jamais sans rapport avec le n\u00f4tre\u00a0\u00bb, a-t-il dit, ajoutant que les \u00c9tats-Unis seraient \u00ab\u00a0toujours un enfant de l&rsquo;Europe\u00a0\u00bb.<\/p><\/blockquote>\n<p>\u00ab\u00a0Restauration de l&rsquo;ordre mondial\u00a0\u00bb<\/p>\n<p>L&rsquo;Am\u00e9ricain a \u00e9galement expliqu\u00e9 que l&rsquo;administration Trump, \u00e9tait pr\u00eate \u00e0 mener la \u00ab\u00a0restauration\u00a0\u00bb de l&rsquo;ordre mondial. Selon lui, les \u00c9tats-Unis ne cherchent pas \u00e0 \u00ab\u00a0diviser\u00a0\u00bb, mais \u00e0 \u00ab\u00a0revitaliser\u00a0\u00bb l&rsquo;alliance atlantique.<\/p>\n<p>Les \u00c9tats-Unis seront \u00ab\u00a0guid\u00e9s par la vision d&rsquo;un avenir aussi fier, souverain et vital que le pass\u00e9 de notre civilisation\u00a0\u00bb, a-t-il encore d\u00e9clar\u00e9. \u00ab\u00a0Et m\u00eame si nous sommes pr\u00eats, si n\u00e9cessaire, \u00e0 agir seuls, nous pr\u00e9f\u00e9rons et esp\u00e9rons agir avec vous, nos amis ici en Europe\u00a0\u00bb, a-t-il ajout\u00e9.<\/p>\n","protected":false},"excerpt":{"rendered":"Dans son discours \u00e0 la conf\u00e9rence de Munich, ce samedi 14 f\u00e9vrier au matin, le secr\u00e9taire d&rsquo;\u00c9tat des&hellip;\n","protected":false},"author":2,"featured_media":733634,"comment_status":"","ping_status":"","sticky":false,"template":"","format":"standard","meta":{"footnotes":"","_share_on_mastodon":"0"},"categories":[1589],"tags":[11,73,1866,12,1864,1865,1863,308],"class_list":["post-733633","post","type-post","status-publish","format-standard","has-post-thumbnail","category-etats-unis","tag-actualites","tag-etats-unis","tag-etats-unis-damerique","tag-news","tag-united-states","tag-united-states-of-america","tag-us","tag-usa"],"share_on_mastodon":{"url":"https:\/\/pubeurope.com\/@fr\/116068107319571386","error":""},"_links":{"self":[{"href":"https:\/\/www.europesays.com\/fr\/wp-json\/wp\/v2\/posts\/733633","targetHints":{"allow":["GET"]}}],"collection":[{"href":"https:\/\/www.europesays.com\/fr\/wp-json\/wp\/v2\/posts"}],"about":[{"href":"https:\/\/www.europesays.com\/fr\/wp-json\/wp\/v2\/types\/post"}],"author":[{"embeddable":true,"href":"https:\/\/www.europesays.com\/fr\/wp-json\/wp\/v2\/users\/2"}],"replies":[{"embeddable":true,"href":"https:\/\/www.europesays.com\/fr\/wp-json\/wp\/v2\/comments?post=733633"}],"version-history":[{"count":0,"href":"https:\/\/www.europesays.com\/fr\/wp-json\/wp\/v2\/posts\/733633\/revisions"}],"wp:featuredmedia":[{"embeddable":true,"href":"https:\/\/www.europesays.com\/fr\/wp-json\/wp\/v2\/media\/733634"}],"wp:attachment":[{"href":"https:\/\/www.europesays.com\/fr\/wp-json\/wp\/v2\/media?parent=733633"}],"wp:term":[{"taxonomy":"category","embeddable":true,"href":"https:\/\/www.europesays.com\/fr\/wp-json\/wp\/v2\/categories?post=733633"},{"taxonomy":"post_tag","embeddable":true,"href":"https:\/\/www.europesays.com\/fr\/wp-json\/wp\/v2\/tags?post=733633"}],"curies":[{"name":"wp","href":"https:\/\/api.w.org\/{rel}","templated":true}]}}