{"id":73365,"date":"2025-05-04T03:52:12","date_gmt":"2025-05-04T03:52:12","guid":{"rendered":"https:\/\/www.europesays.com\/fr\/73365\/"},"modified":"2025-05-04T03:52:12","modified_gmt":"2025-05-04T03:52:12","slug":"les-quatre-departements-places-en-vigilance-voici-les-previsions-des-prochaines-heures","status":"publish","type":"post","link":"https:\/\/www.europesays.com\/fr\/73365\/","title":{"rendered":"les quatre d\u00e9partements plac\u00e9s en vigilance, voici les pr\u00e9visions des prochaines heures"},"content":{"rendered":"<p>            Par<br \/>\n        <strong><br \/>\n            <a href=\"https:\/\/actu.fr\/auteur\/brian-legoff\" title=\"Consulter tous les articles de Brian Le Goff\" target=\"_blank\" rel=\"noopener\">Brian Le Goff<\/a><br \/>\n        <\/strong><\/p>\n<p>        Publi\u00e9 le<\/p>\n<p>            3 mai 2025 \u00e0 17h41        <\/p>\n<p>La<strong> prudence est de mise<\/strong>, ce samedi 3 mai 2025. Des <a href=\"https:\/\/actu.fr\/tag\/orages\" target=\"_blank\" rel=\"noopener\">orages<\/a> sont attendus sur la Bretagne. <a href=\"https:\/\/actu.fr\/bretagne\/\" target=\"_blank\" rel=\"noopener\">M\u00e9t\u00e9o France<\/a> a plac\u00e9 les quatre d\u00e9partements bretons en <strong>vigilance jaune<\/strong> pour cette raison. D\u00e9couvrez les pr\u00e9visions des prochaines heures avec <strong>S\u00e9bastien Decaux<\/strong>, m\u00e9t\u00e9orologue chez <a href=\"https:\/\/www.meteo.bzh\/\" target=\"_blank\" rel=\"noopener\">M\u00e9t\u00e9o Bretagne<\/a>.<\/p>\n<p class=\" wall-content\">\n<p class=\" wall-content\">Dans un premier temps, les<strong> nuages classiques, appel\u00e9s \u00ab\u00a0cumulus\u00a0\u00bb, se transforment<\/strong> doucement en \u00ab\u00a0cumulus congestus\u00a0\u00bb, signe de l\u2019approche d\u2019orages dans le ciel breton.<\/p>\n<p>Cumuls de pr\u00e9cipitations parfois importants<\/p>\n<p class=\" wall-content\">Ainsi, des averses orageuses se d\u00e9veloppent \u00e0 l\u2019int\u00e9rieur des terres <strong>jusqu\u2019\u00e0 22 ou 23 h<\/strong>, pr\u00e9cise S\u00e9bastien Decaux. Et ce, malgr\u00e9 les temp\u00e9ratures hautes, autour de 26 \u00b0C pour Rennes ou 24 \u00b0C pour le pays vannetais cet apr\u00e8s-midi.<\/p>\n<p class=\" wall-content\">\n<p class=\" wall-content\">Les <strong>cumuls<\/strong> de pr\u00e9cipitations sont <strong>parfois importants<\/strong>, avec 10 \u00e0 20 millim\u00e8tres par endroits. In fine, la d\u00e9gradation orageuse prend place du pays de <a href=\"https:\/\/actu.fr\/bretagne\/fougeres_35115\" target=\"_blank\" rel=\"noopener\">Foug\u00e8res<\/a> et de <a href=\"https:\/\/actu.fr\/le-journal-de-vitre\/\" target=\"_blank\" rel=\"noopener\">Vitr\u00e9<\/a> au centre du Finist\u00e8re, en passant par le centre <a href=\"https:\/\/actu.fr\/bretagne\/\" target=\"_blank\" rel=\"noopener\">Bretagne<\/a>.<\/p>\n<p>Fin de vigilance en fin de soir\u00e9e<\/p>\n<p class=\" wall-content\">Dans ces conditions, les quatre d\u00e9partements bretons restent en vigilance jaune orages <strong>jusqu\u2019\u00e0 20 h<\/strong> pour le <a href=\"https:\/\/actu.fr\/bretagne\/finistere_29\" target=\"_blank\" rel=\"noopener\">Finist\u00e8re<\/a> et le <a href=\"https:\/\/actu.fr\/morbihan\/\" target=\"_blank\" rel=\"noopener\">Morbihan<\/a> <strong>et 22 h<\/strong> pour les <a href=\"https:\/\/actu.fr\/bretagne\/cotes-d-armor_22\" target=\"_blank\" rel=\"noopener\">C\u00f4tes-d\u2019Armor<\/a> et l\u2019<a href=\"https:\/\/actu.fr\/bretagne\/ille-et-vilaine_35\" target=\"_blank\" rel=\"noopener\">Ille-et-Vilaine<\/a>.<\/p>\n<p>Vid\u00e9os : en ce moment sur Actu<\/p>\n<p class=\" wall-content\"><strong>\u00ab\u00a0Soyez attentifs et adoptez les bons r\u00e9flexes\u00a0\u00bb<\/strong>, insiste la pr\u00e9fecture de Bretagne sur X(ex-Twitter) :<\/p>\n<ul class=\" wall-content\">\n<li>\u00e9vitez les sorties en for\u00eat ou pr\u00e8s des cours d\u2019eau ;<\/li>\n<li>soyez vigilants si vous pratiquez des activit\u00e9s en plein air ;<\/li>\n<li>mettez \u00e0 l\u2019abri les objets susceptibles d\u2019\u00eatre endommag\u00e9s (notamment les structures, \u00e9quipements et objets sensibles aux effets du vent).<\/li>\n<\/ul>\n<p class=\" wall-content\">Suivez toute l\u2019actualit\u00e9 de vos villes et m\u00e9dias favoris en vous inscrivant \u00e0 <a href=\"https:\/\/moncompte.actu.fr\" title=\"D\u00e9couvez Mon Actu\" rel=\"nofollow noopener\" data-trk=\"{&quot;cta&quot;:{&quot;action&quot;:&quot;https:\\\/\\\/moncompte.actu.fr&quot;,&quot;category&quot;:&quot;mon compte&quot;,&quot;from&quot;:&quot;article footer&quot;,&quot;name&quot;:&quot;Mon actu&quot;,&quot;type&quot;:&quot;cta&quot;}}\" target=\"_blank\">Mon Actu<\/a>.<\/p>\n","protected":false},"excerpt":{"rendered":"Par Brian Le Goff Publi\u00e9 le 3 mai 2025 \u00e0 17h41 La prudence est de mise, ce samedi&hellip;\n","protected":false},"author":2,"featured_media":73366,"comment_status":"","ping_status":"","sticky":false,"template":"","format":"standard","meta":{"footnotes":""},"categories":[2821],"tags":[1111,11,829,1777,674,1011,27,2487,2357,12,4594,584,25],"class_list":{"0":"post-73365","1":"post","2":"type-post","3":"status-publish","4":"format-standard","5":"has-post-thumbnail","7":"category-rennes","8":"tag-actu","9":"tag-actualites","10":"tag-bretagne","11":"tag-eu","12":"tag-europe","13":"tag-fr","14":"tag-france","15":"tag-meteo","16":"tag-meteo-france","17":"tag-news","18":"tag-orages","19":"tag-rennes","20":"tag-republique-francaise"},"share_on_mastodon":{"url":"https:\/\/pubeurope.com\/@fr\/114447538130800643","error":""},"_links":{"self":[{"href":"https:\/\/www.europesays.com\/fr\/wp-json\/wp\/v2\/posts\/73365","targetHints":{"allow":["GET"]}}],"collection":[{"href":"https:\/\/www.europesays.com\/fr\/wp-json\/wp\/v2\/posts"}],"about":[{"href":"https:\/\/www.europesays.com\/fr\/wp-json\/wp\/v2\/types\/post"}],"author":[{"embeddable":true,"href":"https:\/\/www.europesays.com\/fr\/wp-json\/wp\/v2\/users\/2"}],"replies":[{"embeddable":true,"href":"https:\/\/www.europesays.com\/fr\/wp-json\/wp\/v2\/comments?post=73365"}],"version-history":[{"count":0,"href":"https:\/\/www.europesays.com\/fr\/wp-json\/wp\/v2\/posts\/73365\/revisions"}],"wp:featuredmedia":[{"embeddable":true,"href":"https:\/\/www.europesays.com\/fr\/wp-json\/wp\/v2\/media\/73366"}],"wp:attachment":[{"href":"https:\/\/www.europesays.com\/fr\/wp-json\/wp\/v2\/media?parent=73365"}],"wp:term":[{"taxonomy":"category","embeddable":true,"href":"https:\/\/www.europesays.com\/fr\/wp-json\/wp\/v2\/categories?post=73365"},{"taxonomy":"post_tag","embeddable":true,"href":"https:\/\/www.europesays.com\/fr\/wp-json\/wp\/v2\/tags?post=73365"}],"curies":[{"name":"wp","href":"https:\/\/api.w.org\/{rel}","templated":true}]}}