{"id":73377,"date":"2025-05-04T03:58:26","date_gmt":"2025-05-04T03:58:26","guid":{"rendered":"https:\/\/www.europesays.com\/fr\/73377\/"},"modified":"2025-05-04T03:58:26","modified_gmt":"2025-05-04T03:58:26","slug":"on-peut-craindre-des-orages-parfois-tres-pluvieux-a-quoi-sattendre-en-2","status":"publish","type":"post","link":"https:\/\/www.europesays.com\/fr\/73377\/","title":{"rendered":"\u00ab\u00a0On peut craindre des orages parfois tr\u00e8s pluvieux\u00a0\u00bb\u00a0: \u00e0 quoi s\u2019attendre en"},"content":{"rendered":"<p>L\u2019\u00e9pisode de chaleur pr\u00e9coce qu\u2019ont connu de nombreuses r\u00e9gions ces derniers jours va prendre fin ce week-end. Une d\u00e9pression, en provenance de la p\u00e9ninsule Ib\u00e9rique, remonte vers le sud de la France, apportant un temps instable et orageux et une nette baisse des temp\u00e9ratures, pr\u00e9vient M\u00e9t\u00e9o France, dans son dernier bulletin.<\/p>\n<blockquote class=\"bluesky-embed\" data-bluesky-uri=\"at:\/\/did:plc:fpscczi35ndvk3zwrsrrpfh6\/app.bsky.feed.post\/3lo6yld53os26\" data-bluesky-cid=\"bafyreic4sjkfsfuuci6a5tzsoruyduut4bqc7pseuvhuw25shdh7rm4ove\" data-bluesky-embed-color-mode=\"system\" wp_automatic_readability=\"7.769436997319\">\n<p lang=\"fr\">?? Ce week-end sera marqu\u00e9 par des orages parfois forts sur plusieurs r\u00e9gions, localement accompagn\u00e9s de gr\u00eale et de forts cumuls de pluie. ?? Une baisse rapide et signficative des temp\u00e9ratures s&rsquo;op\u00e8re \u00e9galement : jusqu\u2019\u00e0 10 degr\u00e9s de moins par endroits. ?? meteofrance.com\/actualites-e&#8230;<\/p>\n<p><a href=\"https:\/\/bsky.app\/profile\/did:plc:fpscczi35ndvk3zwrsrrpfh6\/post\/3lo6yld53os26?ref_src=embed\" target=\"_blank\" rel=\"noopener\">[image or embed]<\/a><\/p>\n<p>\u2014 M\u00e9t\u00e9o-France (<a href=\"https:\/\/bsky.app\/profile\/did:plc:fpscczi35ndvk3zwrsrrpfh6?ref_src=embed\" target=\"_blank\" rel=\"noopener\">@meteofrance.com<\/a>) <a href=\"https:\/\/bsky.app\/profile\/did:plc:fpscczi35ndvk3zwrsrrpfh6\/post\/3lo6yld53os26?ref_src=embed\" target=\"_blank\" rel=\"noopener\">2 mai 2025 \u00e0 16:04<\/a><\/p><\/blockquote>\n<p>\n                Nous avons bloqu\u00e9 l\u2019affichage de ce contenu pour respecter vos choix en mati\u00e8re de cookies.<br \/>En cliquant sur \u00abConsulter\u00bb, vous acceptez le d\u00e9p\u00f4t de cookies par des services de r\u00e9seaux sociaux tels que Twitter.<br \/>\n                Consulter\n            <\/p>\n<blockquote class=\"twitter-tweet\" wp_automatic_readability=\"8.0403458213256\">\n<p lang=\"fr\" dir=\"ltr\">Nombreux foyers orageux ce samedi en fin de journ\u00e9e avec un axe de convergence actif des Pays de la Loire aux fronti\u00e8res allemandes (axe au sein duquel la supercellule ayant frapp\u00e9 Paris a transit\u00e9) et une zone de forte activit\u00e9 entre Loire et Rh\u00f4ne.<\/p>\n<p>Suivi en temps r\u00e9el :\u2026 <a href=\"https:\/\/t.co\/LJ7xqs2yZw\">pic.twitter.com\/LJ7xqs2yZw<\/a><\/p>\n<p>\u2014 Keraunos (@KeraunosObs) <a href=\"https:\/\/twitter.com\/KeraunosObs\/status\/1918696453708390643?ref_src=twsrc%5Etfw\" target=\"_blank\" rel=\"noopener\">May 3, 2025<\/a><\/p><\/blockquote>\n<p>Et en Loire-Atlantique ?<\/p>\n<p><a href=\"https:\/\/vigilance.meteofrance.fr\/fr\/loire-atlantique\" target=\"_blank\" rel=\"noopener\">M\u00e9t\u00e9o France a plac\u00e9 le d\u00e9partement en vigilance jaune \u00ab orages \u00bb<\/a> ce samedi 3 mai 2025 entre 16 heures et 22 heures environ. Selon le m\u00e9t\u00e9orologue Steven Tual, c\u2019est plut\u00f4t le nord de la Loire-Atlantique qui devrait \u00eatre concern\u00e9. On peut craindre des lames d\u2019eau de 30 mm en l\u2019espace d\u2019une heure parfois et m\u00eame un risque de gr\u00eale au niveau d\u2019un axe de convergence entre des vents de nord-est en Manche et des vents de sud-ouest en Atlantique. Soyez prudents si vous circulez, pr\u00e9vient Steven Tual. \u00c0 Ch\u00e2teaubriant, M\u00e9t\u00e9o France pr\u00e9voit aux alentours de 7 millim\u00e8tres de pr\u00e9cipitations sur la p\u00e9riode.<\/p>\n<p>\u00c0 Nantes, ce dimanche 4 mai, le temps sera changeant accompagn\u00e9 d\u2019ond\u00e9es \u00e9parses en matin\u00e9e ; tr\u00e8s nuageux ensuite. Il est pr\u00e9vu 2 millim\u00e8tres de cumul de pr\u00e9cipitations, d\u00e9taille M\u00e9t\u00e9o France.<\/p>\n<p><a href=\"https:\/\/rennes.maville.com\/actu\/actudet_-restrictions-d-eau-le-prefet-de-loire-atlantique-appelle-a-adopter-les-bons-gestes-avant-l-ete-_8-6789849_actu.Htm\" target=\"_self\" rel=\"noopener\"> <strong>?LIRE AUSSI. Restrictions d\u2019eau : le pr\u00e9fet de Loire-Atlantique appelle \u00e0 adopter \u00ab les bons gestes \u00bb avant l\u2019\u00e9t\u00e9<\/strong> <\/a><\/p>\n<blockquote class=\"bluesky-embed\" data-bluesky-uri=\"at:\/\/did:plc:s34pnwtomgy5xjeyjssqqe2f\/app.bsky.feed.post\/3loakdrrk6c2v\" data-bluesky-cid=\"bafyreid6hedmmzfqdlbbve4uthkmm5uicbzn3kxgjlgl4cwa47gxlofcr4\" data-bluesky-embed-color-mode=\"system\" wp_automatic_readability=\"6.8971962616822\">\n<p lang=\"fr\">???? ?????? ???????????? ?????????????? ??????`?? ???????????????? ?????????? ????????`??-???????? On peut craindre des lames d&rsquo;eau de 30 mm en l&rsquo;espace d&rsquo;une heure parfois et m\u00eame un risque de gr\u00eale au niveau d\u2019un axe de convergence entre des vents de nord-est en Manche et des vents de sud-ouest en Atlantique. Soyez prudents si vous circulez.<\/p>\n<p><a href=\"https:\/\/bsky.app\/profile\/did:plc:s34pnwtomgy5xjeyjssqqe2f\/post\/3loakdrrk6c2v?ref_src=embed\" target=\"_blank\" rel=\"noopener\">[image or embed]<\/a><\/p>\n<p>\u2014 Temps Breton (<a href=\"https:\/\/bsky.app\/profile\/did:plc:s34pnwtomgy5xjeyjssqqe2f?ref_src=embed\" target=\"_blank\" rel=\"noopener\">@tempsbreton.bsky.social<\/a>) <a href=\"https:\/\/bsky.app\/profile\/did:plc:s34pnwtomgy5xjeyjssqqe2f\/post\/3loakdrrk6c2v?ref_src=embed\" target=\"_blank\" rel=\"noopener\">3 mai 2025 \u00e0 06:55<\/a><\/p><\/blockquote>\n<p>?Paris touch\u00e9e par l\u2019orage et la gr\u00eale<\/p>\n<p>Selon l\u2019Observatoire fran\u00e7ais des orages et tornades Keraunos : La supercellule gr\u00ealig\u00e8ne ayant balay\u00e9 Paris en 30 minutes environ a produit une intense activit\u00e9 \u00e9lectrique avec pr\u00e8s de 170 \u00e9clairs d\u00e9tect\u00e9s dont 10 impacts de foudre ce samedi. Avec des images impressionnantes de chute de gr\u00eales.<\/p>\n<p>\n                Nous avons bloqu\u00e9 l\u2019affichage de ce contenu pour respecter vos choix en mati\u00e8re de cookies.<br \/>En cliquant sur \u00abConsulter\u00bb, vous acceptez le d\u00e9p\u00f4t de cookies par des services de r\u00e9seaux sociaux tels que Twitter.<br \/>\n                Consulter\n            <\/p>\n<blockquote class=\"twitter-tweet\" wp_automatic_readability=\"3.4397163120567\">\n<p lang=\"fr\" dir=\"ltr\">De la <a href=\"https:\/\/twitter.com\/hashtag\/gr%C3%AAle?src=hash&amp;ref_src=twsrc%5Etfw\" target=\"_blank\" rel=\"noopener\">#gr\u00eale<\/a> observ\u00e9e dans le 14 \u00e8me arrondissement \u00e0 Paris <a href=\"https:\/\/t.co\/rYWndXEqVb\">pic.twitter.com\/rYWndXEqVb<\/a><\/p>\n<p>\u2014 La Cha\u00eene M\u00e9t\u00e9o (@lachainemeteo) <a href=\"https:\/\/twitter.com\/lachainemeteo\/status\/1918674488910049290?ref_src=twsrc%5Etfw\" target=\"_blank\" rel=\"noopener\">May 3, 2025<\/a><\/p><\/blockquote>\n<p>\n                Nous avons bloqu\u00e9 l\u2019affichage de ce contenu pour respecter vos choix en mati\u00e8re de cookies.<br \/>En cliquant sur \u00abConsulter\u00bb, vous acceptez le d\u00e9p\u00f4t de cookies par des services de r\u00e9seaux sociaux tels que Twitter.<br \/>\n                Consulter\n            <\/p>\n<blockquote class=\"twitter-tweet\" wp_automatic_readability=\"5.0220264317181\">\n<p lang=\"fr\" dir=\"ltr\">? Paris recouverte par un tapis de gr\u00eale ce samedi ! Un puissant orage a donn\u00e9 des gr\u00ealons de plusieurs centim\u00e8tres sur la capitale. ?? (\u00a9lemugisho) <a href=\"https:\/\/t.co\/RGuGqcN4vr\">pic.twitter.com\/RGuGqcN4vr<\/a><\/p>\n<p>\u2014 M\u00e9t\u00e9o Express (@MeteoExpress) <a href=\"https:\/\/twitter.com\/MeteoExpress\/status\/1918681084771918273?ref_src=twsrc%5Etfw\" target=\"_blank\" rel=\"noopener\">May 3, 2025<\/a><\/p><\/blockquote>\n<p>\n                Nous avons bloqu\u00e9 l\u2019affichage de ce contenu pour respecter vos choix en mati\u00e8re de cookies.<br \/>En cliquant sur \u00abConsulter\u00bb, vous acceptez le d\u00e9p\u00f4t de cookies par des services de r\u00e9seaux sociaux tels que Twitter.<br \/>\n                Consulter\n            <\/p>\n<blockquote class=\"twitter-tweet\" wp_automatic_readability=\"1.8023255813953\">\n<p lang=\"tl\" dir=\"ltr\">Oulala <a href=\"https:\/\/twitter.com\/hashtag\/paris?src=hash&amp;ref_src=twsrc%5Etfw\" target=\"_blank\" rel=\"noopener\">#paris<\/a> <a href=\"https:\/\/twitter.com\/hashtag\/orage?src=hash&amp;ref_src=twsrc%5Etfw\" target=\"_blank\" rel=\"noopener\">#orage<\/a> <a href=\"https:\/\/twitter.com\/hashtag\/grele?src=hash&amp;ref_src=twsrc%5Etfw\" target=\"_blank\" rel=\"noopener\">#grele<\/a> <a href=\"https:\/\/t.co\/Jqu0tUAwtG\">pic.twitter.com\/Jqu0tUAwtG<\/a><\/p>\n<p>\u2014 Cand75 (@Cand75) <a href=\"https:\/\/twitter.com\/Cand75\/status\/1918670957285159118?ref_src=twsrc%5Etfw\" target=\"_blank\" rel=\"noopener\">May 3, 2025<\/a><\/p><\/blockquote>\n<p>\u00a0<\/p>\n<p>\t\t<script async src=\"https:\/\/platform.twitter.com\/widgets.js\" charset=\"utf-8\"><\/script><\/p>\n","protected":false},"excerpt":{"rendered":"L\u2019\u00e9pisode de chaleur pr\u00e9coce qu\u2019ont connu de nombreuses r\u00e9gions ces derniers jours va prendre fin ce week-end. Une&hellip;\n","protected":false},"author":2,"featured_media":73378,"comment_status":"","ping_status":"","sticky":false,"template":"","format":"standard","meta":{"footnotes":""},"categories":[2818],"tags":[1111,11,11351,10815,1777,674,1011,27,3047,766,12,4594,17512,2636,17513,25,933],"class_list":{"0":"post-73377","1":"post","2":"type-post","3":"status-publish","4":"format-standard","5":"has-post-thumbnail","7":"category-nantes","8":"tag-actu","9":"tag-actualites","10":"tag-attendre","11":"tag-craindre","12":"tag-eu","13":"tag-europe","14":"tag-fr","15":"tag-france","16":"tag-loire-atlantique","17":"tag-nantes","18":"tag-news","19":"tag-orages","20":"tag-parfois","21":"tag-pays-de-la-loire","22":"tag-pluvieux","23":"tag-republique-francaise","24":"tag-tres"},"share_on_mastodon":{"url":"https:\/\/pubeurope.com\/@fr\/114447561864036964","error":""},"_links":{"self":[{"href":"https:\/\/www.europesays.com\/fr\/wp-json\/wp\/v2\/posts\/73377","targetHints":{"allow":["GET"]}}],"collection":[{"href":"https:\/\/www.europesays.com\/fr\/wp-json\/wp\/v2\/posts"}],"about":[{"href":"https:\/\/www.europesays.com\/fr\/wp-json\/wp\/v2\/types\/post"}],"author":[{"embeddable":true,"href":"https:\/\/www.europesays.com\/fr\/wp-json\/wp\/v2\/users\/2"}],"replies":[{"embeddable":true,"href":"https:\/\/www.europesays.com\/fr\/wp-json\/wp\/v2\/comments?post=73377"}],"version-history":[{"count":0,"href":"https:\/\/www.europesays.com\/fr\/wp-json\/wp\/v2\/posts\/73377\/revisions"}],"wp:featuredmedia":[{"embeddable":true,"href":"https:\/\/www.europesays.com\/fr\/wp-json\/wp\/v2\/media\/73378"}],"wp:attachment":[{"href":"https:\/\/www.europesays.com\/fr\/wp-json\/wp\/v2\/media?parent=73377"}],"wp:term":[{"taxonomy":"category","embeddable":true,"href":"https:\/\/www.europesays.com\/fr\/wp-json\/wp\/v2\/categories?post=73377"},{"taxonomy":"post_tag","embeddable":true,"href":"https:\/\/www.europesays.com\/fr\/wp-json\/wp\/v2\/tags?post=73377"}],"curies":[{"name":"wp","href":"https:\/\/api.w.org\/{rel}","templated":true}]}}