{"id":733829,"date":"2026-02-14T10:45:11","date_gmt":"2026-02-14T10:45:11","guid":{"rendered":"https:\/\/www.europesays.com\/fr\/733829\/"},"modified":"2026-02-14T10:45:11","modified_gmt":"2026-02-14T10:45:11","slug":"pendant-plusieurs-soirees-la-moitie-de-cette-ligne-de-tramway-sera-interrompue-a-bordeaux","status":"publish","type":"post","link":"https:\/\/www.europesays.com\/fr\/733829\/","title":{"rendered":"pendant plusieurs soir\u00e9es, la moiti\u00e9 de cette ligne de tramway sera interrompue \u00e0 Bordeaux"},"content":{"rendered":"<p>                    Par<br \/>\n        <strong><br \/>\n            <a href=\"https:\/\/actu.fr\/auteur\/julian-doubax\" title=\"Consulter tous les articles de Julian Doubax\" rel=\"nofollow noopener\" target=\"_blank\">Julian Doubax<\/a><br \/>\n                    <\/strong><\/p>\n<p>        Publi\u00e9 le<\/p>\n<p>            14 f\u00e9vr. 2026 \u00e0 10h46        <\/p>\n<p>Du lundi 16 au mercredi 18 f\u00e9vrier 2026, des travaux de maintenance sont pr\u00e9vus sur la ligne D du <a href=\"https:\/\/actu.fr\/nouvelle-aquitaine\/bordeaux_33063\/au-moindre-grain-de-sable-ca-dysfonctionne-les-nouvelles-lignes-de-tramway-font-derailler-le-reseau-tbm_63641198.html\" rel=\"nofollow noopener\" target=\"_blank\">tramway<\/a> \u00e0 <a href=\"https:\/\/actu.fr\/bordeaux\/\" rel=\"nofollow noopener\" target=\"_blank\">Bordeaux<\/a>. Des interruptions sont donc programm\u00e9es de 21h30 jusqu\u2019\u00e0 la fin du service. Elles seront faites en <strong>deux phases<\/strong>.<\/p>\n<p class=\" wall-content\">Les nuits du 16 au 17 f\u00e9vrier inclus, les interruptions seront entre Quinconces et Cantinolle. La nuit du 18 f\u00e9vrier, elles auront lieu entre la mairie du Bouscat et Cantinolle.\u00a0<\/p>\n<p class=\" wall-content\">Par cons\u00e9quent, les stations Fondaud\u00e8ge Mus\u00e9um, Croix de Seguey, Barri\u00e8re du M\u00e9doc, Courbet, Calypso, Mairie du Bouscat, Les Ecus, Sainte-Germain, Champs de courses Treulon, Hippodrome, Simone Veil et Picot ne seront pas <strong>desservies<\/strong> sur ces horaires.<\/p>\n<p class=\" wall-content\">Des bus relais, avec une fr\u00e9quence de 20 minutes, seront assur\u00e9s pendant ces interruptions. D\u2019autres travaux nocturnes sont attendus jusqu\u2019\u00e0 la fin du mois de f\u00e9vrier sur la ligne B du tramway.\u00a0<\/p>\n<p class=\" wall-content\">Personnalisez votre actualit\u00e9 en ajoutant vos villes et m\u00e9dias en favori avec <a href=\"https:\/\/moncompte.actu.fr\" title=\"D\u00e9couvez Mon Actu\" rel=\"nofollow noopener\" data-trk=\"{&quot;cta&quot;:{&quot;action&quot;:&quot;https:\\\/\\\/moncompte.actu.fr&quot;,&quot;category&quot;:&quot;mon compte&quot;,&quot;from&quot;:&quot;article footer&quot;,&quot;name&quot;:&quot;Mon actu&quot;,&quot;type&quot;:&quot;cta&quot;}}\" target=\"_blank\">Mon Actu<\/a>.<\/p>\n","protected":false},"excerpt":{"rendered":"Par Julian Doubax Publi\u00e9 le 14 f\u00e9vr. 2026 \u00e0 10h46 Du lundi 16 au mercredi 18 f\u00e9vrier 2026,&hellip;\n","protected":false},"author":2,"featured_media":733830,"comment_status":"","ping_status":"","sticky":false,"template":"","format":"standard","meta":{"footnotes":"","_share_on_mastodon":"0"},"categories":[2817],"tags":[1111,11,1997,1777,674,1011,27,12,2219,25,104,7952,2086],"class_list":["post-733829","post","type-post","status-publish","format-standard","has-post-thumbnail","category-bordeaux","tag-actu","tag-actualites","tag-bordeaux","tag-eu","tag-europe","tag-fr","tag-france","tag-news","tag-nouvelle-aquitaine","tag-republique-francaise","tag-societe","tag-tbm","tag-travaux"],"share_on_mastodon":{"url":"https:\/\/pubeurope.com\/@fr\/116068583023254142","error":""},"_links":{"self":[{"href":"https:\/\/www.europesays.com\/fr\/wp-json\/wp\/v2\/posts\/733829","targetHints":{"allow":["GET"]}}],"collection":[{"href":"https:\/\/www.europesays.com\/fr\/wp-json\/wp\/v2\/posts"}],"about":[{"href":"https:\/\/www.europesays.com\/fr\/wp-json\/wp\/v2\/types\/post"}],"author":[{"embeddable":true,"href":"https:\/\/www.europesays.com\/fr\/wp-json\/wp\/v2\/users\/2"}],"replies":[{"embeddable":true,"href":"https:\/\/www.europesays.com\/fr\/wp-json\/wp\/v2\/comments?post=733829"}],"version-history":[{"count":0,"href":"https:\/\/www.europesays.com\/fr\/wp-json\/wp\/v2\/posts\/733829\/revisions"}],"wp:featuredmedia":[{"embeddable":true,"href":"https:\/\/www.europesays.com\/fr\/wp-json\/wp\/v2\/media\/733830"}],"wp:attachment":[{"href":"https:\/\/www.europesays.com\/fr\/wp-json\/wp\/v2\/media?parent=733829"}],"wp:term":[{"taxonomy":"category","embeddable":true,"href":"https:\/\/www.europesays.com\/fr\/wp-json\/wp\/v2\/categories?post=733829"},{"taxonomy":"post_tag","embeddable":true,"href":"https:\/\/www.europesays.com\/fr\/wp-json\/wp\/v2\/tags?post=733829"}],"curies":[{"name":"wp","href":"https:\/\/api.w.org\/{rel}","templated":true}]}}