{"id":733878,"date":"2026-02-14T11:12:10","date_gmt":"2026-02-14T11:12:10","guid":{"rendered":"https:\/\/www.europesays.com\/fr\/733878\/"},"modified":"2026-02-14T11:12:10","modified_gmt":"2026-02-14T11:12:10","slug":"un-nouveau-terrain-de-beach-volley-inaugure-au-sein-du-complexe-sportif-du-lido-a-sete","status":"publish","type":"post","link":"https:\/\/www.europesays.com\/fr\/733878\/","title":{"rendered":"Un nouveau terrain de beach-volley inaugur\u00e9 au sein du complexe sportif du Lido, \u00e0 S\u00e8te"},"content":{"rendered":"<p>\n                                                                La Ville de S\u00e8te enrichit son complexe sportif du Lido avec un nouveau terrain de beach-volley.\n                            <\/p>\n<p>Mercredi, la Ville de S\u00e8te a inaugur\u00e9 un nouveau terrain de beach-volley au sein du complexe sportif du Lido. L\u2019espace de jeu vient compl\u00e9ter l\u2019offre d\u2019\u00e9quipements sportifs en acc\u00e8s libre. \u00ab\u00a0Objectif\u00a0: rendre le sport accessible \u00e0 tous\u00a0\u00bb, pr\u00e9cise la Ville.<\/p>\n<p>Une zone spectateurs \u00e9quip\u00e9e de trois bancs<\/p>\n<p>Situ\u00e9 tout proche de la piste d\u2019athl\u00e9tisme, des plateaux sportifs, du stade de football et du gymnase, ce nouvel \u00e9quipement r\u00e9pond aux normes f\u00e9d\u00e9rales en vigueur (18\u00a0m x 9\u00a0m). Il a vocation \u00e0 \u00ab\u00a0accompagner le d\u00e9veloppement de la pratique du beach-volley \u00e0 S\u00e8te pour tous et pour les deux clubs locaux, l\u2019Arago de S\u00e8te et le SVBC, qui pratiquent d\u00e9j\u00e0 cette discipline durant la p\u00e9riode estivale sur la plage du Lido (ZAM)\u00a0\u00bb.<\/p>\n<p>Une zone spectateurs, \u00e9quip\u00e9e de trois bancs, a par ailleurs \u00e9t\u00e9 am\u00e9nag\u00e9e. Le co\u00fbt global de l\u2019op\u00e9ration s\u2019\u00e9l\u00e8ve \u00e0 environ 60\u00a0000\u00a0\u20ac, pr\u00e9cise la Ville.<\/p>\n","protected":false},"excerpt":{"rendered":"La Ville de S\u00e8te enrichit son complexe sportif du Lido avec un nouveau terrain de beach-volley. Mercredi, la&hellip;\n","protected":false},"author":2,"featured_media":733879,"comment_status":"","ping_status":"","sticky":false,"template":"","format":"standard","meta":{"footnotes":"","_share_on_mastodon":"0"},"categories":[1417],"tags":[1011,27,7089,14042,517,60,1470,1469],"class_list":["post-733878","post","type-post","status-publish","format-standard","has-post-thumbnail","category-volley","tag-fr","tag-france","tag-herault","tag-sete","tag-sport","tag-sports","tag-volley","tag-volleyball"],"share_on_mastodon":{"url":"https:\/\/pubeurope.com\/@fr\/116068689248781616","error":""},"_links":{"self":[{"href":"https:\/\/www.europesays.com\/fr\/wp-json\/wp\/v2\/posts\/733878","targetHints":{"allow":["GET"]}}],"collection":[{"href":"https:\/\/www.europesays.com\/fr\/wp-json\/wp\/v2\/posts"}],"about":[{"href":"https:\/\/www.europesays.com\/fr\/wp-json\/wp\/v2\/types\/post"}],"author":[{"embeddable":true,"href":"https:\/\/www.europesays.com\/fr\/wp-json\/wp\/v2\/users\/2"}],"replies":[{"embeddable":true,"href":"https:\/\/www.europesays.com\/fr\/wp-json\/wp\/v2\/comments?post=733878"}],"version-history":[{"count":0,"href":"https:\/\/www.europesays.com\/fr\/wp-json\/wp\/v2\/posts\/733878\/revisions"}],"wp:featuredmedia":[{"embeddable":true,"href":"https:\/\/www.europesays.com\/fr\/wp-json\/wp\/v2\/media\/733879"}],"wp:attachment":[{"href":"https:\/\/www.europesays.com\/fr\/wp-json\/wp\/v2\/media?parent=733878"}],"wp:term":[{"taxonomy":"category","embeddable":true,"href":"https:\/\/www.europesays.com\/fr\/wp-json\/wp\/v2\/categories?post=733878"},{"taxonomy":"post_tag","embeddable":true,"href":"https:\/\/www.europesays.com\/fr\/wp-json\/wp\/v2\/tags?post=733878"}],"curies":[{"name":"wp","href":"https:\/\/api.w.org\/{rel}","templated":true}]}}