{"id":73393,"date":"2025-05-04T04:08:10","date_gmt":"2025-05-04T04:08:10","guid":{"rendered":"https:\/\/www.europesays.com\/fr\/73393\/"},"modified":"2025-05-04T04:08:10","modified_gmt":"2025-05-04T04:08:10","slug":"metropole-de-lyon-une-ville-martyrisee-venissieux-sous-les-bombes-en-mai-1944","status":"publish","type":"post","link":"https:\/\/www.europesays.com\/fr\/73393\/","title":{"rendered":"M\u00e9tropole de Lyon. Une ville martyris\u00e9e, V\u00e9nissieux sous les bombes en mai\u00a01944"},"content":{"rendered":"<p>Le 2\u00a0mai 1944, V\u00e9nissieux connut une nuit tragique. Entre 0\u00a0h\u00a045 et 1\u00a0h\u00a030, 75 bombardiers britanniques Lancaster largu\u00e8rent des bombes de 200 \u00e0 500\u00a0kg sur les usines Berliet, causant des d\u00e9g\u00e2ts consid\u00e9rables \u00e0 l\u2019infrastructure de production et aux quartiers environnants.<\/p>\n<p>Le bilan humain fut lourd\u00a0: 28 morts et 66 bless\u00e9s parmi la population civile. Les usines furent s\u00e9v\u00e8rement touch\u00e9es, avec la destruction de leurs principaux ateliers. Les cit\u00e9s ouvri\u00e8res subirent \u00e9galement d\u2019importants&#8230;<\/p>\n","protected":false},"excerpt":{"rendered":"Le 2\u00a0mai 1944, V\u00e9nissieux connut une nuit tragique. Entre 0\u00a0h\u00a045 et 1\u00a0h\u00a030, 75 bombardiers britanniques Lancaster largu\u00e8rent des&hellip;\n","protected":false},"author":2,"featured_media":73394,"comment_status":"","ping_status":"","sticky":false,"template":"","format":"standard","meta":{"footnotes":""},"categories":[1889],"tags":[1111,11,2430,3152,1777,674,1011,27,937,2428,12,25,2429,104,4375,4407],"class_list":{"0":"post-73393","1":"post","2":"type-post","3":"status-publish","4":"format-standard","5":"has-post-thumbnail","7":"category-lyon","8":"tag-actu","9":"tag-actualites","10":"tag-auvergne-rhone-alpes","11":"tag-edition-est-lyonnais","12":"tag-eu","13":"tag-europe","14":"tag-fr","15":"tag-france","16":"tag-histoire","17":"tag-lyon","18":"tag-news","19":"tag-republique-francaise","20":"tag-rhone","21":"tag-societe","22":"tag-venissieux","23":"tag-venissieux-bassin"},"share_on_mastodon":{"url":"https:\/\/pubeurope.com\/@fr\/114447601151701754","error":""},"_links":{"self":[{"href":"https:\/\/www.europesays.com\/fr\/wp-json\/wp\/v2\/posts\/73393","targetHints":{"allow":["GET"]}}],"collection":[{"href":"https:\/\/www.europesays.com\/fr\/wp-json\/wp\/v2\/posts"}],"about":[{"href":"https:\/\/www.europesays.com\/fr\/wp-json\/wp\/v2\/types\/post"}],"author":[{"embeddable":true,"href":"https:\/\/www.europesays.com\/fr\/wp-json\/wp\/v2\/users\/2"}],"replies":[{"embeddable":true,"href":"https:\/\/www.europesays.com\/fr\/wp-json\/wp\/v2\/comments?post=73393"}],"version-history":[{"count":0,"href":"https:\/\/www.europesays.com\/fr\/wp-json\/wp\/v2\/posts\/73393\/revisions"}],"wp:featuredmedia":[{"embeddable":true,"href":"https:\/\/www.europesays.com\/fr\/wp-json\/wp\/v2\/media\/73394"}],"wp:attachment":[{"href":"https:\/\/www.europesays.com\/fr\/wp-json\/wp\/v2\/media?parent=73393"}],"wp:term":[{"taxonomy":"category","embeddable":true,"href":"https:\/\/www.europesays.com\/fr\/wp-json\/wp\/v2\/categories?post=73393"},{"taxonomy":"post_tag","embeddable":true,"href":"https:\/\/www.europesays.com\/fr\/wp-json\/wp\/v2\/tags?post=73393"}],"curies":[{"name":"wp","href":"https:\/\/api.w.org\/{rel}","templated":true}]}}