{"id":733944,"date":"2026-02-14T11:55:58","date_gmt":"2026-02-14T11:55:58","guid":{"rendered":"https:\/\/www.europesays.com\/fr\/733944\/"},"modified":"2026-02-14T11:55:58","modified_gmt":"2026-02-14T11:55:58","slug":"une-nouvelle-application-de-rencontres-creee-par-une-plateforme-nantaise","status":"publish","type":"post","link":"https:\/\/www.europesays.com\/fr\/733944\/","title":{"rendered":"Une nouvelle application de rencontres cr\u00e9\u00e9e par une plateforme nantaise"},"content":{"rendered":"<p>Vous en avez marre des applications de rencontre\u00a0?<\/p>\n<p>La plateforme nantaise <a href=\"https:\/\/nantes.maville.com\/actu\/actudet_-gens-de-confiance-le-site-nantais-qui-veut-concurrencer-le-bon-coin-_52716-5116109_actu.Htm\" target=\"_self\" rel=\"nofollow noopener\">Gens de Confiance<\/a> tente de se d\u00e9marquer sur le march\u00e9 ultra-concurrentiel de l\u2019amour. Avec Pour de Vrai, la plateforme a souhait\u00e9 cr\u00e9er un mod\u00e8le \u00e0 contre-courant des usages actuels pour remettre la sinc\u00e9rit\u00e9, le respect et surtout la rencontre r\u00e9elle au c\u0153ur des relations amoureuses\u00a0\u00bb.<\/p>\n<p>Gens de Confiance a d\u00e9cid\u00e9 de cr\u00e9er son application apr\u00e8s avoir men\u00e9 une enqu\u00eate interne bas\u00e9e aupr\u00e8s de sa communaut\u00e9. Les dirigeants y ont appris que 82\u00a0% des c\u00e9libataires ont abandonn\u00e9 les applications de rencontres, lass\u00e9s par des \u00e9changes superficiels, et que 55\u00a0% aspirent d\u00e9sormais \u00e0 une relation s\u00e9rieuse et durable.<\/p>\n<p>L\u2019engagement d\u2019une confidentialit\u00e9<\/p>\n<p>L\u2019application propose une exp\u00e9rience humaine et incarn\u00e9e, loin du d\u00e9filement infini de photos\u00a0\u00bb. Elle s\u2019adresse exclusivement aux membres de la communaut\u00e9 Gens de Confiance, garantissant un environnement bienveillant compos\u00e9 uniquement de profils v\u00e9rifi\u00e9s.<\/p>\n<p>L\u2019inscription confidentielle est un engagement assum\u00e9. Aucune information concernant son inscription ou activit\u00e9 sur Pour de Vrai n\u2019est partag\u00e9e avec le reste de la communaut\u00e9. L\u2019anonymat est \u00e9galement pr\u00e9serv\u00e9. Seul le pr\u00e9nom appara\u00eet sur chaque profil, permettant d\u2019\u00e9changer en toute s\u00e9r\u00e9nit\u00e9 avant de choisir d\u2019en dire plus.<\/p>\n<p>L\u2019application fonctionne sous forme d\u2019abonnements payants.<\/p>\n<p>\u00a0<\/p>\n<p>\u00a0<\/p>\n","protected":false},"excerpt":{"rendered":"Vous en avez marre des applications de rencontre\u00a0? La plateforme nantaise Gens de Confiance tente de se d\u00e9marquer&hellip;\n","protected":false},"author":2,"featured_media":733945,"comment_status":"","ping_status":"","sticky":false,"template":"","format":"standard","meta":{"footnotes":"","_share_on_mastodon":"0"},"categories":[2818],"tags":[1111,11,8035,82223,1777,674,1011,27,7127,766,12,2043,2636,18931,10270,25,6689,9693],"class_list":["post-733944","post","type-post","status-publish","format-standard","has-post-thumbnail","category-nantes","tag-actu","tag-actualites","tag-application","tag-creee","tag-eu","tag-europe","tag-fr","tag-france","tag-nantaise","tag-nantes","tag-news","tag-nouvelle","tag-pays-de-la-loire","tag-plateforme","tag-rencontres","tag-republique-francaise","tag-roche","tag-yon"],"share_on_mastodon":{"url":"https:\/\/pubeurope.com\/@fr\/116068862105408659","error":""},"_links":{"self":[{"href":"https:\/\/www.europesays.com\/fr\/wp-json\/wp\/v2\/posts\/733944","targetHints":{"allow":["GET"]}}],"collection":[{"href":"https:\/\/www.europesays.com\/fr\/wp-json\/wp\/v2\/posts"}],"about":[{"href":"https:\/\/www.europesays.com\/fr\/wp-json\/wp\/v2\/types\/post"}],"author":[{"embeddable":true,"href":"https:\/\/www.europesays.com\/fr\/wp-json\/wp\/v2\/users\/2"}],"replies":[{"embeddable":true,"href":"https:\/\/www.europesays.com\/fr\/wp-json\/wp\/v2\/comments?post=733944"}],"version-history":[{"count":0,"href":"https:\/\/www.europesays.com\/fr\/wp-json\/wp\/v2\/posts\/733944\/revisions"}],"wp:featuredmedia":[{"embeddable":true,"href":"https:\/\/www.europesays.com\/fr\/wp-json\/wp\/v2\/media\/733945"}],"wp:attachment":[{"href":"https:\/\/www.europesays.com\/fr\/wp-json\/wp\/v2\/media?parent=733944"}],"wp:term":[{"taxonomy":"category","embeddable":true,"href":"https:\/\/www.europesays.com\/fr\/wp-json\/wp\/v2\/categories?post=733944"},{"taxonomy":"post_tag","embeddable":true,"href":"https:\/\/www.europesays.com\/fr\/wp-json\/wp\/v2\/tags?post=733944"}],"curies":[{"name":"wp","href":"https:\/\/api.w.org\/{rel}","templated":true}]}}