{"id":73397,"date":"2025-05-04T04:10:08","date_gmt":"2025-05-04T04:10:08","guid":{"rendered":"https:\/\/www.europesays.com\/fr\/73397\/"},"modified":"2025-05-04T04:10:08","modified_gmt":"2025-05-04T04:10:08","slug":"apres-la-chaleur-et-les-orages-la-meteo-opere-un-changement-radical-a-paris-et-en-ile-de-france","status":"publish","type":"post","link":"https:\/\/www.europesays.com\/fr\/73397\/","title":{"rendered":"Apr\u00e8s la chaleur et les orages, la m\u00e9t\u00e9o op\u00e8re un changement radical \u00e0 Paris et en \u00cele-de-France"},"content":{"rendered":"<p>            Par<br \/>\n        <strong><br \/>\n            <a href=\"https:\/\/actu.fr\/auteur\/redaction-paris\" title=\"Consulter tous les articles de R\u00e9daction Paris\" rel=\"nofollow noopener\" target=\"_blank\">R\u00e9daction Paris<\/a><br \/>\n        <\/strong><\/p>\n<p>        Publi\u00e9 le<\/p>\n<p>            4 mai 2025 \u00e0 6h04        <\/p>\n<p>Ils \u00e9taient attendues et ils \u00e9taient au rendez-vous. Samedi 3 mai, des <a href=\"https:\/\/actu.fr\/tag\/orages\" rel=\"nofollow noopener\" target=\"_blank\">orages<\/a> ont \u00e9clat\u00e9 dans le ciel de Paris et de l\u2019\u00cele-de-France, accompagn\u00e9s parfois de <a href=\"https:\/\/actu.fr\/ile-de-france\/paris_75056\/video-paris-un-impressionnant-orage-de-grele-s-abat-sur-la-capitale-le-metro-perturbe-par-les-inondations_62592097.html\" rel=\"nofollow noopener\" target=\"_blank\">gr\u00eale<\/a>. Un \u00e9pisode assez bref mais \u00ab\u00a0costaud\u00a0\u00bb dans la capitale notamment, qui marque un tournant radical dans la <a href=\"https:\/\/actu.fr\/paris\/meteo\" rel=\"nofollow noopener\" target=\"_blank\">m\u00e9t\u00e9o<\/a> de la r\u00e9gion plut\u00f4t estivale ces derniers jours avec des temp\u00e9ratures flirtant avec les 30\u00b0C. D\u00e9sormais de l\u2019histoire ancienne selon les pr\u00e9visions de <a href=\"https:\/\/actu.fr\/tag\/meteo-france\" rel=\"nofollow noopener\" target=\"_blank\">M\u00e9t\u00e9o-France<\/a>.\u00a0<\/p>\n<p>Baisse en fl\u00e8che des temp\u00e9ratures \u00e0 Paris et en \u00cele-de-France<\/p>\n<p class=\" wall-content\">Ce dimanche 4 mai, le ciel sera nuageux le matin avant des \u00e9claircies plus larges en d\u00e9but d\u2019apr\u00e8s-midi. Il devrait faire 10\u00b0C \u00e0 8h et le mercure ne devrait gu\u00e8re d\u00e9passer les 16\u00b0C dans l\u2019apr\u00e8s-midi.\u00a0<\/p>\n<p class=\" wall-content\">\n<p class=\" wall-content\">Lundi matin, les \u00e9claircies devraient \u00eatre pr\u00e9dominantes avant que les nuages ne deviennent plus nombreux en d\u00e9but d\u2019apr\u00e8s-midi. Les temp\u00e9ratures, dans la capitale, devraient \u00e9voluer de 7\u00b0C \u00e0 16\u00b0C, bien loin donc des niveaux de la semaine pr\u00e9c\u00e9dente.\u00a0<\/p>\n<p class=\" wall-content\">Mardi, un soleil g\u00e9n\u00e9reux devrait ouvrir la journ\u00e9e avant une d\u00e9gradation nuageuse en d\u00e9but d\u2019apr\u00e8s-midi. On pourrait gagner quelques degr\u00e9s avec des temp\u00e9ratures allant de 9\u00b0C \u00e0 19\u00b0C.\u00a0<\/p>\n<p class=\" wall-content\">M\u00eame s\u2019il est encore un peu t\u00f4t, M\u00e9t\u00e9o-France pr\u00e9voit une d\u00e9gradation du temps mercredi 7 et jeudi 8 mai avec de la pluie \u00e0 la cl\u00e9 avant un retour du soleil et des temp\u00e9ratures qui devraient repartir \u00e0 la hausse pour le reste de ce nouveau week-end prolong\u00e9.\u00a0<\/p>\n<p>Vid\u00e9os : en ce moment sur Actu<\/p>\n<p class=\" wall-content\">Suivez toute l\u2019actualit\u00e9 de vos villes et m\u00e9dias favoris en vous inscrivant \u00e0 <a href=\"https:\/\/moncompte.actu.fr\" title=\"D\u00e9couvez Mon Actu\" rel=\"nofollow noopener\" data-trk=\"{&quot;cta&quot;:{&quot;action&quot;:&quot;https:\\\/\\\/moncompte.actu.fr&quot;,&quot;category&quot;:&quot;mon compte&quot;,&quot;from&quot;:&quot;article footer&quot;,&quot;name&quot;:&quot;Mon actu&quot;,&quot;type&quot;:&quot;cta&quot;}}\" target=\"_blank\">Mon Actu<\/a>.<\/p>\n","protected":false},"excerpt":{"rendered":"Par R\u00e9daction Paris Publi\u00e9 le 4 mai 2025 \u00e0 6h04 Ils \u00e9taient attendues et ils \u00e9taient au rendez-vous.&hellip;\n","protected":false},"author":2,"featured_media":73398,"comment_status":"","ping_status":"","sticky":false,"template":"","format":"standard","meta":{"footnotes":""},"categories":[1592],"tags":[1111,11,1777,674,1011,27,662,2487,2357,12,626,25],"class_list":{"0":"post-73397","1":"post","2":"type-post","3":"status-publish","4":"format-standard","5":"has-post-thumbnail","7":"category-ile-de-france","8":"tag-actu","9":"tag-actualites","10":"tag-eu","11":"tag-europe","12":"tag-fr","13":"tag-france","14":"tag-ile-de-france","15":"tag-meteo","16":"tag-meteo-france","17":"tag-news","18":"tag-paris","19":"tag-republique-francaise"},"share_on_mastodon":{"url":"https:\/\/pubeurope.com\/@fr\/114447608950613628","error":""},"_links":{"self":[{"href":"https:\/\/www.europesays.com\/fr\/wp-json\/wp\/v2\/posts\/73397","targetHints":{"allow":["GET"]}}],"collection":[{"href":"https:\/\/www.europesays.com\/fr\/wp-json\/wp\/v2\/posts"}],"about":[{"href":"https:\/\/www.europesays.com\/fr\/wp-json\/wp\/v2\/types\/post"}],"author":[{"embeddable":true,"href":"https:\/\/www.europesays.com\/fr\/wp-json\/wp\/v2\/users\/2"}],"replies":[{"embeddable":true,"href":"https:\/\/www.europesays.com\/fr\/wp-json\/wp\/v2\/comments?post=73397"}],"version-history":[{"count":0,"href":"https:\/\/www.europesays.com\/fr\/wp-json\/wp\/v2\/posts\/73397\/revisions"}],"wp:featuredmedia":[{"embeddable":true,"href":"https:\/\/www.europesays.com\/fr\/wp-json\/wp\/v2\/media\/73398"}],"wp:attachment":[{"href":"https:\/\/www.europesays.com\/fr\/wp-json\/wp\/v2\/media?parent=73397"}],"wp:term":[{"taxonomy":"category","embeddable":true,"href":"https:\/\/www.europesays.com\/fr\/wp-json\/wp\/v2\/categories?post=73397"},{"taxonomy":"post_tag","embeddable":true,"href":"https:\/\/www.europesays.com\/fr\/wp-json\/wp\/v2\/tags?post=73397"}],"curies":[{"name":"wp","href":"https:\/\/api.w.org\/{rel}","templated":true}]}}