{"id":73411,"date":"2025-05-04T04:17:10","date_gmt":"2025-05-04T04:17:10","guid":{"rendered":"https:\/\/www.europesays.com\/fr\/73411\/"},"modified":"2025-05-04T04:17:10","modified_gmt":"2025-05-04T04:17:10","slug":"victoria-roshchyna-une-journaliste-ukrainienne-morte-pour-son-enquete","status":"publish","type":"post","link":"https:\/\/www.europesays.com\/fr\/73411\/","title":{"rendered":"Victoria Roshchyna, une journaliste ukrainienne morte pour son enqu\u00eate"},"content":{"rendered":"<p class=\"t-content__chapo\">\n                                                En ce 3 mai, journ\u00e9e internationale de la libert\u00e9 de la presse, on s&rsquo;arr\u00eate ce matin sur l&rsquo;histoire de la journaliste ukrainienne Victoria Roshchyna, unique journaliste qui couvrait les territoires ukrainiens occup\u00e9s par la Russie. Alors que les circonstances de son d\u00e9c\u00e8s l&rsquo;an dernier n&rsquo;ont jamais \u00e9t\u00e9 communiqu\u00e9es par Moscou, le r\u00e9seau de journalistes Forbidden Stories a publi\u00e9, mardi 29 avril, une grande enqu\u00eate sur l&rsquo;enl\u00e8vement et les conditions de d\u00e9tention de la jeune femme. Anne Cantener en parle avec Laurent Richard, fondateur de Forbidden Stories qui nous rappelle d&rsquo;abord, qui \u00e9tait Viktoria Roshchyna.                    <\/p>\n<p>        <img decoding=\"async\" fetchpriority=\"low\" src=\"https:\/\/www.europesays.com\/fr\/wp-content\/uploads\/2025\/05\/000_36JX4Q3.jpg\" alt=\"Victoria Roshchyna, dont le corps a \u00e9t\u00e9 rapatri\u00e9 le 14 f\u00e9vrier 2025, est la premi\u00e8re journaliste ukrainienne \u00e0 mourir en d\u00e9tention en Russie.\"   width=\"980\" height=\"551\" loading=\"eager\" class=\"m-figure__img lazy\"\/><\/p>\n<p>                Victoria Roshchyna, dont le corps a \u00e9t\u00e9 rapatri\u00e9 le 14 f\u00e9vrier 2025, est la premi\u00e8re journaliste ukrainienne \u00e0 mourir en d\u00e9tention en Russie.                AFP &#8211; ANATOLII STEPANOV            <\/p>\n","protected":false},"excerpt":{"rendered":"En ce 3 mai, journ\u00e9e internationale de la libert\u00e9 de la presse, on s&rsquo;arr\u00eate ce matin sur l&rsquo;histoire&hellip;\n","protected":false},"author":2,"featured_media":73412,"comment_status":"","ping_status":"","sticky":false,"template":"","format":"standard","meta":{"footnotes":""},"categories":[1590],"tags":[11,1777,674,10402,17733,12,132,220],"class_list":{"0":"post-73411","1":"post","2":"type-post","3":"status-publish","4":"format-standard","5":"has-post-thumbnail","7":"category-ukraine","8":"tag-actualites","9":"tag-eu","10":"tag-europe","11":"tag-liberte-de-la-presse","12":"tag-menaces-sur-linformation","13":"tag-news","14":"tag-russie","15":"tag-ukraine"},"share_on_mastodon":{"url":"https:\/\/pubeurope.com\/@fr\/114447636578244855","error":""},"_links":{"self":[{"href":"https:\/\/www.europesays.com\/fr\/wp-json\/wp\/v2\/posts\/73411","targetHints":{"allow":["GET"]}}],"collection":[{"href":"https:\/\/www.europesays.com\/fr\/wp-json\/wp\/v2\/posts"}],"about":[{"href":"https:\/\/www.europesays.com\/fr\/wp-json\/wp\/v2\/types\/post"}],"author":[{"embeddable":true,"href":"https:\/\/www.europesays.com\/fr\/wp-json\/wp\/v2\/users\/2"}],"replies":[{"embeddable":true,"href":"https:\/\/www.europesays.com\/fr\/wp-json\/wp\/v2\/comments?post=73411"}],"version-history":[{"count":0,"href":"https:\/\/www.europesays.com\/fr\/wp-json\/wp\/v2\/posts\/73411\/revisions"}],"wp:featuredmedia":[{"embeddable":true,"href":"https:\/\/www.europesays.com\/fr\/wp-json\/wp\/v2\/media\/73412"}],"wp:attachment":[{"href":"https:\/\/www.europesays.com\/fr\/wp-json\/wp\/v2\/media?parent=73411"}],"wp:term":[{"taxonomy":"category","embeddable":true,"href":"https:\/\/www.europesays.com\/fr\/wp-json\/wp\/v2\/categories?post=73411"},{"taxonomy":"post_tag","embeddable":true,"href":"https:\/\/www.europesays.com\/fr\/wp-json\/wp\/v2\/tags?post=73411"}],"curies":[{"name":"wp","href":"https:\/\/api.w.org\/{rel}","templated":true}]}}