{"id":73413,"date":"2025-05-04T04:18:11","date_gmt":"2025-05-04T04:18:11","guid":{"rendered":"https:\/\/www.europesays.com\/fr\/73413\/"},"modified":"2025-05-04T04:18:11","modified_gmt":"2025-05-04T04:18:11","slug":"des-migrants-venezueliens-lancent-un-sos-depuis-leur-prison-au-texas","status":"publish","type":"post","link":"https:\/\/www.europesays.com\/fr\/73413\/","title":{"rendered":"des migrants v\u00e9n\u00e9zu\u00e9liens lancent un SOS depuis leur prison au Texas"},"content":{"rendered":"\n<p><a class=\"ithalc\" data-ithal=\"lien_externe\" data-ithalc=\"[nav_article]\" target=\"_blank\" href=\"https:\/\/elpais.com\/us\/migracion\/2025-04-30\/migrantes-detenidos-en-texas-emiten-un-sos-por-miedo-a-ser-deportados-a-el-salvador.html\" rel=\"noopener\">Pour le quotidien espagnol<strong> El Pa\u00eds<\/strong><\/a>, il s\u2019agit \u201cd\u2019un appel \u00e0 l\u2019aide d\u00e9sesp\u00e9r\u00e9\u201d. Une vid\u00e9o, captur\u00e9e le 28\u00a0avril dernier par un drone l\u2019agence de presse am\u00e9ricaine Reuters et diffus\u00e9e sur<a class=\"ithalc\" data-ithal=\"lien_externe\" data-ithalc=\"[nav_article]\" target=\"_blank\" href=\"https:\/\/www.youtube.com\/watch?v=0IiKYlcLHsg\" rel=\"noopener\"> le compte YouTube d\u2019El Pa\u00eds<\/a>, montre trente et un hommes d\u00e9tenus au centre de d\u00e9tention de Bluebonnet, au Texas (\u00c9tats-Unis), s\u2019aligner dans la cour de leur prison pour former un SOS avec leur corps. Sur ces images, plusieurs d\u2019entre eux sont aper\u00e7us portant des combinaisons rouges, symbole des \u201cprisonniers \u00e0 haut risque\u201d, <a class=\"ithalc\" data-ithal=\"lien_externe\" data-ithalc=\"[nav_article]\" target=\"_blank\" href=\"https:\/\/cnnespanol.cnn.com\/2025\/04\/30\/eeuu\/migrantes-venezolanos-texas-sos-cecot-el-salvador-reux\" rel=\"noopener\">explique la version hispanophone de la <strong>CNN<\/strong><\/a>.<\/p>\n<p>Mais alors qui sont-ils\u00a0? Selon EL Pa\u00eds, il s\u2019agirait de migrants v\u00e9n\u00e9zu\u00e9liens qui auraient re\u00e7u dix jours plus t\u00f4t des avis d\u2019expulsion de la part des services d\u2019immigration. Ces derniers les accusent \u201cd\u2019\u00eatre affili\u00e9s au gang violent v\u00e9n\u00e9zu\u00e9lien Tren de Aragua\u201d, sans pour autant \u201cfournir de preuves\u201d pr\u00e9cise la CNN.<\/p>\n<p>Le m\u00e9dia am\u00e9ricain rapporte que, le 18\u00a0avril dernier, la plupart de ces hommes ont \u00e9t\u00e9 mis dans des bus en direction de l\u2019a\u00e9roport. <a href=\"https:\/\/www.courrierinternational.com\/article\/aux-etats-unis-la-cour-supreme-freine-l-expulsion-de-migrants-venezueliens_230070\" target=\"_blank\" rel=\"noopener\">Ils ont finalement \u00e9t\u00e9 sauv\u00e9s in extremis par la Cour Supr\u00eame qui a temporairement bloqu\u00e9 leur expulsion<\/a>. Mais depuis ils sont retenus au centre de d\u00e9tention de Bluebonnet, un \u00e9tablissement \u201ccontrovers\u00e9\u00a0sur le plan juridique et des droits de l\u2019homme, qui accueille en moyenne plus de 800\u00a0d\u00e9tenus par jour\u201d, note El Pa\u00eds. C\u2019est d\u2019ailleurs suite au refus du centre d\u2019ouvrir ses portes aux journalistes de Reuters que l\u2019agence de presse a d\u00e9cid\u00e9 de survoler l\u2019\u00e9tablissement en drone.<\/p>\n<p>Pour El Pa\u00eds, le sort de ces d\u00e9tenus \u201creste donc encore incertain\u201d. Tous nient appartenir au gang de Tren de Aragua. Mais si la Cour supr\u00eame l\u00e8ve subitement l\u2019embargo, \u201cils pourraient \u00eatre envoy\u00e9s au CECOT (centre de confinement du terrorisme) la tristement c\u00e9l\u00e8bre prison \u00e0 s\u00e9curit\u00e9 maximale du Salvador o\u00f9 l\u2019administration Trump a d\u00e9j\u00e0 envoy\u00e9 au moins 137 V\u00e9n\u00e9zu\u00e9liens\u201d, pr\u00e9cise la CNN. Selon le m\u00e9dia am\u00e9ricain, certains ont \u201cconfi\u00e9 avoir peur pour leur vie\u201d.<\/p>\n","protected":false},"excerpt":{"rendered":"Pour le quotidien espagnol El Pa\u00eds, il s\u2019agit \u201cd\u2019un appel \u00e0 l\u2019aide d\u00e9sesp\u00e9r\u00e9\u201d. Une vid\u00e9o, captur\u00e9e le 28\u00a0avril&hellip;\n","protected":false},"author":2,"featured_media":73414,"comment_status":"","ping_status":"","sticky":false,"template":"","format":"standard","meta":{"footnotes":""},"categories":[1589],"tags":[11,3822,73,1866,1061,12,316,1857,770,1864,1865,1863,308,337,17344],"class_list":{"0":"post-73413","1":"post","2":"type-post","3":"status-publish","4":"format-standard","5":"has-post-thumbnail","7":"category-etats-unis","8":"tag-actualites","9":"tag-amu00e9riques","10":"tag-etats-unis","11":"tag-etats-unis-damerique","12":"tag-immigration","13":"tag-news","14":"tag-politique","15":"tag-sociu00e9tu00e9","16":"tag-u00e9tats-unis","17":"tag-united-states","18":"tag-united-states-of-america","19":"tag-us","20":"tag-usa","21":"tag-venezuela","22":"tag-vidu00e9o"},"share_on_mastodon":{"url":"https:\/\/pubeurope.com\/@fr\/114447640567959347","error":""},"_links":{"self":[{"href":"https:\/\/www.europesays.com\/fr\/wp-json\/wp\/v2\/posts\/73413","targetHints":{"allow":["GET"]}}],"collection":[{"href":"https:\/\/www.europesays.com\/fr\/wp-json\/wp\/v2\/posts"}],"about":[{"href":"https:\/\/www.europesays.com\/fr\/wp-json\/wp\/v2\/types\/post"}],"author":[{"embeddable":true,"href":"https:\/\/www.europesays.com\/fr\/wp-json\/wp\/v2\/users\/2"}],"replies":[{"embeddable":true,"href":"https:\/\/www.europesays.com\/fr\/wp-json\/wp\/v2\/comments?post=73413"}],"version-history":[{"count":0,"href":"https:\/\/www.europesays.com\/fr\/wp-json\/wp\/v2\/posts\/73413\/revisions"}],"wp:featuredmedia":[{"embeddable":true,"href":"https:\/\/www.europesays.com\/fr\/wp-json\/wp\/v2\/media\/73414"}],"wp:attachment":[{"href":"https:\/\/www.europesays.com\/fr\/wp-json\/wp\/v2\/media?parent=73413"}],"wp:term":[{"taxonomy":"category","embeddable":true,"href":"https:\/\/www.europesays.com\/fr\/wp-json\/wp\/v2\/categories?post=73413"},{"taxonomy":"post_tag","embeddable":true,"href":"https:\/\/www.europesays.com\/fr\/wp-json\/wp\/v2\/tags?post=73413"}],"curies":[{"name":"wp","href":"https:\/\/api.w.org\/{rel}","templated":true}]}}