{"id":73419,"date":"2025-05-04T04:21:14","date_gmt":"2025-05-04T04:21:14","guid":{"rendered":"https:\/\/www.europesays.com\/fr\/73419\/"},"modified":"2025-05-04T04:21:14","modified_gmt":"2025-05-04T04:21:14","slug":"energie-le-caucase-un-axe-essentiel-pour-leurope","status":"publish","type":"post","link":"https:\/\/www.europesays.com\/fr\/73419\/","title":{"rendered":"\u00c9nergie\u00a0: le Caucase, un axe essentiel pour l\u2019Europe"},"content":{"rendered":"<p>\t\t\t\t<strong>Le Caucase est un axe essentiel pour l\u2019approvisionnement \u00e9nerg\u00e9tique de l\u2019Europe. Gaz et p\u00e9trole transitent par la mer Caspienne et la Turquie. Entretien avec Samuel Furfari pour comprendre la donne g\u00e9opolitiue de l\u2019\u00e9nergie.<\/strong><br \/>\n<strong>Conflits\u00a0: De retour d\u2019Azerba\u00efdjan, o\u00f9 s\u2019est tenu le septi\u00e8me forum international consacr\u00e9 \u00e0 la th\u00e9matique \u00ab<\/strong><strong>\u2009affronter le nouvel ordre mondial<\/strong><strong>\u2009\u00bb, quels enseignements tirez-vous de cette rencontre, tant sur la composition de ses participants que sur la teneur des d\u00e9bats<\/strong><strong>\u2009?<\/strong><\/p>\n<p><strong>Samuel Furfari\u00a0: <\/strong>Ce forum, organis\u00e9 par l\u2019universit\u00e9 ADA (Azerbaijan Diplomatic Academy) et le \u00ab\u00a0Center of analysis of international relations\u00a0\u00bb, un think tank bas\u00e9 \u00e0 Bakou , a rassembl\u00e9 quatre-vingts experts essentiellement venus d\u2019Asie centrale, des \u00c9tats-Unis, du Moyen-Orient et d\u2019Afrique. Il est \u00e0 noter la faible repr\u00e9sentation europ\u00e9enne, et plus particuli\u00e8rement l\u2019absence totale de participants fran\u00e7ais. Cette configuration a permis d\u2019aborder avec une grande libert\u00e9 les mutations profondes qui traversent actuellement la sc\u00e8ne internationale, avec, il faut bien le dire, une vision diff\u00e9rente de celle habituellement partag\u00e9e au sein de l\u2019Union europ\u00e9enne. S\u2019ouvrir \u00e0 la pens\u00e9e des autres est toujours stimulant.<\/p>\n<p><strong>Conflits\u00a0: Quels constats ont \u00e9merg\u00e9 des discussions concernant la situation g\u00e9opolitique mondiale actuelle<\/strong><strong>\u2009?<\/strong><\/p>\n<p><strong>Samuel Furfari\u00a0: <\/strong>Les d\u00e9bats ont r\u00e9v\u00e9l\u00e9 la complexit\u00e9 et la gravit\u00e9 de la situation mondiale. Nous assistons \u00e0 une mont\u00e9e des nationalismes, \u00e0 la r\u00e9surgence de conflits r\u00e9gionaux et mondiaux, ainsi qu\u2019\u00e0 une remise en cause du multilat\u00e9ralisme, qui constituait le socle de la gouvernance internationale depuis la Seconde Guerre mondiale. Cette crise se manifeste par un affaiblissement des organisations internationales, un recul du droit international et une tendance croissante \u00e0 la primaut\u00e9 de la loi du plus fort sur la sc\u00e8ne mondiale. Parall\u00e8lement, les tensions culturelles s\u2019exacerbent, tandis que les probl\u00e9matiques li\u00e9es \u00e0 l\u2019immigration, au protectionnisme et aux guerres commerciales viennent encore complexifier un paysage d\u00e9j\u00e0 fragile. Les paroles de l\u2019ancien Premier ministre britannique Lord Palmerston deviennent de plus en plus \u00e9videntes\u00a0: \u00ab\u2009Nous n\u2019avons pas d\u2019alli\u00e9s \u00e9ternels ni d\u2019ennemis perp\u00e9tuels. Nos int\u00e9r\u00eats sont \u00e9ternels et perp\u00e9tuels, et il est de notre devoir de les servir\u2009\u00bb. Il est temps que l\u2019UE en tienne compte.<\/p>\n<p>\u00c0 lire aussi :\u00a0<a href=\"https:\/\/www.revueconflits.com\/larmenie-et-lazerbaidjan-concluent-un-accord-de-paix\/\" target=\"_blank\" rel=\"noopener\">L\u2019Arm\u00e9nie et l\u2019Azerba\u00efdjan concluent un accord de paix<\/a><\/p>\n<p><strong>Conflits\u00a0: Le forum a-t-il permis d\u2019identifier de nouveaux acteurs ou dynamiques sur la sc\u00e8ne internationale<\/strong><strong>\u2009?<\/strong><\/p>\n<p><strong>Samuel Furfari\u00a0: <\/strong>Ce forum a effectivement soulign\u00e9 l\u2019\u00e9mergence de nouveaux p\u00f4les d\u2019influence, <a href=\"https:\/\/ras-nsa.ca\/fr\/recompositions-geopolitiques-dans-lespace-post-sovietique-letranger-proche-a-lepreuve-de-la-guerre-en-ukraine\/\" target=\"_blank\" rel=\"noopener\">notamment \u00e0 travers le r\u00f4le croissant de pays non occidentaux, \u00e0 l\u2019instar de l\u2019Azerba\u00efdjan, qui cherche \u00e0 s\u2019affirmer comme un acteur de m\u00e9diation et de dialogue entre le Sud global et le Nord global.<\/a> Les d\u00e9bats ont ainsi mis en exergue la n\u00e9cessit\u00e9 de repenser les m\u00e9canismes de la coop\u00e9ration internationale, dans un contexte o\u00f9 la fragmentation des int\u00e9r\u00eats nationaux rend la recherche de solutions collectives de plus en plus difficile.<\/p>\n<p>En effet, cette rencontre internationale a illustr\u00e9 l\u2019ampleur des bouleversements en cours et la n\u00e9cessit\u00e9 d\u2019adopter une approche pragmatique, fond\u00e9e sur l\u2019analyse des rapports de force r\u00e9els et sur la recherche de compromis adapt\u00e9s aux nouvelles r\u00e9alit\u00e9s g\u00e9opolitiques, tout en respectant les int\u00e9r\u00eats de chaque pays. Face \u00e0 la crise du multilat\u00e9ralisme et \u00e0 la multiplication des d\u00e9fis mondiaux, il appara\u00eet indispensable de privil\u00e9gier des solutions flexibles, capables de s\u2019adapter \u00e0 la diversit\u00e9 des int\u00e9r\u00eats nationaux, tout en pr\u00e9servant les acquis essentiels de la coop\u00e9ration internationale. Loin de signifier un renoncement, ce pragmatisme constitue au contraire la condition d\u2019une gouvernance mondiale efficace dans un monde d\u00e9sormais multipolaire et instable.<\/p>\n<p><strong>CONFLITS\u00a0: Au-del\u00e0 de ses richesses \u00e9nerg\u00e9tiques, en quoi la position g\u00e9ographique de l\u2019Azerba\u00efdjan et ses alliances r\u00e9gionales renforcent-elles son r\u00f4le sur la sc\u00e8ne internationale<\/strong><strong>\u2009?<\/strong><\/p>\n<p><strong>Samuel Furfari\u00a0: <\/strong>L\u2019Azerba\u00efdjan tire une part essentielle de son influence de sa position strat\u00e9gique au carrefour de l\u2019Eurasie, bien que le pays soit reconnu pour ses importantes ressources \u00e9nerg\u00e9tiques. Pays turcique h\u00e9ritier des routes de la soie, il s\u2019est impos\u00e9 comme un acteur central du \u00ab\u2009corridor m\u00e9dian\u2009\u00bb, axe logistique reliant la Chine \u00e0 l\u2019Europe en contournant la Russie. Cette configuration g\u00e9ographique conf\u00e8re \u00e0 l\u2019Azerba\u00efdjan un r\u00f4le de pivot dans les nouvelles dynamiques de connectivit\u00e9 eurasiatique, rendant le pays indispensable \u00e0 la Chine dans le cadre de son initiative \u00ab\u2009la Ceinture et la Route\u2009\u00bb.<\/p>\n<p>Les relations entre les \u00c9tats turciques, fond\u00e9es sur des liens historiques, ethniques, linguistiques et culturels, s\u2019intensifient et visent une int\u00e9gration accrue. Membre actif de l\u2019Organisation des \u00c9tats turciques, l\u2019Azerba\u00efdjan cultive une solidarit\u00e9 r\u00e9gionale qui s\u2019exprime tant sur le plan politique qu\u2019\u00e9conomique, notamment \u00e0 travers des projets d\u2019infrastructures majeurs. Cette \u00e9mergence d\u2019un \u00ab\u2009objet turcique\u2009\u00bb s\u2019inscrit dans la fragmentation g\u00e9opolitique mondiale et pourrait faire de la r\u00e9gion un centre d\u2019activit\u00e9 internationale de premier plan.<\/p>\n<p>La coop\u00e9ration \u00e9troite entre la G\u00e9orgie et l\u2019Azerba\u00efdjan illustre parfaitement cette dynamique. Ensemble, ils ont r\u00e9ussi \u00e0 \u00e9tablir des corridors \u00e9nerg\u00e9tiques strat\u00e9giques, permettant le transport du p\u00e9trole et du gaz de la mer Caspienne vers l\u2019Union europ\u00e9enne. Cette r\u00e9ussite a \u00e9lev\u00e9 le Caucase du sud au rang de r\u00e9gion g\u00e9opolitiquement strat\u00e9gique, chaque pays servant de porte d\u2019entr\u00e9e \u00e0 l\u2019autre pour acc\u00e9der \u00e0 divers march\u00e9s et continents. La position g\u00e9ographique de ces deux \u00c9tats, entre la mer Caspienne et la mer Noire, leur conf\u00e8re un r\u00f4le de carrefour incontournable pour les flux \u00e9nerg\u00e9tiques et commerciaux.<\/p>\n<p>\u00c0 lire aussi :\u00a0<a href=\"https:\/\/www.revueconflits.com\/lazerbaidjan-poursuit-une-strategie-dinfluence-contre-la-france-entretien-avec-pierre-dherbes\/\" target=\"_blank\" rel=\"noopener\">L\u2019Azerba\u00efdjan poursuit une strat\u00e9gie d\u2019influence contre la France. Entretien avec Pierre d\u2019Herb\u00e8s<\/a><\/p>\n<p>L\u2019avenir de cette dynamique d\u00e9pendra en grande partie de la capacit\u00e9 de l\u2019Azerba\u00efdjan \u00e0 concr\u00e9tiser des projets tels que le corridor de Zanguezour (dont votre revue a trait\u00e9 dans la derni\u00e8re livraison), qui relierait directement le pays \u00e0 la Turquie via le Nakhitchevan, tout en contournant l\u2019Arm\u00e9nie et l\u2019Iran. Ce corridor, s\u2019il se concr\u00e9tisait, renforcerait consid\u00e9rablement l\u2019int\u00e9gration r\u00e9gionale et la connectivit\u00e9 eurasiatique, tout en modifiant les \u00e9quilibres de puissance dans une r\u00e9gion historiquement instable.<\/p>\n<p>En somme, la g\u00e9ographie de l\u2019Azerba\u00efdjan, alli\u00e9e \u00e0 une diplomatie active et \u00e0 des alliances r\u00e9gionales solides, lui permet de s\u2019affirmer comme un acteur incontournable pour la s\u00e9curit\u00e9 \u00e9nerg\u00e9tique europ\u00e9enne et pour la recomposition des routes commerciales mondiales. Si cette dynamique prometteuse se maintient, elle apportera des b\u00e9n\u00e9fices non seulement \u00e0 l\u2019Azerba\u00efdjan et \u00e0 la G\u00e9orgie, mais \u00e9galement \u00e0 de nombreux autres acteurs r\u00e9gionaux et internationaux.<\/p>\n<p><strong>Conflits\u00a0: Je suppose que ce n\u2019est pas uniquement la Chine et l\u2019Azerba\u00efdjan, mais l\u2019ensemble de l\u2019Asie centrale qui est int\u00e9ress\u00e9 par ce corridor m\u00e9dian.<\/strong><\/p>\n<p><strong>Samuel Furfari\u00a0: <\/strong>Vous avez tout \u00e0 fait raison. L\u2019int\u00e9r\u00eat pour le corridor m\u00e9dian ne se limite pas \u00e0 la Chine\u2009; il concerne l\u2019ensemble des pays d\u2019Asie centrale, comme en t\u00e9moigne la forte pr\u00e9sence des cinq r\u00e9publiques d\u2019Asie centrale lors du forum. Cette mobilisation r\u00e9gionale s\u2019inscrit dans une dynamique plus large de repositionnement strat\u00e9gique de l\u2019Asie centrale, longtemps consid\u00e9r\u00e9e comme p\u00e9riph\u00e9rique, mais qui tend aujourd\u2019hui \u00e0 devenir un v\u00e9ritable carrefour g\u00e9opolitique et logistique entre l\u2019Europe et l\u2019Asie.<\/p>\n<p>La semaine pr\u00e9c\u00e9dant ce forum, la pr\u00e9sidente de la Commission europ\u00e9enne et le pr\u00e9sident du Conseil de l\u2019Union europ\u00e9enne se sont rendus \u00e0 Samarcande pour signer un accord de partenariat avec ces pays, qui affichent d\u00e9sormais l\u2019ambition de s\u2019affirmer comme des puissances r\u00e9gionales \u00e0 part enti\u00e8re. Cette ambition se traduit par des investissements massifs dans les infrastructures de transport et de logistique, \u00e0 l\u2019image des ports maritimes g\u00e9orgiens, du <a href=\"https:\/\/fr.wikipedia.org\/wiki\/Ligne_Bakou-Tbilissi-Kars#:~:text=La%20ligne%20de%20chemin%20de%20fer%20s&#039;%C3%A9tend%20sur%20838,en%20contournant%20volontairement%20l&#039;Arm%C3%A9nie.\" target=\"_blank\" rel=\"noopener\">chemin de fer Bakou-Tbilissi-Kars<\/a>, du port azerba\u00efdjanais d\u2019Alat et du d\u00e9veloppement du transport maritime sur la mer Caspienne. Ces r\u00e9alisations concr\u00e8tes rendent aujourd\u2019hui op\u00e9rationnelles les nouvelles routes de la soie, facilitant ainsi la circulation des marchandises entre l\u2019Europe, l\u2019Asie centrale et la Chine.<\/p>\n<p>J\u2019ai \u00e9t\u00e9 particuli\u00e8rement frapp\u00e9 par le dynamisme \u00e9conomique qui y r\u00e8gne, dynamisme que l\u2019on retrouve \u00e9galement dans les autres pays d\u2019Asie centrale. Marqu\u00e9s par l\u2019exp\u00e9rience traumatique du communisme, tous ces \u00c9tats manifestent une volont\u00e9 farouche de tourner la page et de profiter des avantages de l\u2019\u00e9conomie de march\u00e9. En Azerba\u00efdjan, par exemple, l\u2019absence d\u2019une gauche politique structur\u00e9e ne s\u2019explique pas uniquement par le r\u00e9gime pr\u00e9sidentiel, mais aussi par le rejet profond et durable du mod\u00e8le communiste, dont les effets d\u00e9l\u00e9t\u00e8res sont ancr\u00e9s dans la m\u00e9moire collective.<\/p>\n<p>Ainsi, en s\u2019appuyant sur le corridor m\u00e9dian, l\u2019Asie centrale cherche \u00e0 s\u2019\u00e9manciper des anciennes d\u00e9pendances, \u00e0 diversifier ses partenaires et \u00e0 s\u2019int\u00e9grer pleinement dans les nouvelles dynamiques de la mondialisation multipolaire. Cette strat\u00e9gie, soutenue par l\u2019Union europ\u00e9enne et d\u2019autres acteurs internationaux, vise \u00e0 faire de la r\u00e9gion un acteur structurant de la connectivit\u00e9 eurasiatique et du commerce global, et non plus un simple espace de transit.<\/p>\n<p><strong>Conflits\u00a0: Nous, Europ\u00e9ens, sommes surtout int\u00e9ress\u00e9s par l\u2019\u00e9nergie de ce pays. Pouvez-vous nous dresser la situation actuelle en la mati\u00e8re<\/strong><strong>\u2009?<\/strong><\/p>\n<p><strong>Samuel Furfari\u00a0: <\/strong>J\u2019ai eu l\u2019honneur de m\u2019entretenir en t\u00eate-\u00e0-t\u00eate avec de hauts dirigeants politiques et administratifs du secteur de l\u2019\u00e9nergie. Ces \u00e9changes ont renforc\u00e9 et valid\u00e9 les analyses que je partage depuis des ann\u00e9es avec mes \u00e9tudiants en g\u00e9opolitique de l\u2019\u00e9nergie \u00e0 propos de cet acteur \u00e9nerg\u00e9tique de premier plan.<\/p>\n<p>L\u2019Azerba\u00efdjan occupe une place singuli\u00e8re dans l\u2019histoire de l\u2019\u00e9nergie mondiale. C\u2019est en effet \u00e0 Bakou, et non aux \u00c9tats-Unis, que le premier puits de p\u00e9trole a \u00e9t\u00e9 for\u00e9 en 1846, durant l\u2019empire russe. Cette d\u00e9couverte a ouvert la voie \u00e0 une industrie p\u00e9troli\u00e8re florissante, notamment sous l\u2019impulsion des fr\u00e8res Nobel install\u00e9s \u00e0 Saint-P\u00e9tersbourg. Cette prosp\u00e9rit\u00e9 fut toutefois brutalement interrompue par la p\u00e9riode sovi\u00e9tique, durant laquelle le p\u00e9trole az\u00e9ri fut exploit\u00e9 au profit de Moscou, privant le pays de ses b\u00e9n\u00e9fices. Avec la fin de l\u2019URSS, l\u2019Azerba\u00efdjan a pu renouer avec son destin \u00e9nerg\u00e9tique, relan\u00e7ant une \u00e9pop\u00e9e p\u00e9troli\u00e8re et gazi\u00e8re qui fa\u00e7onne aujourd\u2019hui sa g\u00e9opolitique.<\/p>\n<p>\u00c0 lire aussi :\u00a0<a href=\"https:\/\/www.revueconflits.com\/azerbaidjan-haut-karabakh-armenie-hikmet-hajiyev\/\" target=\"_blank\" rel=\"noopener\">L\u2019Azerba\u00efdjan : un pays en mutation<\/a><\/p>\n<p>La production d\u2019hydrocarbures reste le pilier de l\u2019\u00e9conomie az\u00e9rie\u00a0: en 2022, le pays a produit 32,7\u00a0millions de tonnes de p\u00e9trole et 35\u00a0milliards de m\u00e8tres cubes de gaz naturel, qu\u2019il a respectivement export\u00e9 \u00e0 hauteur de 26,6\u00a0millions de tonnes de p\u00e9trole et 22,6\u00a0milliards de m\u00e8tres cubes de gaz. L\u2019ol\u00e9oduc Bakou-Tbilissi-Ceyhan (BTC) permet d\u2019acheminer le p\u00e9trole de la mer Caspienne jusqu\u2019\u00e0 la M\u00e9diterran\u00e9e, tandis que le Southern Gas Corridor (SGC), via les gazoducs TANAP et TAP, assure l\u2019exportation du gaz az\u00e9ri jusqu\u2019au sud de l\u2019Italie, desservant aujourd\u2019hui douze pays europ\u00e9ens.<\/p>\n<p>Suite \u00e0 la guerre en Ukraine, l\u2019Azerba\u00efdjan a contribu\u00e9 \u00e0 soulager la crise \u00e9nerg\u00e9tique europ\u00e9enne en augmentant ses livraisons de gaz \u00e0 l\u2019Union europ\u00e9enne de pr\u00e8s de 60\u00a0% entre 2021 et 2024, passant de 8 \u00e0 pr\u00e8s de 13\u00a0milliards de m\u00e8tres cubes. Cette hausse a permis \u00e0 de nouveaux pays, comme la Croatie ou la Slovaquie, de devenir clients du gaz az\u00e9ri. Consciente de sa d\u00e9pendance, l\u2019Union europ\u00e9enne demande d\u00e9sormais \u00e0 Bakou de doubler ses livraisons d\u2019ici 2027. Toutefois, cette ambition se heurte \u00e0 des contraintes d\u2019infrastructures\u00a0: le SGC fonctionne d\u00e9j\u00e0 au maximum de sa capacit\u00e9, et tout accroissement n\u00e9cessiterait des investissements de l\u2019ordre de 20\u00a0milliards de dollars, r\u00e9partis entre la mise en exploitation de nouveaux gisements en mer et le transport. Or, l\u2019incertitude politique europ\u00e9enne, marqu\u00e9e par les d\u00e9clarations de la pr\u00e9sidente de la Commission europ\u00e9enne sur l\u2019obsolescence des \u00e9nergies fossiles et par celles de Mario Draghi dans son rapport sur la perte de comp\u00e9titivit\u00e9, qui estime qu\u2019en 2030, le gaz ne sera plus utilis\u00e9 dans l\u2019Union europ\u00e9enne, freine la prise de risque des investisseurs az\u00e9ris.<\/p>\n<p>Cette situation nourrit un certain ressentiment \u00e0 Bakou, o\u00f9 l\u2019on d\u00e9nonce l\u2019ostracisme financier europ\u00e9en envers les projets fossiles et l\u2019hypocrisie d\u2019une Union europ\u00e9enne qui r\u00e9clame plus de gaz tout en affichant des objectifs de d\u00e9carbonation irr\u00e9alistes. Lors de l\u2019ouverture de la COP\u00a029, le pr\u00e9sident Ilham Aliyev a d\u2019ailleurs qualifi\u00e9 le p\u00e9trole et le gaz de \u00ab\u2009cadeau de Dieu\u2009\u00bb, provoquant la stupeur des activistes pr\u00e9sents.<\/p>\n<p>Il convient de rappeler que l\u2019Azerba\u00efdjan n\u2019a pas la puissance de feu du Qatar ou de l\u2019Arabie saoudite, mais qu\u2019il n\u2019existe pas de \u00ab\u2009petit\u2009\u00bb pays dans la g\u00e9opolitique des hydrocarbures. Pays musulman, mais non islamiste, l\u2019Azerba\u00efdjan exporte par exemple 60\u00a0% de son p\u00e9trole vers Isra\u00ebl, qui d\u00e9pend \u00e0 40\u00a0% du brut az\u00e9ri gr\u00e2ce \u00e0 l\u2019ol\u00e9oduc BTC. Cette capacit\u00e9 \u00e0 diversifier ses d\u00e9bouch\u00e9s et \u00e0 s\u2019imposer comme un partenaire fiable fait de l\u2019Azerba\u00efdjan un acteur incontournable de la nouvelle g\u00e9opolitique de l\u2019\u00e9nergie, caract\u00e9ris\u00e9e par l\u2019abondance des ressources et un march\u00e9 d\u00e9sormais favorable aux acheteurs.<\/p>\n<p>En somme, l\u2019Azerba\u00efdjan a parfaitement compris les nouvelles r\u00e8gles du jeu \u00e9nerg\u00e9tique mondial et sait en tirer parti, tout en exigeant de ses partenaires europ\u00e9ens une coh\u00e9rence entre discours et engagements financiers.<\/p>\n<p><strong>Conflits\u00a0: Quelles autres questions internationales ont \u00e9t\u00e9 abord\u00e9es lors de ce forum<\/strong><strong>\u2009?<\/strong><\/p>\n<p><strong>Samuel Furfari\u00a0: <\/strong>Plusieurs enseignements majeurs se d\u00e9gagent de ce forum, au premier rang duquel l\u2019importance des relations diplomatiques crois\u00e9es et du r\u00f4le de m\u00e9diateur que l\u2019Azerba\u00efdjan cherche \u00e0 jouer dans la r\u00e9gion. Par exemple, la Turquie et Isra\u00ebl, deux partenaires strat\u00e9giques de Bakou, illustrent parfaitement cette dynamique. <a href=\"https:\/\/www.aa.com.tr\/en\/world\/landmark-shusha-declaration-between-turkiye-azerbaijan-turns-year-old\/2614301\" target=\"_blank\" rel=\"noopener\">La d\u00e9claration de Shusha, sign\u00e9e en 2021<\/a>, a officialis\u00e9 l\u2019alliance entre la Turquie et l\u2019Azerba\u00efdjan, scellant une coop\u00e9ration approfondie dans les domaines militaire, \u00e9nerg\u00e9tique, \u00e9conomique et culturel. Isra\u00ebl, pour sa part, entretient depuis de nombreuses ann\u00e9es une amiti\u00e9 solide avec l\u2019Azerba\u00efdjan, fond\u00e9e sur des int\u00e9r\u00eats communs et une confiance mutuelle \u00e9prouv\u00e9e dans les moments difficiles. Dans ce contexte, Bakou s\u2019emploie activement \u00e0 rapprocher Ankara et J\u00e9rusalem, jouant un r\u00f4le discret, mais d\u00e9terminant dans la normalisation de leurs relations, comme en t\u00e9moignent les r\u00e9centes rencontres de haut niveau organis\u00e9es \u00e0 Bakou pour apaiser les tensions, notamment sur le dossier syrien.<\/p>\n<p>Ce r\u00f4le de m\u00e9diateur conf\u00e8re \u00e0 l\u2019Azerba\u00efdjan une nouvelle stature diplomatique, lui permettant d\u2019influer sur les \u00e9quilibres r\u00e9gionaux et de favoriser la stabilit\u00e9, tout en consolidant ses propres alliances. Cette capacit\u00e9 \u00e0 f\u00e9d\u00e9rer des partenaires parfois antagonistes sans rechercher la reconnaissance t\u00e9moigne d\u2019une diplomatie pragmatique et constructive, qui s\u2019inscrit dans la logique d\u2019un monde multipolaire o\u00f9 les alliances sont mouvantes et les int\u00e9r\u00eats convergents.<\/p>\n<p>Un autre point important du forum concerne l\u2019\u00e9volution des relations avec les \u00c9tats-Unis. Sous l\u2019administration Biden-Blinken, l\u2019Azerba\u00efdjan a per\u00e7u une politique ouvertement d\u00e9favorable, marqu\u00e9e par un soutien unilat\u00e9ral \u00e0 l\u2019Arm\u00e9nie. Cette attitude a profond\u00e9ment entam\u00e9 la confiance de Bakou envers Washington, provoquant une crise diplomatique sans pr\u00e9c\u00e9dent. En r\u00e9ponse, l\u2019Azerba\u00efdjan a renforc\u00e9 ses liens avec d\u2019autres partenaires. Le retour d\u2019une administration Trump a d\u00e9j\u00e0 modifi\u00e9 la donne, comme en t\u00e9moigne l\u2019arr\u00eat des campagnes m\u00e9diatiques hostiles et la reprise de contacts de haut niveau.<\/p>\n<p>L\u2019animosit\u00e9 de l\u2019administration Biden s\u2019est \u00e9galement manifest\u00e9e \u00e0 travers l\u2019action de l\u2019agence am\u00e9ricaine USAID, accus\u00e9e par Bakou de promouvoir des r\u00e9seaux d\u2019influence contraires aux int\u00e9r\u00eats nationaux et de porter atteinte aux valeurs traditionnelles du pays. Cette hostilit\u00e9 a conduit le procureur g\u00e9n\u00e9ral de l\u2019Azerba\u00efdjan \u00e0 ouvrir une enqu\u00eate sur les activit\u00e9s ill\u00e9gales de l\u2019USAID. L\u2019enqu\u00eate en cours permet de mesurer l\u2019ampleur de l\u2019activit\u00e9 anti-azerba\u00efdjanaise de cette agence. En r\u00e9action, des appels \u00e0 l\u2019expulsion de l\u2019USAID ont \u00e9merg\u00e9, accompagn\u00e9s d\u2019une demande adress\u00e9e directement \u00e0 l\u2019administration Trump pour qu\u2019elle prenne des mesures contre cette organisation.<\/p>\n<p><strong>Conflits\u00a0: Qu\u2019en est-il du conflit avec l\u2019Arm\u00e9nie<\/strong><strong>\u2009?<\/strong><\/p>\n<p><strong>Samuel Furfari\u00a0: <\/strong>Cette question demeure centrale dans tous les esprits, tant elle conditionne la stabilit\u00e9 du Caucase et l\u2019avenir des relations r\u00e9gionales. Pour l\u2019Azerba\u00efdjan, la guerre de 44\u00a0jours en 2020 a mis fin \u00e0 trois d\u00e9cennies d\u2019occupation du Haut-Karabakh, aboutissant \u00e0 la signature, le 10\u00a0novembre 2020, d\u2019un acte de capitulation par l\u2019Arm\u00e9nie. Depuis lors, la dynamique a profond\u00e9ment chang\u00e9\u00a0: l\u2019Azerba\u00efdjan a repris le contr\u00f4le de la quasi-totalit\u00e9 des territoires contest\u00e9s, et l\u2019exode de la population arm\u00e9nienne du Karabakh en 2023 a rendu la question du statut de la r\u00e9gion non n\u00e9gociable pour Bakou.<\/p>\n<p>En mars 2025, un pas d\u00e9cisif a \u00e9t\u00e9 franchi\u00a0: les deux pays ont annonc\u00e9 avoir finalis\u00e9 le texte d\u2019un accord de paix cens\u00e9 mettre un terme \u00e0 pr\u00e8s de quarante ans de conflit. Toutefois, la signature de ce trait\u00e9 reste suspendue, car l\u2019Azerba\u00efdjan exige que l\u2019Arm\u00e9nie modifie sa constitution pour supprimer toute r\u00e9f\u00e9rence \u00e0 des revendications territoriales sur le Karabakh, condition sine qua non \u00e0 la normalisation des relations. Cette exigence, qui n\u00e9cessiterait un r\u00e9f\u00e9rendum en Arm\u00e9nie, est politiquement sensible pour le gouvernement de Nikol Pashinyan, d\u2019autant qu\u2019il se pr\u00e9pare \u00e0 organiser des \u00e9lections l\u00e9gislatives en 2026.<\/p>\n<p>\u00c0 lire aussi :\u00a0<a href=\"https:\/\/www.revueconflits.com\/armenie-azerbaidjan-reprise-de-la-guerre\/\" target=\"_blank\" rel=\"noopener\">Arm\u00e9nie \/ Azerba\u00efdjan, reprise de la guerre<\/a><\/p>\n<p>Par ailleurs, la question du corridor de Zangezur, qui relie l\u2019Azerba\u00efdjan \u00e0 son exclave du Nakhitchevan, demeure un sujet de discorde majeur. Bakou r\u00e9clame un acc\u00e8s terrestre garanti, tandis qu\u2019Erevan craint une remise en cause de sa souverainet\u00e9 sur cette bande strat\u00e9gique. Ces enjeux frontaliers, h\u00e9rit\u00e9s des manipulations imp\u00e9riales russes au XIXe\u00a0si\u00e8cle et des red\u00e9coupages sovi\u00e9tiques du XXe\u00a0si\u00e8cle, continuent d\u2019empoisonner les relations bilat\u00e9rales et d\u2019alimenter les tensions r\u00e9gionales. La R\u00e9publique islamique d\u2019Iran, qui observe avec inqui\u00e9tude le renforcement de l\u2019Azerba\u00efdjan \u00e0 sa fronti\u00e8re nord, apporte son soutien \u00e0 l\u2019Arm\u00e9nie chr\u00e9tienne. Cette posture illustre un paradoxe suppl\u00e9mentaire dans la r\u00e9gion\u00a0: un r\u00e9gime th\u00e9ocratique chiite s\u2019aligne, pour des raisons g\u00e9opolitiques, avec un \u00c9tat chr\u00e9tien contre un voisin musulman chiite, r\u00e9v\u00e9lant ainsi la primaut\u00e9 des int\u00e9r\u00eats strat\u00e9giques sur les affinit\u00e9s religieuses.<\/p>\n<p><strong>Conflits. Une derni\u00e8re question, quelle est la situation aujourd\u2019hui du Karabakh<\/strong><strong>\u2009?<\/strong><\/p>\n<p><strong>Samuel Furfari\u00a0: <\/strong>Le forum a \u00e9galement eu lieu \u00e0 Khankendi, anciennement Stepanakert, durant les 30\u00a0ann\u00e9es de contr\u00f4le arm\u00e9nien. Apr\u00e8s le r\u00e9tablissement du contr\u00f4le azerba\u00efdjanais lors de l\u2019op\u00e9ration militaire de septembre 2023, la quasi-totalit\u00e9 de la population arm\u00e9nienne a fui la r\u00e9gion, laissant Khankendi et les autres localit\u00e9s quasiment d\u00e9sertes. D\u00e8s lors, l\u2019Azerba\u00efdjan a affirm\u00e9 sa souverainet\u00e9 sur l\u2019ensemble du territoire, effa\u00e7ant les symboles de l\u2019administration s\u00e9paratiste et lan\u00e7ant un vaste programme de reconstruction et de r\u00e9int\u00e9gration. Je souligne qu\u2019au hasard, j\u2019ai vu des \u00e9glises chr\u00e9tiennes.<\/p>\n<p>Le nom Khankendi, qui signifie \u00ab\u2009village du Khan\u2009\u00bb, rappelle l\u2019origine azerba\u00efdjanaise de la ville, fond\u00e9e au XVIIIe\u00a0si\u00e8cle par le khanat du Karabakh, avant que l\u2019empire russe puis l\u2019Union sovi\u00e9tique ne modifient la composition d\u00e9mographique et l\u2019organisation territoriale de la r\u00e9gion. Aujourd\u2019hui, l\u2019Azerba\u00efdjan s\u2019emploie \u00e0 restaurer l\u2019infrastructure urbaine et \u00e0 r\u00e9affirmer l\u2019identit\u00e9 historique de la ville. Un a\u00e9roport a \u00e9t\u00e9 ouvert \u00e0 Fuzuli et une autoroute est en voie d\u2019ach\u00e8vement pour relier la r\u00e9gion. J\u2019ai pu observer que la cr\u00e9ation de <a href=\"https:\/\/karabakh.edu.az\/en\" target=\"_blank\" rel=\"noopener\">l\u2019universit\u00e9 du Karabakh \u00e0 Khankendi<\/a> attire d\u00e9j\u00e0 des \u00e9tudiants, ce qui devrait \u00eatre de nature \u00e0 favoriser la renaissance de la vie locale, notamment en encourageant la population \u00e0 investir les lieux et \u00e0 participer \u00e0 la vie universitaire.<\/p>\n<p>La normalisation r\u00e9gionale d\u00e9pend d\u00e9sormais de la signature d\u2019un accord de paix entre l\u2019Azerba\u00efdjan et l\u2019Arm\u00e9nie. Si un tel accord est conclu, il n\u2019existera plus d\u2019obstacle majeur \u00e0 la coop\u00e9ration r\u00e9gionale et \u00e0 l\u2019int\u00e9gration du Caucase du sud dans les nouvelles routes de la soie, ce qui profiterait \u00e0 l\u2019ensemble des pays de la r\u00e9gion. La perspective d\u2019une r\u00e9gion pacifi\u00e9e, connect\u00e9e et prosp\u00e8re, disposant d\u2019une \u00e9nergie abondante et bon march\u00e9, et capable de jouer un r\u00f4le de carrefour entre l\u2019Europe et l\u2019Asie, est d\u00e9sormais \u00e0 port\u00e9e de main, \u00e0 condition que les ranc\u0153urs du pass\u00e9 soient surmont\u00e9es et que la stabilit\u00e9 soit durablement assur\u00e9e.<\/p>\n","protected":false},"excerpt":{"rendered":"Le Caucase est un axe essentiel pour l\u2019approvisionnement \u00e9nerg\u00e9tique de l\u2019Europe. Gaz et p\u00e9trole transitent par la mer&hellip;\n","protected":false},"author":2,"featured_media":73420,"comment_status":"","ping_status":"","sticky":false,"template":"","format":"standard","meta":{"footnotes":""},"categories":[1586],"tags":[11,15149,17738,1777,674,1011,27,12,25],"class_list":{"0":"post-73419","1":"post","2":"type-post","3":"status-publish","4":"format-standard","5":"has-post-thumbnail","7":"category-europe","8":"tag-actualites","9":"tag-azerbaidjan","10":"tag-caucase","11":"tag-eu","12":"tag-europe","13":"tag-fr","14":"tag-france","15":"tag-news","16":"tag-republique-francaise"},"share_on_mastodon":{"url":"https:\/\/pubeurope.com\/@fr\/114447652155780636","error":""},"_links":{"self":[{"href":"https:\/\/www.europesays.com\/fr\/wp-json\/wp\/v2\/posts\/73419","targetHints":{"allow":["GET"]}}],"collection":[{"href":"https:\/\/www.europesays.com\/fr\/wp-json\/wp\/v2\/posts"}],"about":[{"href":"https:\/\/www.europesays.com\/fr\/wp-json\/wp\/v2\/types\/post"}],"author":[{"embeddable":true,"href":"https:\/\/www.europesays.com\/fr\/wp-json\/wp\/v2\/users\/2"}],"replies":[{"embeddable":true,"href":"https:\/\/www.europesays.com\/fr\/wp-json\/wp\/v2\/comments?post=73419"}],"version-history":[{"count":0,"href":"https:\/\/www.europesays.com\/fr\/wp-json\/wp\/v2\/posts\/73419\/revisions"}],"wp:featuredmedia":[{"embeddable":true,"href":"https:\/\/www.europesays.com\/fr\/wp-json\/wp\/v2\/media\/73420"}],"wp:attachment":[{"href":"https:\/\/www.europesays.com\/fr\/wp-json\/wp\/v2\/media?parent=73419"}],"wp:term":[{"taxonomy":"category","embeddable":true,"href":"https:\/\/www.europesays.com\/fr\/wp-json\/wp\/v2\/categories?post=73419"},{"taxonomy":"post_tag","embeddable":true,"href":"https:\/\/www.europesays.com\/fr\/wp-json\/wp\/v2\/tags?post=73419"}],"curies":[{"name":"wp","href":"https:\/\/api.w.org\/{rel}","templated":true}]}}