{"id":73439,"date":"2025-05-04T04:34:10","date_gmt":"2025-05-04T04:34:10","guid":{"rendered":"https:\/\/www.europesays.com\/fr\/73439\/"},"modified":"2025-05-04T04:34:10","modified_gmt":"2025-05-04T04:34:10","slug":"un-talent-portugais-dans-le-viseur-du-psg","status":"publish","type":"post","link":"https:\/\/www.europesays.com\/fr\/73439\/","title":{"rendered":"Un talent portugais dans le viseur du PSG !"},"content":{"rendered":"<p><strong>Tom\u00e1s Ara\u00fajo, d\u00e9fenseur central de 22 ans de Benfica sous contrat jusqu\u2019en 2029 suite \u00e0 une prolongation en d\u00e9cembre dernier, a \u00e9t\u00e9 annonc\u00e9 parmi les cibles du Paris Saint-Germain pour la fin du mercato estival 2024 et la rumeur est revenue pour l\u2019hiver. Record assure que le club parisien insiste pour attirer le joueur de Benfica.\u00a0<\/strong><\/p>\n<blockquote class=\"twitter-tweet\" data-media-max-width=\"560\">\n<p dir=\"ltr\" lang=\"fr\">\ud83d\udea8\u2705 Le PSG insiste toujours pour Tom\u00e1s Ara\u00fajo !<\/p>\n<p>\ud83d\udccb Le club parisien pr\u00e9pare une refonte de sa d\u00e9fense axiale, avec la possibilit\u00e9 de vendre Marquinhos, Kimpembe et Skriniar !<\/p>\n<p>\ud83c\udfc3\u200d\u2642\ufe0f Le d\u00e9fenseur central, qui \u00e9voluait \u00e9galement lat\u00e9ral droit ces derniers mois, a une clause fix\u00e9e \u00e0\u2026 <a href=\"https:\/\/t.co\/LZXrnEcIHe\">https:\/\/t.co\/LZXrnEcIHe<\/a> <a href=\"https:\/\/t.co\/yjtBwBuyQ6\">pic.twitter.com\/yjtBwBuyQ6<\/a><\/p>\n<p>\u2014 ParisSG INFOS (@Paris_sginfos) <a href=\"https:\/\/twitter.com\/Paris_sginfos\/status\/1918377897649213663?ref_src=twsrc%5Etfw\" target=\"_blank\" rel=\"noopener\">May 2, 2025<\/a><\/p>\n<\/blockquote>\n<p class=\"my-0\">Le PSG pourrait pr\u00e9parer une refonte de sa d\u00e9fense centrale, envisageant de tourner une page importante avec les possibles d\u00e9parts de cadres comme Marquinhos, Presnel Kimpembe et Milan Skriniar. Si Marquinhos pourrait s\u00e9rieusement rester cela n\u2019empecherait pas d\u2019insister pour attirer Tom\u00e1s Ara\u00fajo, consid\u00e9r\u00e9 comme l\u2019un des talents les plus prometteurs de sa g\u00e9n\u00e9ration. Sa polyvalence, puisqu\u2019il a \u00e9galement \u00e9volu\u00e9 au poste de lat\u00e9ral droit, et sa maturit\u00e9 malgr\u00e9 son jeune \u00e2ge, en font une cible prioritaire pour insuffler du sang neuf \u00e0 l\u2019arri\u00e8re-garde parisienne. De plus, il poursuivrait le mercato \u00e0 r\u00e9sonance portugaise cher \u00e0 Luis Campos.<\/p>\n<p class=\"my-0\">L\u2019arriv\u00e9e d\u2019Ara\u00fajo viendrait renforcer une concurrence d\u00e9j\u00e0 forte \u00e0 ce poste, o\u00f9 la jeunesse et le talent sont d\u00e9sormais privil\u00e9gi\u00e9s pour construire l\u2019avenir du club. Il a une clause lib\u00e9ratoire \u00e9lev\u00e9e, cela montrerait aussi la volont\u00e9 du PSG de miser sur un profil aussi qui colle parfaitement au projet actuel. Attention cependant, les rumeurs du mois de mai ne sont pas toujours v\u00e9rifi\u00e9es ou v\u00e9rifiable. Il reste du temps avant la fin de la saison.<\/p>\n<p>\t\t\t\t\t\t\t\t\t\t\t\t\t\t\t\t\t\t\t\t\t\t\t<img loading=\"lazy\" src=\"https:\/\/www.europesays.com\/fr\/wp-content\/uploads\/2025\/04\/ParisFans_Logo.png\" decoding=\"async\" class=\"lazyload\" width=\"240\" height=\"54\" data-eio-rwidth=\"240\" data-eio-rheight=\"54\"\/><\/p>\n<p>\t\t\t\t\t\t\t\t<script async src=\"https:\/\/platform.twitter.com\/widgets.js\" charset=\"utf-8\"><\/script><\/p>\n","protected":false},"excerpt":{"rendered":"Tom\u00e1s Ara\u00fajo, d\u00e9fenseur central de 22 ans de Benfica sous contrat jusqu\u2019en 2029 suite \u00e0 une prolongation en&hellip;\n","protected":false},"author":2,"featured_media":73440,"comment_status":"","ping_status":"","sticky":false,"template":"","format":"standard","meta":{"footnotes":""},"categories":[1410],"tags":[350,63,1011,27,1434,17740,17741,60,17347,96],"class_list":{"0":"post-73439","1":"post","2":"type-post","3":"status-publish","4":"format-standard","5":"has-post-thumbnail","7":"category-football","8":"tag-concurrence","9":"tag-football","10":"tag-fr","11":"tag-france","12":"tag-mercato","13":"tag-recru","14":"tag-renouvellement","15":"tag-sports","16":"tag-tomas-araujo","17":"tag-une"},"share_on_mastodon":{"url":"https:\/\/pubeurope.com\/@fr\/114447704504426471","error":""},"_links":{"self":[{"href":"https:\/\/www.europesays.com\/fr\/wp-json\/wp\/v2\/posts\/73439","targetHints":{"allow":["GET"]}}],"collection":[{"href":"https:\/\/www.europesays.com\/fr\/wp-json\/wp\/v2\/posts"}],"about":[{"href":"https:\/\/www.europesays.com\/fr\/wp-json\/wp\/v2\/types\/post"}],"author":[{"embeddable":true,"href":"https:\/\/www.europesays.com\/fr\/wp-json\/wp\/v2\/users\/2"}],"replies":[{"embeddable":true,"href":"https:\/\/www.europesays.com\/fr\/wp-json\/wp\/v2\/comments?post=73439"}],"version-history":[{"count":0,"href":"https:\/\/www.europesays.com\/fr\/wp-json\/wp\/v2\/posts\/73439\/revisions"}],"wp:featuredmedia":[{"embeddable":true,"href":"https:\/\/www.europesays.com\/fr\/wp-json\/wp\/v2\/media\/73440"}],"wp:attachment":[{"href":"https:\/\/www.europesays.com\/fr\/wp-json\/wp\/v2\/media?parent=73439"}],"wp:term":[{"taxonomy":"category","embeddable":true,"href":"https:\/\/www.europesays.com\/fr\/wp-json\/wp\/v2\/categories?post=73439"},{"taxonomy":"post_tag","embeddable":true,"href":"https:\/\/www.europesays.com\/fr\/wp-json\/wp\/v2\/tags?post=73439"}],"curies":[{"name":"wp","href":"https:\/\/api.w.org\/{rel}","templated":true}]}}