{"id":73454,"date":"2025-05-04T04:43:08","date_gmt":"2025-05-04T04:43:08","guid":{"rendered":"https:\/\/www.europesays.com\/fr\/73454\/"},"modified":"2025-05-04T04:43:08","modified_gmt":"2025-05-04T04:43:08","slug":"jean-pierre-castaldi-son-etat-de-sante-inquietant-tres-essouffle-apres-avoir-brule-la-vie","status":"publish","type":"post","link":"https:\/\/www.europesays.com\/fr\/73454\/","title":{"rendered":"Jean-Pierre Castaldi : son \u00e9tat de sant\u00e9 inqui\u00e9tant ? \u00ab\u00a0Tr\u00e8s essouffl\u00e9\u2026\u00a0\u00bb apr\u00e8s avoir br\u00fbl\u00e9 la vie"},"content":{"rendered":"<p><a href=\"https:\/\/www.closermag.fr\/people\/jean-pierre-castaldi-la-mort-leffraie-a-cause-de-sa-petite-derniere-jeune-femme-tapie-dans-lombre-3519202\" target=\"_blank\" rel=\"noopener\"><br \/>\nJean-Pierre Castaldi<\/a> <strong>au plus mal ?<\/strong> Dans une<br \/>\ninterview pour Buzz TV, <a href=\"https:\/\/www.closermag.fr\/people\/isabelle-morini-bosc-retablit-la-verite-sur-la-mort-de-son-mari-atteint-dune-leucemie-3541337\" target=\"_blank\" rel=\"noopener\"><br \/>\nIsabelle Morini-Bosc<\/a> a d\u00e9voil\u00e9 les <strong>coulisses<\/strong><br \/>\ndu num\u00e9ro exceptionnel de Fort Boyard pour les 35 ans de<br \/>\nl\u2019\u00e9mission. L\u2019\u00e9mission a \u00e9t\u00e9 diffus\u00e9e le jeudi 1er mai. Au casting<br \/>\n? Il y avait l\u2019ancien pr\u00e9sentateur de l\u2019\u00e9mission phare, Jean-Pierre<br \/>\nCastaldi.<\/p>\n<p>Concernant les <strong>\u00e9preuves<\/strong>, la production de<br \/>\nFrance 2 a fait <strong>attention \u00e0 son \u00e9tat de sant\u00e9.<\/strong><br \/>\n\u201cJe suis t\u00e9moin qu\u2019ils ont vraiment \u00e9t\u00e9 tr\u00e8s<br \/>\n<strong>pr\u00e9cautionneux<\/strong> parce que mon <strong>Jean-Pierre<br \/>\nqui fume,<\/strong> ou alors s\u2019il ne fume pas, c\u2019est bien<br \/>\nimit\u00e9.\u2019\u2019 commence par annoncer Isabelle Morini-Bosc dans<br \/>\nl\u2019interview.<\/p>\n<p>Jean-Pierre Castaldi face \u00e0 des soucis de sant\u00e9 : son \u00e9tat de<br \/>\nsant\u00e9 inqui\u00e8te<\/p>\n<p>Dans une interview pour Buzz Tv, Jean-Pierre Castaldi<br \/>\navait d\u00e9j\u00e0 \u00e9voqu\u00e9 les <strong>d\u00e9rives<\/strong> de sa vie. Il disait<br \/>\n\u201c<strong>qu\u2019il a grill\u00e9 la vie par les trois<br \/>\nbouts\u2026<\/strong>C\u2019est ce qu\u2019il nous a dit sur ce plateau.\u2019\u2019<br \/>\naffirme le pr\u00e9sentateur de l\u2019\u00e9mission. \u201c<strong>Je n\u2019aurais pas<br \/>\nos\u00e9 le dire mais voil\u00e0\u2026J\u2019en connais au moins deux des<br \/>\nbouts..<\/strong>\u2019\u2019 s\u2019amuse Isabelle Morini-Bosc \u00e0 ce sujet.<br \/>\n\u201cOn vous laisse deviner le troisi\u00e8me.\u2019\u2019 compl\u00e8te le<br \/>\njournaliste.<\/p>\n<p>Sur le tournage de Fort Boyard, Jean-Pierre Castaldi a<br \/>\neu du mal \u00e0 <strong>tenir le rythme<\/strong>. \u201cUn moment il a<br \/>\n<strong>mont\u00e9 les escaliers Jean-Pierre et, pardonne-moi de le<br \/>\ndire, il \u00e9tait tr\u00e8s, tr\u00e8s essouffl\u00e9.<\/strong> Tout de suite,<br \/>\n<a href=\"https:\/\/www.telestar.fr\/people\/coup-de-tonnerre-olivier-minne-quitte-france-televisions-a-la-surprise-generale-1720895\" target=\"_blank\" rel=\"noopener\"><br \/>\nOlivier Minne<\/a>, qui est un de mes meilleurs amis que j\u2019aime<br \/>\ninfiniment, et tout le monde, sont venus. Il a surtout fait des<br \/>\n<strong>\u00e9preuves<br \/>\nintellectuelles.\u2019\u2019<\/strong><strong>\u00a0<\/strong><\/p>\n<p>Des \u00e9preuves de Fort Boyard adapt\u00e9es<br \/>\npour l\u2019ancien animateur<\/p>\n<p>Pour que tout se passe bien pour <strong>Jean-Pierre Castaldi et<br \/>\nsa sant\u00e9,<\/strong> les \u00e9preuves \u00e9taient plus<br \/>\n<strong>intellectuelles<\/strong> que physiques. Il a notamment \u00e9t\u00e9<br \/>\ndans la tour du P\u00e8re Fouras. \u201c<strong>Il a un sens du jeu<br \/>\nmental. C\u2019est un joueur de cartes. Il a un sens de la strat\u00e9gie que<br \/>\nmoi je n\u2019ai pas<\/strong>.\u2019\u2019 affirme Isabelle-Morini Bosc<\/p>\n<p>Une journaliste pr\u00e9sente sur le plateau de Buzz Tv a<br \/>\nalors demand\u00e9 si la <strong>production a annul\u00e9 les \u00e9preuves<br \/>\nphysiques pr\u00e9vues pour Jean-Pierre Castaldi.<\/strong> \u201cJe pense<br \/>\nque <strong>d\u00e8s le d\u00e9part, ils n\u2019ont pas pr\u00e9vu d\u2019\u00e9preuves physiques<br \/>\npour lui.\u2019\u2019<\/strong> affirme la chroniqueuse de TPMP<br \/>\navant de parler de sa <strong>situation personnelle<\/strong> au<br \/>\nmoment du tournage. \u201cMoi, j\u2019ai \u00e9t\u00e9 tr\u00e8s<br \/>\n<strong>honn\u00eate<\/strong>. Et j\u2019ai dit d\u00e8s le d\u00e9part que <strong>mon<br \/>\nmari est tr\u00e8s malade.<\/strong> Donc que je ne <strong>pouvais pas<br \/>\nme permettre de me<br \/>\nblesser.<\/strong><strong>\u2019\u2019\u00a0<\/strong><\/p>\n","protected":false},"excerpt":{"rendered":"Jean-Pierre Castaldi au plus mal ? Dans une interview pour Buzz TV, Isabelle Morini-Bosc a d\u00e9voil\u00e9 les coulisses&hellip;\n","protected":false},"author":2,"featured_media":73455,"comment_status":"","ping_status":"","sticky":false,"template":"","format":"standard","meta":{"footnotes":""},"categories":[8],"tags":[548,58,59,1011,27,17031],"class_list":{"0":"post-73454","1":"post","2":"type-post","3":"status-publish","4":"format-standard","5":"has-post-thumbnail","7":"category-divertissement","8":"tag-article-simple","9":"tag-divertissement","10":"tag-entertainment","11":"tag-fr","12":"tag-france","13":"tag-jean-pierre-castaldi"},"share_on_mastodon":{"url":"https:\/\/pubeurope.com\/@fr\/114447738724436243","error":""},"_links":{"self":[{"href":"https:\/\/www.europesays.com\/fr\/wp-json\/wp\/v2\/posts\/73454","targetHints":{"allow":["GET"]}}],"collection":[{"href":"https:\/\/www.europesays.com\/fr\/wp-json\/wp\/v2\/posts"}],"about":[{"href":"https:\/\/www.europesays.com\/fr\/wp-json\/wp\/v2\/types\/post"}],"author":[{"embeddable":true,"href":"https:\/\/www.europesays.com\/fr\/wp-json\/wp\/v2\/users\/2"}],"replies":[{"embeddable":true,"href":"https:\/\/www.europesays.com\/fr\/wp-json\/wp\/v2\/comments?post=73454"}],"version-history":[{"count":0,"href":"https:\/\/www.europesays.com\/fr\/wp-json\/wp\/v2\/posts\/73454\/revisions"}],"wp:featuredmedia":[{"embeddable":true,"href":"https:\/\/www.europesays.com\/fr\/wp-json\/wp\/v2\/media\/73455"}],"wp:attachment":[{"href":"https:\/\/www.europesays.com\/fr\/wp-json\/wp\/v2\/media?parent=73454"}],"wp:term":[{"taxonomy":"category","embeddable":true,"href":"https:\/\/www.europesays.com\/fr\/wp-json\/wp\/v2\/categories?post=73454"},{"taxonomy":"post_tag","embeddable":true,"href":"https:\/\/www.europesays.com\/fr\/wp-json\/wp\/v2\/tags?post=73454"}],"curies":[{"name":"wp","href":"https:\/\/api.w.org\/{rel}","templated":true}]}}