{"id":73462,"date":"2025-05-04T04:47:10","date_gmt":"2025-05-04T04:47:10","guid":{"rendered":"https:\/\/www.europesays.com\/fr\/73462\/"},"modified":"2025-05-04T04:47:10","modified_gmt":"2025-05-04T04:47:10","slug":"lancien-professeur-du-prytanee-militaire-de-la-fleche-soupconne-de-viols-sur-des-eleves-est-mort","status":"publish","type":"post","link":"https:\/\/www.europesays.com\/fr\/73462\/","title":{"rendered":"L&rsquo;ancien professeur du Prytan\u00e9e militaire de La Fl\u00e8che, soup\u00e7onn\u00e9 de viols sur des \u00e9l\u00e8ves, est mort"},"content":{"rendered":"<p>            Par<br \/>\n        <strong><br \/>\n            <a href=\"https:\/\/actu.fr\/auteur\/journaliste-ln\" title=\"Consulter tous les articles de R\u00e9daction Sabl\u00e9\" rel=\"nofollow noopener\" target=\"_blank\">R\u00e9daction Sabl\u00e9<\/a><br \/>\n        <\/strong><\/p>\n<p>        Publi\u00e9 le<\/p>\n<p>            3 mai 2025 \u00e0 18h01        <\/p>\n<p>L\u2019ancien professeur du <a href=\"https:\/\/actu.fr\/tag\/prytanee-militaire\" rel=\"nofollow noopener\" target=\"_blank\">lyc\u00e9e militaire<\/a> du Prytan\u00e9e de La Fl\u00e8che, en Sarthe, <a href=\"https:\/\/actu.fr\/pays-de-la-loire\/la-fleche_72154\/prytanee-militaire-de-la-fleche-soupconne-dune-dizaine-dagressions-sexuelles-un-ancien-professeur-arrete_62583034.html\" rel=\"nofollow noopener\" target=\"_blank\">mis en cause pour des viols et agressions sexuelles pr\u00e9sum\u00e9s<\/a> sur une dizaine de lyc\u00e9ens, a \u00e9t\u00e9 retrouv\u00e9 mort samedi 3 mai 2025, a annonc\u00e9 la procureure de la R\u00e9publique du Mans, pr\u00e9cisant que l\u2019hypoth\u00e8se du suicide \u00e9tait privil\u00e9gi\u00e9e.<\/p>\n<p>Le professeur du Prytan\u00e9e soup\u00e7onn\u00e9 de viols se serait suicid\u00e9<\/p>\n<p class=\" wall-content\">\u00ab\u00a0Je vous confirme la d\u00e9couverte du corps du professeur mis en cause. L\u2019hypoth\u00e8se du suicide est privil\u00e9gi\u00e9e. Une enqu\u00eate de recherche des causes de la mort est en cours\u00a0\u00bb, a indiqu\u00e9 samedi \u00e0 l\u2019AFP Carine Halley, procureure de la R\u00e9publique du Mans, confirmant une information du Maine-Libre.<\/p>\n<p>Une dizaine de lyc\u00e9ens concern\u00e9s : le retrait\u00e9 interpell\u00e9 mardi<\/p>\n<p class=\" wall-content\">L\u2019homme, \u00e2g\u00e9 de 76 ans, avait \u00e9t\u00e9 interpell\u00e9 mardi, apr\u00e8s plusieurs plaintes d\u2019anciens \u00e9l\u00e8ves du lyc\u00e9e du Prytan\u00e9e national militaire.<\/p>\n<p class=\" wall-content\">Le retrait\u00e9 \u00e9tait \u00ab\u00a0mis en cause pour avoir, entre 1990 et 2009, agress\u00e9 sexuellement une dizaine de lyc\u00e9ens \u00e2g\u00e9s de 15 \u00e0 17 ans\u00a0\u00bb.<\/p>\n<p>Viols et agressions sexuelles sur mineur de plus de15 ans<\/p>\n<p class=\" wall-content\">Il avait \u00e9t\u00e9 pr\u00e9sent\u00e9 \u00ab\u00a0\u00e0 un juge d\u2019instruction aux fins de mise en examen des chefs de viols et agressions sexuelles sur mineur de plus de 15 ans par personne ayant autorit\u00e9\u00a0\u00bb, selon le communiqu\u00e9.<\/p>\n<p>Vid\u00e9os : en ce moment sur Actu<\/p>\n<blockquote class=\"ac-article-quote wall-content\">\n<p>Des r\u00e9quisitions de placement sous contr\u00f4le judiciaire ont \u00e9t\u00e9 prises par le parquet.<\/p>\n<p>Carine Halley, procureure de la R\u00e9publique du Mans<\/p><\/blockquote>\n<p class=\" wall-content\">L\u2019homme a exerc\u00e9 entre 1979 et 2012 dans l\u2019\u00e9tablissement scolaire situ\u00e9 \u00e0 La Fl\u00e8che, au sud du Mans.<\/p>\n<p class=\" wall-content\">\u00ab\u00a0Devant ces accusations d\u2019une exceptionnelle gravit\u00e9, le minist\u00e8re des Arm\u00e9es assure toutes les victimes de <a href=\"https:\/\/actu.fr\/pays-de-la-loire\/la-fleche_72154\/viols-et-agressions-sexuelles-au-prytanee-larmee-incite-dautres-eleves-victimes-a-porter-plainte_62584720.html\" rel=\"nofollow noopener\" target=\"_blank\">son plein soutien<\/a>, et coop\u00e8re avec la justice en mettant tout en \u0153uvre pour faire la lumi\u00e8re sur les faits\u00a0\u00bb, avait r\u00e9agi cette semaine le minist\u00e8re dans un communiqu\u00e9.<\/p>\n<p>Les responsabilit\u00e9s de l\u2019encadrement ou du commandement \u00e0 d\u00e9terminer<\/p>\n<p class=\" wall-content\">L\u2019ensemble des archives \u00ab\u00a0utiles pour les besoins de l\u2019enqu\u00eate a \u00e9t\u00e9 mis \u00e0 la disposition des enqu\u00eateurs\u00a0\u00bb et l\u2019inspection g\u00e9n\u00e9rale de la gendarmerie \u00e9t\u00e9 charg\u00e9e d\u2019une enqu\u00eate administrative pour \u00ab\u00a0d\u00e9terminer les \u00e9ventuelles responsabilit\u00e9s de l\u2019encadrement ou du commandement de l\u2019\u00e9tablissement\u00a0\u00bb, selon le minist\u00e8re.<\/p>\n<p class=\" wall-content\">Le chef d\u2019\u00e9tat-major de l\u2019arm\u00e9e de Terre, le g\u00e9n\u00e9ral Pierre Schill, a notamment \u00ab\u00a0\u00e9crit un courrier aux anciens \u00e9l\u00e8ves du Prytan\u00e9e pour inviter celles et ceux qui souhaiteraient s\u2019exprimer \u00e0 prendre la parole\u00a0\u00bb.<\/p>\n<p class=\" wall-content\">Le Prytan\u00e9e national militaire est un des six lyc\u00e9es de la D\u00e9fense fran\u00e7ais. Il compte 550 \u00e9l\u00e8ves et \u00e9tudiants, et accueille \u00ab\u00a0des lyc\u00e9ens, enfants de militaires, de fonctionnaires ou boursiers\u00a0\u00bb, selon son site internet.<\/p>\n<p class=\" wall-content\"><strong>Source AFP<\/strong><\/p>\n<p class=\" wall-content\">Suivez toute l\u2019actualit\u00e9 de vos villes et m\u00e9dias favoris en vous inscrivant \u00e0 <a href=\"https:\/\/moncompte.actu.fr\" title=\"D\u00e9couvez Mon Actu\" rel=\"nofollow noopener\" data-trk=\"{&quot;cta&quot;:{&quot;action&quot;:&quot;https:\\\/\\\/moncompte.actu.fr&quot;,&quot;category&quot;:&quot;mon compte&quot;,&quot;from&quot;:&quot;article footer&quot;,&quot;name&quot;:&quot;Mon actu&quot;,&quot;type&quot;:&quot;cta&quot;}}\" target=\"_blank\">Mon Actu<\/a>.<\/p>\n<ul class=\"ac-article-tag wall-content\">\n<li><a href=\"https:\/\/actu.fr\/tag\/armee\" data-trk=\"{&quot;cta&quot;:{&quot;action&quot;:&quot;Arm\\u00e9e&quot;,&quot;category&quot;:&quot;tag&quot;,&quot;from&quot;:&quot;article footer&quot;,&quot;name&quot;:&quot;Arm\\u00e9e&quot;,&quot;type&quot;:&quot;cta&quot;}}\" rel=\"nofollow noopener\" target=\"_blank\">#Arm\u00e9e<\/a><\/li>\n<li><a href=\"https:\/\/actu.fr\/tag\/prytanee-militaire\" data-trk=\"{&quot;cta&quot;:{&quot;action&quot;:&quot;Prytan\\u00e9e militaire&quot;,&quot;category&quot;:&quot;tag&quot;,&quot;from&quot;:&quot;article footer&quot;,&quot;name&quot;:&quot;Prytan\\u00e9e militaire&quot;,&quot;type&quot;:&quot;cta&quot;}}\" rel=\"nofollow noopener\" target=\"_blank\">#Prytan\u00e9e militaire<\/a><\/li>\n<\/ul>\n","protected":false},"excerpt":{"rendered":"Par R\u00e9daction Sabl\u00e9 Publi\u00e9 le 3 mai 2025 \u00e0 18h01 L\u2019ancien professeur du lyc\u00e9e militaire du Prytan\u00e9e de&hellip;\n","protected":false},"author":2,"featured_media":73463,"comment_status":"","ping_status":"","sticky":false,"template":"","format":"standard","meta":{"footnotes":""},"categories":[4],"tags":[11,1813,118,1011,27,12,17744,25],"class_list":{"0":"post-73462","1":"post","2":"type-post","3":"status-publish","4":"format-standard","5":"has-post-thumbnail","7":"category-france","8":"tag-actualites","9":"tag-armee","10":"tag-faits-divers","11":"tag-fr","12":"tag-france","13":"tag-news","14":"tag-prytanee-militaire","15":"tag-republique-francaise"},"share_on_mastodon":{"url":"https:\/\/pubeurope.com\/@fr\/114447754444844517","error":""},"_links":{"self":[{"href":"https:\/\/www.europesays.com\/fr\/wp-json\/wp\/v2\/posts\/73462","targetHints":{"allow":["GET"]}}],"collection":[{"href":"https:\/\/www.europesays.com\/fr\/wp-json\/wp\/v2\/posts"}],"about":[{"href":"https:\/\/www.europesays.com\/fr\/wp-json\/wp\/v2\/types\/post"}],"author":[{"embeddable":true,"href":"https:\/\/www.europesays.com\/fr\/wp-json\/wp\/v2\/users\/2"}],"replies":[{"embeddable":true,"href":"https:\/\/www.europesays.com\/fr\/wp-json\/wp\/v2\/comments?post=73462"}],"version-history":[{"count":0,"href":"https:\/\/www.europesays.com\/fr\/wp-json\/wp\/v2\/posts\/73462\/revisions"}],"wp:featuredmedia":[{"embeddable":true,"href":"https:\/\/www.europesays.com\/fr\/wp-json\/wp\/v2\/media\/73463"}],"wp:attachment":[{"href":"https:\/\/www.europesays.com\/fr\/wp-json\/wp\/v2\/media?parent=73462"}],"wp:term":[{"taxonomy":"category","embeddable":true,"href":"https:\/\/www.europesays.com\/fr\/wp-json\/wp\/v2\/categories?post=73462"},{"taxonomy":"post_tag","embeddable":true,"href":"https:\/\/www.europesays.com\/fr\/wp-json\/wp\/v2\/tags?post=73462"}],"curies":[{"name":"wp","href":"https:\/\/api.w.org\/{rel}","templated":true}]}}