{"id":73465,"date":"2025-05-04T04:49:14","date_gmt":"2025-05-04T04:49:14","guid":{"rendered":"https:\/\/www.europesays.com\/fr\/73465\/"},"modified":"2025-05-04T04:49:14","modified_gmt":"2025-05-04T04:49:14","slug":"la-seconde-main-cest-a-la-mode","status":"publish","type":"post","link":"https:\/\/www.europesays.com\/fr\/73465\/","title":{"rendered":"\u00ab\u00a0La seconde main, c\u2019est \u00e0 la mode\u00a0\u00bb"},"content":{"rendered":"<p>Sous cet entrep\u00f4t, assez recul\u00e9 dans une zone industrielle, le magasin regorge de petits tr\u00e9sors pour les chineurs. Vaisselle ancienne, v\u00eatements \u00e0 50 centimes pi\u00e8ce, jouets pour enfants presque neufs, bijoux, tableaux\u2026<\/p>\n<p>Sur ces 75 stands, c\u2019est un d\u00e9fi de ne pas s\u2019arr\u00eater sur au moins un objet, aussi farfelu soit-il. Viens Chiner, <a href=\"https:\/\/www.leprogres.fr\/economie\/2024\/12\/03\/vendre-et-acheter-d-occasion-un-vide-greniers-permanent-vient-d-ouvrir\" target=\"_blank\" rel=\"nofollow noopener\">qui n\u2019a ouvert qu\u2019en d\u00e9cembre<\/a>, a d\u00e9j\u00e0 conquis le c\u0153ur des Appelous. Et pas que.<\/p>\n<p>Des dizaines de kilom\u00e8tres pour venir chiner                <\/p>\n","protected":false},"excerpt":{"rendered":"Sous cet entrep\u00f4t, assez recul\u00e9 dans une zone industrielle, le magasin regorge de petits tr\u00e9sors pour les chineurs.&hellip;\n","protected":false},"author":2,"featured_media":73466,"comment_status":"","ping_status":"","sticky":false,"template":"","format":"standard","meta":{"footnotes":""},"categories":[9653],"tags":[1111,11,2430,4406,33,7539,1777,674,10282,10283,1011,27,3367,12,25,4001],"class_list":{"0":"post-73465","1":"post","2":"type-post","3":"status-publish","4":"format-standard","5":"has-post-thumbnail","7":"category-saint-etienne","8":"tag-actu","9":"tag-actualites","10":"tag-auvergne-rhone-alpes","11":"tag-commerce-et-services","12":"tag-economie","13":"tag-edition-loire-sud","14":"tag-eu","15":"tag-europe","16":"tag-firminy","17":"tag-firminy-ville","18":"tag-fr","19":"tag-france","20":"tag-loire","21":"tag-news","22":"tag-republique-francaise","23":"tag-saint-etienne"},"share_on_mastodon":{"url":"https:\/\/pubeurope.com\/@fr\/114447762290818267","error":""},"_links":{"self":[{"href":"https:\/\/www.europesays.com\/fr\/wp-json\/wp\/v2\/posts\/73465","targetHints":{"allow":["GET"]}}],"collection":[{"href":"https:\/\/www.europesays.com\/fr\/wp-json\/wp\/v2\/posts"}],"about":[{"href":"https:\/\/www.europesays.com\/fr\/wp-json\/wp\/v2\/types\/post"}],"author":[{"embeddable":true,"href":"https:\/\/www.europesays.com\/fr\/wp-json\/wp\/v2\/users\/2"}],"replies":[{"embeddable":true,"href":"https:\/\/www.europesays.com\/fr\/wp-json\/wp\/v2\/comments?post=73465"}],"version-history":[{"count":0,"href":"https:\/\/www.europesays.com\/fr\/wp-json\/wp\/v2\/posts\/73465\/revisions"}],"wp:featuredmedia":[{"embeddable":true,"href":"https:\/\/www.europesays.com\/fr\/wp-json\/wp\/v2\/media\/73466"}],"wp:attachment":[{"href":"https:\/\/www.europesays.com\/fr\/wp-json\/wp\/v2\/media?parent=73465"}],"wp:term":[{"taxonomy":"category","embeddable":true,"href":"https:\/\/www.europesays.com\/fr\/wp-json\/wp\/v2\/categories?post=73465"},{"taxonomy":"post_tag","embeddable":true,"href":"https:\/\/www.europesays.com\/fr\/wp-json\/wp\/v2\/tags?post=73465"}],"curies":[{"name":"wp","href":"https:\/\/api.w.org\/{rel}","templated":true}]}}