{"id":73469,"date":"2025-05-04T04:51:10","date_gmt":"2025-05-04T04:51:10","guid":{"rendered":"https:\/\/www.europesays.com\/fr\/73469\/"},"modified":"2025-05-04T04:51:10","modified_gmt":"2025-05-04T04:51:10","slug":"nancy-le-point-sur-lex-local-de-la-societe-nautique-au-port-aux-planches-future-brasserie-en-2026","status":"publish","type":"post","link":"https:\/\/www.europesays.com\/fr\/73469\/","title":{"rendered":"Nancy. Le point sur\u2026 l\u2019ex-local de la Soci\u00e9t\u00e9 nautique, au Port aux Planches, future brasserie en 2026"},"content":{"rendered":"<p>Quelques graffitis en fa\u00e7ade, une pancarte \u00ab\u00a0A louer\u00a0\u00bb d\u2019un agent immobilier, des volets de bois ferm\u00e9s en bas et des fen\u00eatres cadenass\u00e9es en haut et, sur le c\u00f4t\u00e9, un permis de construire datant du 18\u00a0novembre 2020. Voil\u00e0 pour l\u2019aspect ext\u00e9rieur actuel de cette b\u00e2tisse ancienne, commun\u00e9ment appel\u00e9e \u201cguinguette du Port aux Planches\u201d, situ\u00e9e au bout de la rue du m\u00eame nom dans le secteur des rives de Meurthe.<\/p>\n<p>Le b\u00e2timent sur deux niveaux date de 1866 environ. Il est \u00e0 l\u2019\u00e9tat d\u2019abandon \u00e0 l\u2019int\u00e9rieur \u00e9galement, vide depuis 1996. Le local a servi de si\u00e8ge \u00e0 la Soci\u00e9t\u00e9 nautique de Nancy, puis&#8230;<\/p>\n","protected":false},"excerpt":{"rendered":"Quelques graffitis en fa\u00e7ade, une pancarte \u00ab\u00a0A louer\u00a0\u00bb d\u2019un agent immobilier, des volets de bois ferm\u00e9s en bas&hellip;\n","protected":false},"author":2,"featured_media":73470,"comment_status":"","ping_status":"","sticky":false,"template":"","format":"standard","meta":{"footnotes":""},"categories":[9635],"tags":[1111,11,4406,1687,33,1704,1777,674,1011,27,775,1702,1703,12,2661,25,216],"class_list":{"0":"post-73469","1":"post","2":"type-post","3":"status-publish","4":"format-standard","5":"has-post-thumbnail","7":"category-nancy","8":"tag-actu","9":"tag-actualites","10":"tag-commerce-et-services","11":"tag-culture-loisirs","12":"tag-economie","13":"tag-edition-nancy-et-agglomeration","14":"tag-eu","15":"tag-europe","16":"tag-fr","17":"tag-france","18":"tag-grand-est","19":"tag-nancy","20":"tag-nancy-ville-54b","21":"tag-news","22":"tag-patrimoine-culturel","23":"tag-republique-francaise","24":"tag-vie-des-entreprises"},"share_on_mastodon":{"url":"https:\/\/pubeurope.com\/@fr\/114447770185747206","error":""},"_links":{"self":[{"href":"https:\/\/www.europesays.com\/fr\/wp-json\/wp\/v2\/posts\/73469","targetHints":{"allow":["GET"]}}],"collection":[{"href":"https:\/\/www.europesays.com\/fr\/wp-json\/wp\/v2\/posts"}],"about":[{"href":"https:\/\/www.europesays.com\/fr\/wp-json\/wp\/v2\/types\/post"}],"author":[{"embeddable":true,"href":"https:\/\/www.europesays.com\/fr\/wp-json\/wp\/v2\/users\/2"}],"replies":[{"embeddable":true,"href":"https:\/\/www.europesays.com\/fr\/wp-json\/wp\/v2\/comments?post=73469"}],"version-history":[{"count":0,"href":"https:\/\/www.europesays.com\/fr\/wp-json\/wp\/v2\/posts\/73469\/revisions"}],"wp:featuredmedia":[{"embeddable":true,"href":"https:\/\/www.europesays.com\/fr\/wp-json\/wp\/v2\/media\/73470"}],"wp:attachment":[{"href":"https:\/\/www.europesays.com\/fr\/wp-json\/wp\/v2\/media?parent=73469"}],"wp:term":[{"taxonomy":"category","embeddable":true,"href":"https:\/\/www.europesays.com\/fr\/wp-json\/wp\/v2\/categories?post=73469"},{"taxonomy":"post_tag","embeddable":true,"href":"https:\/\/www.europesays.com\/fr\/wp-json\/wp\/v2\/tags?post=73469"}],"curies":[{"name":"wp","href":"https:\/\/api.w.org\/{rel}","templated":true}]}}