{"id":73479,"date":"2025-05-04T05:00:09","date_gmt":"2025-05-04T05:00:09","guid":{"rendered":"https:\/\/www.europesays.com\/fr\/73479\/"},"modified":"2025-05-04T05:00:09","modified_gmt":"2025-05-04T05:00:09","slug":"grenoble-un-homme-blesse-au-couteau-dans-un-appartement-du-centre-ville","status":"publish","type":"post","link":"https:\/\/www.europesays.com\/fr\/73479\/","title":{"rendered":"Grenoble. Un homme bless\u00e9 au couteau dans un appartement du centre-ville"},"content":{"rendered":"<p>Les policiers grenoblois cherchent \u00e0 \u00e9tablir les circonstances dans lesquelles un homme a \u00e9t\u00e9 bless\u00e9 \u00e0 l&rsquo;arme blanche en plein centre ville de Grenoble, ce samedi 3 mai vers 18h30. Les faits se sont produits rue Lafayette et auraient commenc\u00e9 dans un appartement du 4 bis de cette voie pi\u00e9tonne.<\/p>\n<p>Ce contenu est bloqu\u00e9 car vous n&rsquo;avez pas accept\u00e9 les cookies et autres traceurs.<\/p>\n<p>En cliquant sur \u00ab J\u2019accepte \u00bb, les cookies et autres traceurs seront d\u00e9pos\u00e9s et vous pourrez visualiser les contenus  (<a href=\"\" class=\"consentModule_policy\" target=\"_blank\" title=\"Consulter la politique de protection des donn\u00e9es du fournisseur\">plus d&rsquo;informations<\/a>).<\/p>\n<p>En cliquant sur \u00ab J\u2019accepte tous les cookies \u00bb, vous autorisez des d\u00e9p\u00f4ts de cookies et autres traceurs pour le stockage de vos donn\u00e9es sur nos sites et applications \u00e0 des fins de personnalisation et de ciblage publicitaire.<\/p>\n<p class=\"consentModule_secondaryText\">Vous gardez la possibilit\u00e9 de retirer votre consentement \u00e0 tout moment en consultant notre <a href=\"https:\/\/www.ledauphine.com\/protection-des-donnees\" target=\"_blank\" title=\"Consulter notre politique de protection des donn\u00e9es\" rel=\"noopener\">politique de protection des donn\u00e9es<\/a>. <br \/>&#13;<br \/>\n            <a href=\"https:\/\/www.ledauphine.com\/faits-divers-justice\/2025\/05\/04\/javascript:Didomi.notice.show()\" class=\"consentModule_cmp\" target=\"_blank\" rel=\"noopener\">G\u00e9rer mes choix<\/a>&#13;\n        <\/p>\n<p>&#13;<br \/>\n                        J&rsquo;accepte&#13;<br \/>\n            J&rsquo;accepte tous les cookies&#13;\n        <\/p>\n<p>Un appartement qui \u00e9tait alors lou\u00e9 via une plate-forme de location de courte dur\u00e9e et dans lequel un homme aurait donc re\u00e7u au moins un coup de couteau avant d&rsquo;\u00eatre poursuivi dans la rue par son agresseur qui a ensuite pris la fuite.<\/p>\n<p>Touch\u00e9e \u00e0 une cuisse, la victime, qui n&rsquo;a pas voulu donner son identit\u00e9, a \u00e9t\u00e9 prise en charge par une \u00e9quipe du Samu 38 et conduite au CHU Grenoble Alpes tandis que les policiers grenoblois proc\u00e9daient aux premi\u00e8res constatations et recueillaient les t\u00e9moignages du voisinage.<\/p>\n","protected":false},"excerpt":{"rendered":"Les policiers grenoblois cherchent \u00e0 \u00e9tablir les circonstances dans lesquelles un homme a \u00e9t\u00e9 bless\u00e9 \u00e0 l&rsquo;arme blanche&hellip;\n","protected":false},"author":2,"featured_media":73480,"comment_status":"","ping_status":"","sticky":false,"template":"","format":"standard","meta":{"footnotes":""},"categories":[9566],"tags":[1111,11,2430,271,272,112,1777,674,274,107,1011,27,2731,2732,108,12,25],"class_list":{"0":"post-73479","1":"post","2":"type-post","3":"status-publish","4":"format-standard","5":"has-post-thumbnail","7":"category-grenoble","8":"tag-actu","9":"tag-actualites","10":"tag-auvergne-rhone-alpes","11":"tag-crime","12":"tag-delit-et-contravention","13":"tag-edition-grenoble-agglomeration","14":"tag-eu","15":"tag-europe","16":"tag-faits-divers-justice","17":"tag-fil-info","18":"tag-fr","19":"tag-france","20":"tag-grenoble","21":"tag-grenoble-bassin","22":"tag-isere","23":"tag-news","24":"tag-republique-francaise"},"share_on_mastodon":{"url":"https:\/\/pubeurope.com\/@fr\/114447805523569488","error":""},"_links":{"self":[{"href":"https:\/\/www.europesays.com\/fr\/wp-json\/wp\/v2\/posts\/73479","targetHints":{"allow":["GET"]}}],"collection":[{"href":"https:\/\/www.europesays.com\/fr\/wp-json\/wp\/v2\/posts"}],"about":[{"href":"https:\/\/www.europesays.com\/fr\/wp-json\/wp\/v2\/types\/post"}],"author":[{"embeddable":true,"href":"https:\/\/www.europesays.com\/fr\/wp-json\/wp\/v2\/users\/2"}],"replies":[{"embeddable":true,"href":"https:\/\/www.europesays.com\/fr\/wp-json\/wp\/v2\/comments?post=73479"}],"version-history":[{"count":0,"href":"https:\/\/www.europesays.com\/fr\/wp-json\/wp\/v2\/posts\/73479\/revisions"}],"wp:featuredmedia":[{"embeddable":true,"href":"https:\/\/www.europesays.com\/fr\/wp-json\/wp\/v2\/media\/73480"}],"wp:attachment":[{"href":"https:\/\/www.europesays.com\/fr\/wp-json\/wp\/v2\/media?parent=73479"}],"wp:term":[{"taxonomy":"category","embeddable":true,"href":"https:\/\/www.europesays.com\/fr\/wp-json\/wp\/v2\/categories?post=73479"},{"taxonomy":"post_tag","embeddable":true,"href":"https:\/\/www.europesays.com\/fr\/wp-json\/wp\/v2\/tags?post=73479"}],"curies":[{"name":"wp","href":"https:\/\/api.w.org\/{rel}","templated":true}]}}