{"id":73483,"date":"2025-05-04T05:02:08","date_gmt":"2025-05-04T05:02:08","guid":{"rendered":"https:\/\/www.europesays.com\/fr\/73483\/"},"modified":"2025-05-04T05:02:08","modified_gmt":"2025-05-04T05:02:08","slug":"une-nouvelle-fusillade-fait-deux-blesses-dont-un-en-urgence-absolue","status":"publish","type":"post","link":"https:\/\/www.europesays.com\/fr\/73483\/","title":{"rendered":"Une nouvelle fusillade fait deux bless\u00e9s, dont un en urgence absolue"},"content":{"rendered":"<p>La capitale de la Bretagne est une nouvelle fois en proie \u00e0 la violence. Deux hommes ont \u00e9t\u00e9 bless\u00e9s samedi par balles \u00e0 <a href=\"https:\/\/www.20minutes.fr\/rennes\/\" target=\"_blank\" class=\"color-ultramarine c-link\" rel=\"noopener\">Rennes<\/a>, dans le quartier populaire de Villejean, l\u00e0 o\u00f9 a eu lieu une <a href=\"https:\/\/www.20minutes.fr\/dossier\/fusillade\" target=\"_blank\" class=\"color-ultramarine c-link\" rel=\"noopener\">fusillade<\/a> le 17\u00a0avril sur fond de <a href=\"https:\/\/www.20minutes.fr\/dossier\/trafic_de_drogue\" target=\"_blank\" class=\"color-ultramarine c-link\" rel=\"noopener\">trafic de drogue<\/a>.<\/p>\n<p>\u00ab\u00a0Vers 18h30, trois hommes ont tir\u00e9 sur la dalle Kennedy de Villejean. Il y a deux bless\u00e9s par balles, un en urgence absolue et le second en urgence relative. Il y a eu trois interpellations\u00a0\u00bb, a indiqu\u00e9 une source proche du dossier, confirmant une information de <a href=\"https:\/\/www.ouest-france.fr\/faits-divers\/fusillade\/quatorze-coups-de-feu-et-deux-blesses-a-rennes-une-guerre-de-territoire-fait-rage-a-villejean-0f60ba54-2858-11f0-b7b8-37276f4d776e\" rel=\"nofollow noopener\" target=\"_blank\" class=\"color-ultramarine c-link\">Ouest-France<\/a>.<\/p>\n<p>Des jeunes de moins de 18 ans<\/p>\n<p>D\u2019apr\u00e8s le journal, deux jeunes hommes \u00ab\u00a0ont \u00e9t\u00e9 bless\u00e9s par balles pr\u00e8s d\u2019un point de deal [\u2026] lors de tirs apparemment cibl\u00e9s. L\u2019un \u00e2g\u00e9 de 17 ans, retrouv\u00e9 sur place, a \u00e9t\u00e9 bless\u00e9 par balle \u00e0 la cuisse et se trouve en urgence absolue. Un second jeune homme, \u00e2g\u00e9 de 16 ans, a \u00e9t\u00e9 retrouv\u00e9 devant le Subway de la dalle Kennedy, apr\u00e8s avoir re\u00e7u une balle dans le genou\u00a0\u00bb. C\u2019est pr\u00e9cis\u00e9ment dans cette sandwicherie Subway qu\u2019une fusillade avait \u00e9clat\u00e9 le 17\u00a0avril, faisant trois bless\u00e9s par balles.<\/p>\n<\/p>\n<p>Samedi soir, Charles Compagnon, \u00e9lu municipal (Horizons), qui se trouvait fortuitement dans le Subway lors de la fusillade en avril, a r\u00e9agi \u00e0 ces tirs \u00e0 Villejean, quartier populaire o\u00f9 se trouve un important campus universitaire. \u00ab\u00a0Ce soir encore, le quartier de Villejean a \u00e9t\u00e9 frapp\u00e9 par la violence. Aux alentours de 18h30, la dalle Kennedy, d\u00e9j\u00e0 \u00e9prouv\u00e9e il y a quelques semaines, a \u00e9t\u00e9 le th\u00e9\u00e2tre de nouveaux \u00e9changes de tirs. Un homme a \u00e9t\u00e9 bless\u00e9 par balle. La police [\u2026] a proc\u00e9d\u00e9 \u00e0 trois interpellations\u00a0\u00bb, a \u00e9crit l\u2019\u00e9lu sur le r\u00e9seau social X.<\/p>\n","protected":false},"excerpt":{"rendered":"La capitale de la Bretagne est une nouvelle fois en proie \u00e0 la violence. Deux hommes ont \u00e9t\u00e9&hellip;\n","protected":false},"author":2,"featured_media":73484,"comment_status":"","ping_status":"","sticky":false,"template":"","format":"standard","meta":{"footnotes":""},"categories":[2821],"tags":[1111,47,11,829,1777,674,118,7641,1011,27,3832,848,12,584,25,887,133],"class_list":{"0":"post-73483","1":"post","2":"type-post","3":"status-publish","4":"format-standard","5":"has-post-thumbnail","7":"category-rennes","8":"tag-actu","9":"tag-actualite","10":"tag-actualites","11":"tag-bretagne","12":"tag-eu","13":"tag-europe","14":"tag-faits-divers","15":"tag-faits-divers-rennes","16":"tag-fr","17":"tag-france","18":"tag-fusillade","19":"tag-ille-et-vilaine","20":"tag-news","21":"tag-rennes","22":"tag-republique-francaise","23":"tag-trafic-de-drogue","24":"tag-video"},"share_on_mastodon":{"url":"https:\/\/pubeurope.com\/@fr\/114447813496195763","error":""},"_links":{"self":[{"href":"https:\/\/www.europesays.com\/fr\/wp-json\/wp\/v2\/posts\/73483","targetHints":{"allow":["GET"]}}],"collection":[{"href":"https:\/\/www.europesays.com\/fr\/wp-json\/wp\/v2\/posts"}],"about":[{"href":"https:\/\/www.europesays.com\/fr\/wp-json\/wp\/v2\/types\/post"}],"author":[{"embeddable":true,"href":"https:\/\/www.europesays.com\/fr\/wp-json\/wp\/v2\/users\/2"}],"replies":[{"embeddable":true,"href":"https:\/\/www.europesays.com\/fr\/wp-json\/wp\/v2\/comments?post=73483"}],"version-history":[{"count":0,"href":"https:\/\/www.europesays.com\/fr\/wp-json\/wp\/v2\/posts\/73483\/revisions"}],"wp:featuredmedia":[{"embeddable":true,"href":"https:\/\/www.europesays.com\/fr\/wp-json\/wp\/v2\/media\/73484"}],"wp:attachment":[{"href":"https:\/\/www.europesays.com\/fr\/wp-json\/wp\/v2\/media?parent=73483"}],"wp:term":[{"taxonomy":"category","embeddable":true,"href":"https:\/\/www.europesays.com\/fr\/wp-json\/wp\/v2\/categories?post=73483"},{"taxonomy":"post_tag","embeddable":true,"href":"https:\/\/www.europesays.com\/fr\/wp-json\/wp\/v2\/tags?post=73483"}],"curies":[{"name":"wp","href":"https:\/\/api.w.org\/{rel}","templated":true}]}}