{"id":73485,"date":"2025-05-04T05:03:07","date_gmt":"2025-05-04T05:03:07","guid":{"rendered":"https:\/\/www.europesays.com\/fr\/73485\/"},"modified":"2025-05-04T05:03:07","modified_gmt":"2025-05-04T05:03:07","slug":"strasbourg-dans-la-rue-du-22-novembre-larrete-anti-alcool-ne-convainc-pas-cest-parfois-pire","status":"publish","type":"post","link":"https:\/\/www.europesays.com\/fr\/73485\/","title":{"rendered":"Strasbourg. Dans la rue du 22 Novembre, l&rsquo;arr\u00eat\u00e9 anti-alcool ne convainc pas : \u00ab\u00a0C&rsquo;est parfois pire\u00a0\u00bb"},"content":{"rendered":"<p>            Par<br \/>\n        <strong><br \/>\n            <a href=\"https:\/\/actu.fr\/auteur\/ivan-capecchi\" title=\"Consulter tous les articles de Ivan CAPECCHI\" rel=\"nofollow noopener\" target=\"_blank\">Ivan CAPECCHI<\/a><br \/>\n        <\/strong><\/p>\n<p>        Publi\u00e9 le<\/p>\n<p>            4 mai 2025 \u00e0 7h02        <\/p>\n<p>D\u00e9but mars\u00a02025, un nouvel <strong>arr\u00eat\u00e9 municipal interdisant la consommation d\u2019alcool<\/strong> dans la <a href=\"https:\/\/actu.fr\/grand-est\/strasbourg_67482\/cinema-star-a-strasbourg-pourquoi-les-affiches-de-films-ne-seront-plus-visibles-depuis-la-rue-du-22-novembre_62570746.html\" rel=\"nofollow noopener\" target=\"_blank\">rue du 22\u00a0Novembre<\/a> a \u00e9t\u00e9 pris par la Ville de Strasbourg.<\/p>\n<p class=\" wall-content\">On s\u2019est rendu au bout de celle-ci, au niveau de la <strong>place Saint-Pierre-le-Vieux<\/strong>, connue pour \u00eatre un <strong>lieu de squat<\/strong>, afin de voir si la situation s\u2019est am\u00e9lior\u00e9e.<\/p>\n<p class=\" wall-content\">La plupart des commer\u00e7ants interrog\u00e9s sur place s\u2019accordent pour dire que <strong>pas vraiment<\/strong>, voire <strong>pas du tout<\/strong>.<\/p>\n<p>Un nouvel arr\u00eat\u00e9 municipal interdisant la consommation d\u2019alcool<\/p>\n<p class=\" wall-content\">Le nouvel arr\u00eat\u00e9 municipal interdit la consommation d\u2019alcool troublant l\u2019ordre public sur<br \/>la voie publique, <strong>tous les jours de la semaine, de 10h \u00e0 21h, du 1er\u00a0octobre au 30\u00a0avril<\/strong>.<\/p>\n<p class=\" wall-content\">\u00ab\u00a0Il est compl\u00e9mentaire d\u2019un arr\u00eat\u00e9 municipal pris en 2016, qui couvre la p\u00e9riode de mai<br \/>\u00e0 septembre. Le nouvel arr\u00eat\u00e9 est une <strong>r\u00e9ponse \u00e0 une probl\u00e9matique nouvelle, visible<\/strong><br \/><strong>toute l\u2019ann\u00e9e, au-del\u00e0 de la belle saison<\/strong>\u00ab\u00a0, indique la Ville de Strasbourg dans un communiqu\u00e9.<\/p>\n<p>Vid\u00e9os : en ce moment sur Actu\u00ab\u2009Le changement n\u2019est pas flagrant\u2009\u00bb<\/p>\n<p class=\" wall-content\">\u00ab<strong>\u2009Le changement n\u2019est pas flagrant<\/strong>\u2009\u00bb, constate un commer\u00e7ant de la place. \u00ab\u2009Il n\u2019y a pas eu \u00e9norm\u00e9ment de changement, non\u2009\u00bb, confirme son coll\u00e8gue. \u00ab<strong>\u2009On voit la m\u00eame chose tous les jours<\/strong>\u2009\u00bb, d\u00e9clare un autre commer\u00e7ant. \u00ab<strong>\u2009C\u2019est parfois m\u00eame pire<\/strong>\u2009\u00bb, t\u00e9moigne encore un autre.<\/p>\n<p>Des bagarres r\u00e9guli\u00e8res<\/p>\n<p class=\" wall-content\">D\u2019apr\u00e8s la plupart des commer\u00e7ants interrog\u00e9s, cette pr\u00e9sence est <strong>source de nuisances<\/strong>.<\/p>\n<p class=\" wall-content\">Certains disent constater r\u00e9guli\u00e8rement des <strong>bagarres<\/strong>. L\u2019un d\u2019entre eux parle m\u00eame d\u2019une \u00ab<strong>\u2009guerre de territoire<\/strong>\u2009\u00bb. Un autre \u00e9voque du \u00ab\u2009trafic de <a href=\"https:\/\/actu.fr\/tag\/drogue\" rel=\"nofollow noopener\" target=\"_blank\">drogue<\/a>\u2009\u00bb.<\/p>\n<p class=\" wall-content\">Quant \u00e0 l\u2019alcool, \u00ab\u2009ils ont simplement <strong>remplac\u00e9 les bouteilles par des bouteilles d\u2019eau, mais le contenu reste le m\u00eame<\/strong>\u2009\u00bb, assure un t\u00e9moin.<\/p>\n<p>\u00ab\u2009Ceux qui sont l\u00e0 tout le temps ne posent pas trop de soucis\u2009\u00bb<\/p>\n<p class=\" wall-content\">Ceci \u00e9tant dit, l\u2019une des personnes interrog\u00e9es dit pouvoir \u00ab<strong>\u2009travailler en bonne intelligence<\/strong>\u2009\u00bb avec les squatteurs.<\/p>\n<p class=\" wall-content\">\u00ab\u2009Parfois, il y a un peu de bruit, conc\u00e8de-t-il. Mais <strong>ceux qui sont l\u00e0 tout le temps ne posent pas trop de soucis<\/strong>. C\u2019est plus ceux qui viennent occasionnellement\u2009\u00bb.<\/p>\n<p>\u00ab\u2009Ils reviennent dix minutes apr\u00e8s le passage de la police\u2009\u00bb<\/p>\n<p class=\" wall-content\">Au niveau des interventions de <a href=\"https:\/\/actu.fr\/tag\/police\" rel=\"nofollow noopener\" target=\"_blank\">police<\/a>, les t\u00e9moignages r\u00e9colt\u00e9s sont tr\u00e8s divers.<\/p>\n<p class=\" wall-content\">Certains disent qu\u2019ils sont plus fr\u00e9quents qu\u2019avant, d\u2019autres, \u00e9quivalents, et d\u2019autres encore qu\u2019il y en a moins. \u00ab\u2009Il y a plus de passages [spontan\u00e9s] qu\u2019avant, mais quand on les appelle pour des bagarres par exemple, on se voit r\u00e9pondre\u2009: \u2018D\u00e9sol\u00e9, mais on n\u2019a personne\u2019\u2026\u00bb, affirme un vendeur.<\/p>\n<p class=\" wall-content\">Dans tous les cas, cette solution est temporaire. \u00ab<strong>\u2009Les squatteurs se dispersent quand les policiers sont l\u00e0, mais ils reviennent dix minutes plus tard<\/strong>\u2009\u00bb, observe un vigile.<\/p>\n<p class=\" wall-content\">Contact\u00e9es, la Ville de Strasbourg et la police nationale n\u2019ont pas donn\u00e9 suite.<\/p>\n<p class=\" wall-content\">Suivez toute l\u2019actualit\u00e9 de vos villes et m\u00e9dias favoris en vous inscrivant \u00e0 <a href=\"https:\/\/moncompte.actu.fr\" title=\"D\u00e9couvez Mon Actu\" rel=\"nofollow noopener\" data-trk=\"{&quot;cta&quot;:{&quot;action&quot;:&quot;https:\\\/\\\/moncompte.actu.fr&quot;,&quot;category&quot;:&quot;mon compte&quot;,&quot;from&quot;:&quot;article footer&quot;,&quot;name&quot;:&quot;Mon actu&quot;,&quot;type&quot;:&quot;cta&quot;}}\" target=\"_blank\">Mon Actu<\/a>.<\/p>\n","protected":false},"excerpt":{"rendered":"Par Ivan CAPECCHI Publi\u00e9 le 4 mai 2025 \u00e0 7h02 D\u00e9but mars\u00a02025, un nouvel arr\u00eat\u00e9 municipal interdisant la&hellip;\n","protected":false},"author":2,"featured_media":73486,"comment_status":"","ping_status":"","sticky":false,"template":"","format":"standard","meta":{"footnotes":""},"categories":[2820],"tags":[1111,11,1052,1777,674,1011,27,775,12,1072,25,104,640],"class_list":{"0":"post-73485","1":"post","2":"type-post","3":"status-publish","4":"format-standard","5":"has-post-thumbnail","7":"category-strasbourg","8":"tag-actu","9":"tag-actualites","10":"tag-drogue","11":"tag-eu","12":"tag-europe","13":"tag-fr","14":"tag-france","15":"tag-grand-est","16":"tag-news","17":"tag-police","18":"tag-republique-francaise","19":"tag-societe","20":"tag-strasbourg"},"share_on_mastodon":{"url":"https:\/\/pubeurope.com\/@fr\/114447817300728196","error":""},"_links":{"self":[{"href":"https:\/\/www.europesays.com\/fr\/wp-json\/wp\/v2\/posts\/73485","targetHints":{"allow":["GET"]}}],"collection":[{"href":"https:\/\/www.europesays.com\/fr\/wp-json\/wp\/v2\/posts"}],"about":[{"href":"https:\/\/www.europesays.com\/fr\/wp-json\/wp\/v2\/types\/post"}],"author":[{"embeddable":true,"href":"https:\/\/www.europesays.com\/fr\/wp-json\/wp\/v2\/users\/2"}],"replies":[{"embeddable":true,"href":"https:\/\/www.europesays.com\/fr\/wp-json\/wp\/v2\/comments?post=73485"}],"version-history":[{"count":0,"href":"https:\/\/www.europesays.com\/fr\/wp-json\/wp\/v2\/posts\/73485\/revisions"}],"wp:featuredmedia":[{"embeddable":true,"href":"https:\/\/www.europesays.com\/fr\/wp-json\/wp\/v2\/media\/73486"}],"wp:attachment":[{"href":"https:\/\/www.europesays.com\/fr\/wp-json\/wp\/v2\/media?parent=73485"}],"wp:term":[{"taxonomy":"category","embeddable":true,"href":"https:\/\/www.europesays.com\/fr\/wp-json\/wp\/v2\/categories?post=73485"},{"taxonomy":"post_tag","embeddable":true,"href":"https:\/\/www.europesays.com\/fr\/wp-json\/wp\/v2\/tags?post=73485"}],"curies":[{"name":"wp","href":"https:\/\/api.w.org\/{rel}","templated":true}]}}