{"id":73511,"date":"2025-05-04T05:17:11","date_gmt":"2025-05-04T05:17:11","guid":{"rendered":"https:\/\/www.europesays.com\/fr\/73511\/"},"modified":"2025-05-04T05:17:11","modified_gmt":"2025-05-04T05:17:11","slug":"lyon-people-en-danger-une-cagnotte-pour-aider-le-media-qui-defend-votre-ville-2","status":"publish","type":"post","link":"https:\/\/www.europesays.com\/fr\/73511\/","title":{"rendered":"Lyon People en danger ! Une cagnotte pour aider le m\u00e9dia qui d\u00e9fend votre ville &#8211;"},"content":{"rendered":"<p>\t\t\t\t<img fetchpriority=\"high\" decoding=\"async\" width=\"900\" height=\"600\" src=\"https:\/\/www.europesays.com\/fr\/wp-content\/uploads\/2025\/04\/01-cagnotte-Lyon-People-leetchi.jpg\" alt=\"\" title=\"01 cagnotte Lyon People leetchi\"   class=\"wp-image-158002\"\/><\/p>\n<p>Les \u00e9cologistes veulent b\u00e2illonner notre site web \u00e0 un an des \u00e9lections municipales &#8211; Photo Lyon People <\/p>\n<p><strong>Texte\u00a0: Marco Polisson, r\u00e9dacteur en chef \u2013<\/strong> Depuis cinq ans, Lyon People est en premi\u00e8re ligne pour informer les Lyonnais face aux outrances \u00e9cologistes qui menacent leur mode de vie et leur libert\u00e9. Nous avons besoin de vous pour poursuivre ce travail de lanceur d\u2019alertes.<\/p>\n<p>Nous avons fait le choix de l\u2019ind\u00e9pendance et du bon sens. Notre mission : d\u00e9crypter les cons\u00e9quences des politiques \u00e9cologistes sur l\u2019\u00e9conomie, l\u2019urbanisme et les mobilit\u00e9s, tout en mettant en lumi\u00e8re leurs incoh\u00e9rences. Nous donnons la parole \u00e0 ceux que l\u2019on tente de faire taire : entrepreneurs, artisans, commer\u00e7ants et habitants attach\u00e9s \u00e0 leur territoire, tous impact\u00e9s par des d\u00e9cisions trop souvent d\u00e9connect\u00e9es du r\u00e9el.<\/p>\n<p><strong>Mais cette libert\u00e9 a un prix. <\/strong>Face aux pressions politiques et judiciaires, Lyon People a besoin de votre soutien pour continuer d\u2019informer, enqu\u00eater et r\u00e9sister. En nous soutenant, vous d\u00e9fendez un journalisme libre, engag\u00e9 et fid\u00e8le \u00e0 l\u2019ADN de notre ville. Ensemble, faisons entendre la voix de ceux qui refusent l\u2019utopie punitive et d\u00e9fendent une \u00e9cologie raisonn\u00e9e, respectueuse des libert\u00e9s et du progr\u00e8s.<\/p>\n<p><strong>Notre ligne \u00e9ditoriale heurte les ennemis de la libert\u00e9 de la presse. <\/strong><\/p>\n<p>Non contents d\u2019avoir b\u00e2illonn\u00e9 Lyon People, en pratiquant \u00e0 son encontre une politique discriminatoire en le privant de publicit\u00e9 et des canaux officiels d\u2019information, les \u00e9cologistes <strong>Gr\u00e9gory Doucet, <\/strong>maire de Lyon et <strong>Bruno Bernard, <\/strong>pr\u00e9sident de la M\u00e9tropole de Lyon tentent maintenant d\u2019asphyxier financi\u00e8rement notre m\u00e9dia alors que commence la campagne des \u00e9lections municipales.<\/p>\n<p>Nous sommes entrain\u00e9s dans deux proc\u00e9dures judiciaires, notamment pour l\u2019article pointant leur co-responsabilit\u00e9 <a href=\"https:\/\/www.lyonpeople.com\/actualites-lyon\/accident-mortel-a-lyon-doucet-et-bernard-ont-deux-nouveaux-morts-sur-la-conscience-2025-02-16.html\" rel=\"nofollow noopener\" target=\"_blank\"><strong>dans l\u2019accident mortel de l\u2019avenue F\u00e9lix Faure<\/strong><\/a>. Les deux \u00e9lus se sont octroy\u00e9s l\u2019aide juridictionnelle de leurs collectivit\u00e9s qui prendront en charge leurs frais de justice, <a href=\"https:\/\/www.lyonmag.com\/article\/142922\/lyon-people-attaque-en-justice-par-gregory-doucet-et-bruno-bernard-les-ecologistes-veulent-s-offrir-mon-scalp\" rel=\"nofollow noopener\" target=\"_blank\"><strong>annonce Lyon Mag<\/strong><\/a>. En clair, ce sont les contribuables qui vont payer.<\/p>\n<p><strong>Pour nous d\u00e9fendre et les contrer, nous avons besoin de votre appui financier.\u00a0 <\/strong>A tous ceux que nous croisons chaque jour en ville, et qui nous encouragent dans notre combat, merci. Vous pouvez maintenant joindre le geste \u00e0 la parole. Votre don nous permettra de renforcer notre \u00e9quipe de journalistes, mais aussi de d\u00e9velopper notre site web et son audience. Afin de poursuivre plus sereinement notre travail d\u2019information sur le chaos cr\u00e9\u00e9 par les \u00e9cologistes \u00e0 Lyon et dans les 57 communes de la M\u00e9tropole.<\/p>\n<p>Merci pour votre soutien et votre g\u00e9n\u00e9rosit\u00e9.<\/p>\n<p>Marco et Nico avec l\u2019\u00e9quipe de Lyon People<\/p>\n<p><strong>&gt; La cagnotte est disponible sur <a style=\"color: #0000ff;\" href=\"https:\/\/www.leetchi.com\/fr\/c\/lyon-people-en-danger-1007090\" rel=\"nofollow noopener\" target=\"_blank\">leetchi.com\u00a0: Taper Lyon People en danger<\/a><\/strong><\/p>\n","protected":false},"excerpt":{"rendered":"Les \u00e9cologistes veulent b\u00e2illonner notre site web \u00e0 un an des \u00e9lections municipales &#8211; Photo Lyon People Texte\u00a0:&hellip;\n","protected":false},"author":2,"featured_media":7932,"comment_status":"","ping_status":"","sticky":false,"template":"","format":"standard","meta":{"footnotes":""},"categories":[1889],"tags":[4257,1111,4258,11,2430,1777,674,1011,27,2428,5018,4259,12,25],"class_list":{"0":"post-73511","1":"post","2":"type-post","3":"status-publish","4":"format-standard","5":"has-post-thumbnail","7":"category-lyon","8":"tag-0top","9":"tag-actu","10":"tag-actualite-lyon","11":"tag-actualites","12":"tag-auvergne-rhone-alpes","13":"tag-eu","14":"tag-europe","15":"tag-fr","16":"tag-france","17":"tag-lyon","18":"tag-lyon-people","19":"tag-lyon-people-cagnotte","20":"tag-news","21":"tag-republique-francaise"},"share_on_mastodon":{"url":"https:\/\/pubeurope.com\/@fr\/114447872407885151","error":""},"_links":{"self":[{"href":"https:\/\/www.europesays.com\/fr\/wp-json\/wp\/v2\/posts\/73511","targetHints":{"allow":["GET"]}}],"collection":[{"href":"https:\/\/www.europesays.com\/fr\/wp-json\/wp\/v2\/posts"}],"about":[{"href":"https:\/\/www.europesays.com\/fr\/wp-json\/wp\/v2\/types\/post"}],"author":[{"embeddable":true,"href":"https:\/\/www.europesays.com\/fr\/wp-json\/wp\/v2\/users\/2"}],"replies":[{"embeddable":true,"href":"https:\/\/www.europesays.com\/fr\/wp-json\/wp\/v2\/comments?post=73511"}],"version-history":[{"count":0,"href":"https:\/\/www.europesays.com\/fr\/wp-json\/wp\/v2\/posts\/73511\/revisions"}],"wp:featuredmedia":[{"embeddable":true,"href":"https:\/\/www.europesays.com\/fr\/wp-json\/wp\/v2\/media\/7932"}],"wp:attachment":[{"href":"https:\/\/www.europesays.com\/fr\/wp-json\/wp\/v2\/media?parent=73511"}],"wp:term":[{"taxonomy":"category","embeddable":true,"href":"https:\/\/www.europesays.com\/fr\/wp-json\/wp\/v2\/categories?post=73511"},{"taxonomy":"post_tag","embeddable":true,"href":"https:\/\/www.europesays.com\/fr\/wp-json\/wp\/v2\/tags?post=73511"}],"curies":[{"name":"wp","href":"https:\/\/api.w.org\/{rel}","templated":true}]}}