{"id":73546,"date":"2025-05-04T05:37:15","date_gmt":"2025-05-04T05:37:15","guid":{"rendered":"https:\/\/www.europesays.com\/fr\/73546\/"},"modified":"2025-05-04T05:37:15","modified_gmt":"2025-05-04T05:37:15","slug":"elite-2-philippe-heral-jarrete-ma-carriere-de-joueur-a-cause-de-mon-age-avance-rugby-a-xiii","status":"publish","type":"post","link":"https:\/\/www.europesays.com\/fr\/73546\/","title":{"rendered":"Elite 2 &#8211; Philippe H\u00e9ral : \u00ab\u00a0J&rsquo;arr\u00eate ma carri\u00e8re de joueur \u00e0 cause de mon \u00e2ge avanc\u00e9\u00a0\u00bb &#8211; Rugby \u00e0 XIII"},"content":{"rendered":"<p style=\"text-align: justify;\"><strong>Philippe H\u00e9ral, utility player de R\u00e9almont XIII, revient sur sa longue carri\u00e8re et \u00e9voque ses envies apr\u00e8s le rugby.<\/strong><\/p>\n<p style=\"text-align: justify;\"><strong>Tout d\u2019abord, peux-tu te pr\u00e9senter ?<\/strong><\/p>\n<p style=\"text-align: justify;\">Je m\u2019appelle Philippe H\u00e9ral, j\u2019ai 37 ans bient\u00f4t 38, je suis papa de deux enfants, un petit gar\u00e7on Germain, 6 ans, et une petite fille Jeanne, 3 ans. J\u2019habite \u00e0 Cambon, un petit village \u00e0 c\u00f4t\u00e9 d\u2019Albi et je suis plombier chauffagiste.<\/p>\n<p style=\"text-align: justify;\"><strong>Pourquoi arr\u00eates-tu ta carri\u00e8re maintenant alors que tu as encore quelques ann\u00e9es devant toi ?\u00a0<\/strong><\/p>\n<p style=\"text-align: justify;\">J\u2019arr\u00eate ma carri\u00e8re de joueur \u00e0 cause de mon \u00e2ge avanc\u00e9 (rires) l\u2019envie est encore l\u00e0 mais le corps suit moins\u2026 Puis depuis l\u2019ann\u00e9e derni\u00e8re, je coachais davantage que ce que je jouais, ce qui m\u2019allait bien (je poss\u00e8de un BE rugby \u00e0 XIII et les dipl\u00f4mes d\u2019entra\u00eeneurs jusqu\u2019\u00e0 F\u00e9d\u00e9ral). Cette ann\u00e9e, je m\u2019occupais des s\u00e9ances vid\u00e9os que nous avons incorpor\u00e9es avant la s\u00e9ance d\u2019entra\u00eenement du vendredi soir.<\/p>\n<p style=\"text-align: justify;\"><strong> Quels sont les \u00e9ducateurs, entra\u00eeneurs et joueurs qui auront marqu\u00e9 ta carri\u00e8re ?<\/strong><\/p>\n<p style=\"text-align: justify;\">Il m\u2019est impossible de sortir un joueur en particulier, j\u2019ai eu le plaisir et la chance de jouer avec de super joueurs au cours des diff\u00e9rentes saisons que ce soit \u00e9trangers ou fran\u00e7ais\u2026 Les entra\u00eeneurs qui m\u2019auront particuli\u00e8rement marqu\u00e9 sont : Sean Mullins qui m\u2019a permis de jouer mes premiers matchs en premi\u00e8re \u00e0 17 ans, St\u00e9phane Revello, pour son management et sa capacit\u00e9 d\u2019\u00eatre un meneur d\u2019hommes. Les tandems Olivier Janzac\/Maxence Riviere, Patrick Limongi\/Romain Maillot, et le dernier Fabien Denis\/Romain Dintilhac pour leur capacit\u00e9 \u00e0 tirer le meilleur des joueurs et avec pas mal d\u2019anecdotes\u2026<\/p>\n<p style=\"text-align: justify;\"><strong>As-tu des regrets quand tu regardes dans le r\u00e9tro ?<\/strong><\/p>\n<p style=\"text-align: justify;\">Le seul regret que j\u2019ai est la d\u00e9faite en finale d\u2019Elite 2 quand je jouais \u00e0 Lescure contre La R\u00e9ole, une finale qui bascule dans les derniers instants\u2026<\/p>\n<p style=\"text-align: justify;\"><strong>Quels sont tes envies apr\u00e8s le rugby ?<\/strong><\/p>\n<p style=\"text-align: justify;\">Mes envies apr\u00e8s le rugby sont de prendre du temps pour ma famille et d\u2019accompagner mes enfants dans leurs futures activit\u00e9s.<\/p>\n<p><strong>Treize Mondial<br \/><a href=\"https:\/\/www.facebook.com\/13Mondial\" target=\"_blank\" rel=\"noopener\"><img loading=\"lazy\" decoding=\"async\" class=\"alignnone wp-image-217097\" src=\"https:\/\/www.europesays.com\/fr\/wp-content\/uploads\/2025\/04\/logo-facebook.png\" alt=\"\" width=\"40\" height=\"40\"  \/><\/a> <a href=\"https:\/\/twitter.com\/XIIIMondial\" target=\"_blank\" rel=\"noopener\"><img loading=\"lazy\" decoding=\"async\" class=\"alignnone wp-image-217098\" src=\"https:\/\/www.europesays.com\/fr\/wp-content\/uploads\/2025\/04\/logo-twitter.png\" alt=\"\" width=\"39\" height=\"39\"  \/><\/a><\/strong><\/p>\n<p>        <script async src=\"https:\/\/platform.twitter.com\/widgets.js\" charset=\"utf-8\"><\/script><\/p>\n","protected":false},"excerpt":{"rendered":"Philippe H\u00e9ral, utility player de R\u00e9almont XIII, revient sur sa longue carri\u00e8re et \u00e9voque ses envies apr\u00e8s le&hellip;\n","protected":false},"author":2,"featured_media":73547,"comment_status":"","ping_status":"","sticky":false,"template":"","format":"standard","meta":{"footnotes":""},"categories":[1416],"tags":[7944,1011,27,17750,17751,479,2228,1468,2229,60],"class_list":{"0":"post-73546","1":"post","2":"type-post","3":"status-publish","4":"format-standard","5":"has-post-thumbnail","7":"category-rugby","8":"tag-elite-2","9":"tag-fr","10":"tag-france","11":"tag-philippe-heral","12":"tag-realmont","13":"tag-rugby","14":"tag-rugby-a-xiii","15":"tag-rugby-football","16":"tag-rugby-league","17":"tag-sports"},"share_on_mastodon":{"url":"https:\/\/pubeurope.com\/@fr\/114447951095577666","error":""},"_links":{"self":[{"href":"https:\/\/www.europesays.com\/fr\/wp-json\/wp\/v2\/posts\/73546","targetHints":{"allow":["GET"]}}],"collection":[{"href":"https:\/\/www.europesays.com\/fr\/wp-json\/wp\/v2\/posts"}],"about":[{"href":"https:\/\/www.europesays.com\/fr\/wp-json\/wp\/v2\/types\/post"}],"author":[{"embeddable":true,"href":"https:\/\/www.europesays.com\/fr\/wp-json\/wp\/v2\/users\/2"}],"replies":[{"embeddable":true,"href":"https:\/\/www.europesays.com\/fr\/wp-json\/wp\/v2\/comments?post=73546"}],"version-history":[{"count":0,"href":"https:\/\/www.europesays.com\/fr\/wp-json\/wp\/v2\/posts\/73546\/revisions"}],"wp:featuredmedia":[{"embeddable":true,"href":"https:\/\/www.europesays.com\/fr\/wp-json\/wp\/v2\/media\/73547"}],"wp:attachment":[{"href":"https:\/\/www.europesays.com\/fr\/wp-json\/wp\/v2\/media?parent=73546"}],"wp:term":[{"taxonomy":"category","embeddable":true,"href":"https:\/\/www.europesays.com\/fr\/wp-json\/wp\/v2\/categories?post=73546"},{"taxonomy":"post_tag","embeddable":true,"href":"https:\/\/www.europesays.com\/fr\/wp-json\/wp\/v2\/tags?post=73546"}],"curies":[{"name":"wp","href":"https:\/\/api.w.org\/{rel}","templated":true}]}}