{"id":73551,"date":"2025-05-04T05:42:14","date_gmt":"2025-05-04T05:42:14","guid":{"rendered":"https:\/\/www.europesays.com\/fr\/73551\/"},"modified":"2025-05-04T05:42:14","modified_gmt":"2025-05-04T05:42:14","slug":"challenge-dv-le-point-avant-le-gp-de-la-sologne-des-etangs-actualite","status":"publish","type":"post","link":"https:\/\/www.europesays.com\/fr\/73551\/","title":{"rendered":"Challenge DV : Le point avant le GP de la Sologne des Etangs &#8211; Actualit\u00e9"},"content":{"rendered":"<p style=\"text-align: justify;\">Presque toute la fine fleur du peloton amateur fran\u00e7ais sera au d\u00e9part du Grand Prix de la Sologne des Etangs, la deuxi\u00e8me manche de la Coupe de France N1. Des coureurs du Top 10 du Challenge DV Amateur seulement manquent\u00a0\u00e0 l&rsquo;appel : le leader Matthew Fox (VC Rouen 76), Malo Stevant (Dinan Sport Cycling), 8e et victime d&rsquo;une fracture du coude au Tour de Bretagne, et Artus Jaladeau, 10e parce que son club, le GSC Blagnac VS 31, qui est en N2, n&rsquo;a pas fait le d\u00e9placement.\u00a0<\/p>\n<p>Derri\u00e8re Matthew Fox, Alfred George s&rsquo;est hiss\u00e9 \u00e0 la 2e place du Challenge DV apr\u00e8s sa 9e position \u00e0 la Rutland-Melton Cicle Classic (1.2) disput\u00e9 sous le maillot de l&rsquo;Ecosse. Il compte 284 points de retard sur l&rsquo;Australien du VC Rouen 76 et 18 d&rsquo;avance sur Louis Hardouin, 3e, lui aussi pr\u00e9sent au d\u00e9part du Grand Prix de la Sologne des Etangs.Le soci\u00e9taire du Guidon Chalettois compte 45 points d&rsquo;avance sur Tom Mainguenaud (Mayenne-V and B-Monbana) et 78 sur Mathias Sanlaville. Le repr\u00e9sentant du Team Atria-Montlu\u00e7on Cyclisme est aussi le leader du classement Espoirs du Challenge DV.<\/p>\n<p><strong>LE VC ROUEN 76 AU-DESSUS DES 2000 POINTS<\/strong><\/p>\n<p>Si le SCO Dijon-Team Materiel-velo.com est en t\u00eate de la Coupe de France N1 devant le VC Rouen 76, c&rsquo;est l&rsquo;inverse au classement des N1 du Challenge DV o\u00f9 la Conti f\u00e9d\u00e9rale m\u00e8ne la danse. Gr\u00e2ce au Tour de Bretagne o\u00f9 Ilan Larmet et Jean-Louis Le Ny ont rapport\u00e9 de gros points et \u00e0 Matt\u00e9o Viardot qui a empoch\u00e9 les 50 points de la victoire du Grand Prix de Brebi\u00e8res, le club normand d\u00e9passe le plafond des 2000 points. Le SCO Dijon-Team Materiel-velo.com suit \u00e0 pr\u00e8s de 800 points m\u00eame si Antoine Berger, 7e, compl\u00e8te la pr\u00e9sence du club dans le Top 10 du Challenge DV.<\/p>\n<p>Deux autres clubs sont au-dessus des 1000 points : Mayenne-V and B-Monbana, 3e, et le Team Atria-Montlu\u00e7on Cyclisme, 4e. Le foss\u00e9 se creuse sur les clubs suivants, le Paris Cycliste Olympique, le Guidon Chalettois et Dinan Sport Cycling. Class\u00e9 3e de la Coupe de France apr\u00e8s le Grand Prix du Pays d&rsquo;Aix, Hexagone-Corbas Lyon M\u00e9tropole pointe \u00e0 la 12e place du classement des N1 du Challenge DV avec 645 points. <\/p>\n<p>Samedi, pour cette course d&rsquo;un jour, 80 points r\u00e9compenseront la victoire, 70 pour le 2e, 60 pour le 3e, jusqu&rsquo;\u00e0 1 point pour le 30e. 80 points c&rsquo;est \u00e0 peine moins que l&rsquo;\u00e9cart actuel entre Louis Hardouin, 3e et Antoine Raugel, 6e.<\/p>\n<p>Suivez le Challenge DirectVelo <a href=\"https:\/\/www.directvelo.com\/challenge\/2025\/5\" target=\"_blank\" rel=\"noopener\"><strong>en cliquant ici<\/strong><\/a>.<\/p>\n<p><strong>Classement individuel du Challenge DV<\/strong> :<\/p>\n<p style=\"text-align: justify;\"><strong>Classement par \u00e9quipes des N1<\/strong> :<\/p>\n","protected":false},"excerpt":{"rendered":"Presque toute la fine fleur du peloton amateur fran\u00e7ais sera au d\u00e9part du Grand Prix de la Sologne&hellip;\n","protected":false},"author":2,"featured_media":73552,"comment_status":"","ping_status":"","sticky":false,"template":"","format":"standard","meta":{"footnotes":""},"categories":[1411],"tags":[834,828,836,829,837,827,83,826,824,823,1154,207,814,817,815,816,822,821,832,211,839,1011,27,820,818,819,835,831,830,833,838,60,212,208,825],"class_list":{"0":"post-73551","1":"post","2":"type-post","3":"status-publish","4":"format-standard","5":"has-post-thumbnail","7":"category-cyclisme","8":"tag-attaque","9":"tag-belgique","10":"tag-braquet","11":"tag-bretagne","12":"tag-chute","13":"tag-competition","14":"tag-coupe-de-france","15":"tag-coureur","16":"tag-course-cyclisme","17":"tag-course-cycliste","18":"tag-cycling","19":"tag-cyclisme","20":"tag-direct","21":"tag-direct-velo","22":"tag-directvelo","23":"tag-directvelo-com","24":"tag-epreuve","25":"tag-epreuve-cycliste","26":"tag-federation-francaise-de-cyclisme","27":"tag-ffc","28":"tag-flandres","29":"tag-fr","30":"tag-france","31":"tag-live","32":"tag-live-course","33":"tag-live-epreuve","34":"tag-peloton","35":"tag-radio-peloton","36":"tag-radio-tour","37":"tag-ravitaillement","38":"tag-relance","39":"tag-sports","40":"tag-uci","41":"tag-velo","42":"tag-velos"},"share_on_mastodon":{"url":"https:\/\/pubeurope.com\/@fr\/114447970687431268","error":""},"_links":{"self":[{"href":"https:\/\/www.europesays.com\/fr\/wp-json\/wp\/v2\/posts\/73551","targetHints":{"allow":["GET"]}}],"collection":[{"href":"https:\/\/www.europesays.com\/fr\/wp-json\/wp\/v2\/posts"}],"about":[{"href":"https:\/\/www.europesays.com\/fr\/wp-json\/wp\/v2\/types\/post"}],"author":[{"embeddable":true,"href":"https:\/\/www.europesays.com\/fr\/wp-json\/wp\/v2\/users\/2"}],"replies":[{"embeddable":true,"href":"https:\/\/www.europesays.com\/fr\/wp-json\/wp\/v2\/comments?post=73551"}],"version-history":[{"count":0,"href":"https:\/\/www.europesays.com\/fr\/wp-json\/wp\/v2\/posts\/73551\/revisions"}],"wp:featuredmedia":[{"embeddable":true,"href":"https:\/\/www.europesays.com\/fr\/wp-json\/wp\/v2\/media\/73552"}],"wp:attachment":[{"href":"https:\/\/www.europesays.com\/fr\/wp-json\/wp\/v2\/media?parent=73551"}],"wp:term":[{"taxonomy":"category","embeddable":true,"href":"https:\/\/www.europesays.com\/fr\/wp-json\/wp\/v2\/categories?post=73551"},{"taxonomy":"post_tag","embeddable":true,"href":"https:\/\/www.europesays.com\/fr\/wp-json\/wp\/v2\/tags?post=73551"}],"curies":[{"name":"wp","href":"https:\/\/api.w.org\/{rel}","templated":true}]}}