{"id":73561,"date":"2025-05-04T05:48:09","date_gmt":"2025-05-04T05:48:09","guid":{"rendered":"https:\/\/www.europesays.com\/fr\/73561\/"},"modified":"2025-05-04T05:48:09","modified_gmt":"2025-05-04T05:48:09","slug":"lady-gaga-enflamme-rio-de-janeiro-avec-un-mega-concert-gratuit-a-copacabana","status":"publish","type":"post","link":"https:\/\/www.europesays.com\/fr\/73561\/","title":{"rendered":"Lady Gaga enflamme Rio de Janeiro avec un m\u00e9ga-concert gratuit \u00e0 Copacabana"},"content":{"rendered":"<p>Une foule en d\u00e9lire a pu acclamer gratuitement samedi soir <a href=\"https:\/\/www.20minutes.fr\/dossier\/lady_gaga\" target=\"_blank\" class=\"color-ultramarine c-link\" rel=\"noopener\">Lady Gaga<\/a> sur la plage iconique de Copacabana. La chanteuse a en effet enflamm\u00e9 <a href=\"https:\/\/www.20minutes.fr\/dossier\/rio\" target=\"_blank\" class=\"color-ultramarine c-link\" rel=\"noopener\">Rio de Janeiro<\/a> samedi, lors d\u2019un m\u00e9ga-concert pour son grand retour au Br\u00e9sil depuis\u00a02012.<\/p>\n<p>\u00ab\u00a0<a href=\"https:\/\/www.20minutes.fr\/dossier\/bresil\" target=\"_blank\" class=\"color-ultramarine c-link\" rel=\"noopener\">Br\u00e9sil<\/a>, vous m\u2019avez tellement manqu\u00e9\u00a0\u00bb, a cri\u00e9 la popstar am\u00e9ricaine avant d\u2019entonner un de ses plus grands succ\u00e8s, Poker Face, sur un \u00e9chiquier monumental, un des d\u00e9cors grandioses de ce show de deux heures.<\/p>\n<p>Un hommage \u00e0 la communaut\u00e9 LGBT<\/p>\n<p>La <a href=\"https:\/\/www.20minutes.fr\/dossier\/chanteuse\" target=\"_blank\" class=\"color-ultramarine c-link\" rel=\"noopener\">chanteuse<\/a> de 39 ans est entr\u00e9e en sc\u00e8ne avec une vingtaine de minutes de retard sur l\u2019heure pr\u00e9vue, juch\u00e9e \u00e0 plus deux m\u00e8tres de haut sur la tra\u00eene interminable d\u2019une robe \u00e9carlate qui, en s\u2019ouvrant, a d\u00e9voil\u00e9 une cage verticale dans laquelle \u00e9taient cach\u00e9es ses danseuses, pour Bloody Mary. Lady Gaga a ensuite encha\u00een\u00e9 avec Abracadabra, un des titres de son dernier album Mayhem, lanc\u00e9 en mars. Au milieu de la chanson, elle a enlev\u00e9 sa robe rouge, laissant appara\u00eetre une autre qu\u2019elle portait en dessous aux couleurs du Br\u00e9sil\u00a0: vert, bleu et jaune.<\/p>\n<\/p>\n<p>Et avant Born this way, la diva pop a tenu \u00e0 saluer tout particuli\u00e8rement \u00ab\u00a0la communaut\u00e9 <a href=\"https:\/\/www.20minutes.fr\/dossier\/lgbt\" target=\"_blank\" class=\"color-ultramarine c-link\" rel=\"noopener\">LGBTQ<\/a> du Br\u00e9sil\u00a0\u00bb, au sein de laquelle elle compte un grand nombre de fans.<\/p>\n<p>Tout au long de la semaine, les \u00ab\u00a0little monsters\u00a0\u00bb (petits monstres), surnom affectueux des fans de la chanteuse am\u00e9ricaine de 39 ans, ont afflu\u00e9 dans la ville c\u00e9l\u00e8bre pour son carnaval qui attire des centaines de milliers de touristes du monde entier.<\/p>\n<p>Un impressionnant dispositif de s\u00e9curit\u00e9<\/p>\n<p>La mairie de Rio a affirm\u00e9 sur X que 2,1\u00a0millions de personnes ont assist\u00e9 au concert \u00e0 Copacabana, davantage que les 1,6\u00a0million pour celui de Madonna au m\u00eame endroit il y a un an, m\u00eame si ces chiffres ont \u00e9t\u00e9 contest\u00e9s par certains sp\u00e9cialistes qui les ont jug\u00e9s exag\u00e9r\u00e9s. Pour le concert de Lady Gaga samedi, un impressionnant dispositif de s\u00e9curit\u00e9 a \u00e9t\u00e9 d\u00e9ploy\u00e9, avec plus de 5.000 agents, des drones et des cam\u00e9ras de vid\u00e9osurveillance \u00e0 reconnaissance faciale.<\/p>\n<p><a href=\"https:\/\/www.20minutes.fr\/arts-stars\/culture\/musique\/\" target=\"_blank\" class=\"c-link c-btn c-btn--primary\" rel=\"noopener\">Notre dossier Musique<\/a><\/p>\n<p>Les autorit\u00e9s municipales, qui esp\u00e8rent par ailleurs des retomb\u00e9es \u00e9conomiques de plus de 100\u00a0millions de dollars, souhaitent p\u00e9renniser cette tradition du m\u00e9ga-concert gratuit en mai, afin de stimuler le tourisme lors d\u2019une p\u00e9riode consid\u00e9r\u00e9e comme basse saison. Le maire Eduardo Paes a d\u00e9j\u00e0 laiss\u00e9 entendre qu\u2019il comptait faire venir le groupe de rock irlandais U2, sans pr\u00e9ciser de date.<\/p>\n","protected":false},"excerpt":{"rendered":"Une foule en d\u00e9lire a pu acclamer gratuitement samedi soir Lady Gaga sur la plage iconique de Copacabana.&hellip;\n","protected":false},"author":2,"featured_media":73562,"comment_status":"","ping_status":"","sticky":false,"template":"","format":"standard","meta":{"footnotes":""},"categories":[1355],"tags":[47,2548,1697,251,58,59,1011,27,2531,74,1361,873,17718,133],"class_list":{"0":"post-73561","1":"post","2":"type-post","3":"status-publish","4":"format-standard","5":"has-post-thumbnail","7":"category-musique","8":"tag-actualite","9":"tag-bresil","10":"tag-concert","11":"tag-culture","12":"tag-divertissement","13":"tag-entertainment","14":"tag-fr","15":"tag-france","16":"tag-lady-gaga","17":"tag-monde","18":"tag-music","19":"tag-musique","20":"tag-rio-de-janeiro","21":"tag-video"},"share_on_mastodon":{"url":"https:\/\/pubeurope.com\/@fr\/114447994642014023","error":""},"_links":{"self":[{"href":"https:\/\/www.europesays.com\/fr\/wp-json\/wp\/v2\/posts\/73561","targetHints":{"allow":["GET"]}}],"collection":[{"href":"https:\/\/www.europesays.com\/fr\/wp-json\/wp\/v2\/posts"}],"about":[{"href":"https:\/\/www.europesays.com\/fr\/wp-json\/wp\/v2\/types\/post"}],"author":[{"embeddable":true,"href":"https:\/\/www.europesays.com\/fr\/wp-json\/wp\/v2\/users\/2"}],"replies":[{"embeddable":true,"href":"https:\/\/www.europesays.com\/fr\/wp-json\/wp\/v2\/comments?post=73561"}],"version-history":[{"count":0,"href":"https:\/\/www.europesays.com\/fr\/wp-json\/wp\/v2\/posts\/73561\/revisions"}],"wp:featuredmedia":[{"embeddable":true,"href":"https:\/\/www.europesays.com\/fr\/wp-json\/wp\/v2\/media\/73562"}],"wp:attachment":[{"href":"https:\/\/www.europesays.com\/fr\/wp-json\/wp\/v2\/media?parent=73561"}],"wp:term":[{"taxonomy":"category","embeddable":true,"href":"https:\/\/www.europesays.com\/fr\/wp-json\/wp\/v2\/categories?post=73561"},{"taxonomy":"post_tag","embeddable":true,"href":"https:\/\/www.europesays.com\/fr\/wp-json\/wp\/v2\/tags?post=73561"}],"curies":[{"name":"wp","href":"https:\/\/api.w.org\/{rel}","templated":true}]}}