{"id":73599,"date":"2025-05-04T06:11:11","date_gmt":"2025-05-04T06:11:11","guid":{"rendered":"https:\/\/www.europesays.com\/fr\/73599\/"},"modified":"2025-05-04T06:11:11","modified_gmt":"2025-05-04T06:11:11","slug":"le-niort-rc-la-montee-face-a-rennes","status":"publish","type":"post","link":"https:\/\/www.europesays.com\/fr\/73599\/","title":{"rendered":"le Niort RC la mont\u00e9e face \u00e0 Rennes"},"content":{"rendered":"<p>Le Niort RC va vivre, ce dimanche 4\u00a0mai, l\u2019un des matchs les plus importants de son histoire. Les joueurs de Johann Authier disputent, au stade Tonnell\u00e9 de Tours, la finale du championnat de France de Nationale 2, face au Rennes EC. Coup d\u2019envoi \u00e0 15\u00a0h.<\/p>\n<p>Les deux \u00e9quipes ont termin\u00e9 en t\u00eate de leur poule.<\/p>\n<p>4<\/p>\n<p>Comme le nombre de bus de supporteurs du Niort RC qui feront le d\u00e9placement de Niort pour Tours. En demi-finale, les Niortais avaient remport\u00e9 la bataille des tribunes.<\/p>\n<p>En demi-finale,<a target=\"_self\" href=\"https:\/\/www.lanouvellerepublique.fr\/niort\/nationale-2-demi-finale-le-niort-rc-a-maitrise-son-sujet-pour-filer-en-finale-1745774134\" rel=\"noopener\"> le Niort RC a battu Orl\u00e9ans (30-12)<\/a>, d\u00e9j\u00e0 \u00e0 Tours, tandis que <a target=\"_self\" href=\"https:\/\/www.lanouvellerepublique.fr\/niort\/nationale-2-rennes-un-adversaire-logique-et-coriace-pour-le-niort-rc-en-finale-1746173171\" rel=\"noopener\">le REC<\/a> a \u00e9cart\u00e9 Vienne, \u00e0 Ch\u00e2teauroux.<\/p>\n<p><img alt=\"Le tableau des phases finales.\" loading=\"lazy\" width=\"980\" height=\"573\" decoding=\"async\" data-nimg=\"1\" class=\"img-responsive spinner-show\" style=\"color:transparent;background-size:cover;background-position:50% 50%;background-repeat:no-repeat;background-image:url(&quot;data:image\/svg+xml;charset=utf-8,%3Csvg xmlns=\" http:=\"\" viewbox=\"0 0 980 573\" id=\"b\" color-interpolation-filters=\"sRGB\" stddeviation=\"20\" values=\"1 0 0 0 0 0 1 0 0 0 0 0 1 0 0 0 0 0 100 -1\" result=\"s\" x=\"0\" y=\"0\" operator=\"out\" in=\"s\" in2=\"SourceGraphic\" preserveaspectratio=\"none\" href=\"https:\/\/images.lanouvellerepublique.fr\/image\/upload\/t_88w\/f_auto\/6817046fd7c64d63518b4581.jpg\"   src=\"https:\/\/www.europesays.com\/fr\/wp-content\/uploads\/2025\/05\/6817046fd7c64d63518b4581.jpg\"\/><\/p>\n<p style=\"background-color:#F2F2F2;padding:5px;margin-top:0px;margin-bottom:10px\">Le tableau des phases finales.<br \/> \u00a9 (Infographie NR)<\/p>\n<p>Le vainqueur de la finale file en Nationale, le perdant devra disputer un match d\u2019accession, \u00e0 domicile, face \u00e0 Langon dans une semaine.<\/p>\n<p>Le groupe \u00e9largi du Niort RC est connu. Par rapport \u00e0 la demi-finale, le deuxi\u00e8me-ligne Van Leeuwen est suspendu.<\/p>\n<p>Nous avons bloqu\u00e9 l&rsquo;affichage de ce contenu pour respecter vos choix en mati\u00e8re de cookies. En cliquant sur \u00ab\u00a0Accepter\u00a0\u00bb,\u00a0vous acceptez le d\u00e9p\u00f4t de cookies. Vous pouvez modifier vos choix \u00e0 tout moment en vous rendant sur <a class=\"blocSansConsentement_lien__m9THN\" href=\"https:\/\/www.lanouvellerepublique.fr\/politique-de-confidentialite\" target=\"_blank\" rel=\"noopener\">cette page<\/a>.<\/p>\n<p>Accepter<\/p>\n","protected":false},"excerpt":{"rendered":"Le Niort RC va vivre, ce dimanche 4\u00a0mai, l\u2019un des matchs les plus importants de son histoire. Les&hellip;\n","protected":false},"author":2,"featured_media":73600,"comment_status":"","ping_status":"","sticky":false,"template":"","format":"standard","meta":{"footnotes":""},"categories":[2821],"tags":[1392,1111,11,829,2545,1777,674,1011,27,12,6752,15727,584,25,479,60],"class_list":{"0":"post-73599","1":"post","2":"type-post","3":"status-publish","4":"format-standard","5":"has-post-thumbnail","7":"category-rennes","8":"tag-a-la-une-local","9":"tag-actu","10":"tag-actualites","11":"tag-bretagne","12":"tag-deux-sevres","13":"tag-eu","14":"tag-europe","15":"tag-fr","16":"tag-france","17":"tag-news","18":"tag-niort","19":"tag-niort-rc","20":"tag-rennes","21":"tag-republique-francaise","22":"tag-rugby","23":"tag-sports"},"share_on_mastodon":{"url":"","error":""},"_links":{"self":[{"href":"https:\/\/www.europesays.com\/fr\/wp-json\/wp\/v2\/posts\/73599","targetHints":{"allow":["GET"]}}],"collection":[{"href":"https:\/\/www.europesays.com\/fr\/wp-json\/wp\/v2\/posts"}],"about":[{"href":"https:\/\/www.europesays.com\/fr\/wp-json\/wp\/v2\/types\/post"}],"author":[{"embeddable":true,"href":"https:\/\/www.europesays.com\/fr\/wp-json\/wp\/v2\/users\/2"}],"replies":[{"embeddable":true,"href":"https:\/\/www.europesays.com\/fr\/wp-json\/wp\/v2\/comments?post=73599"}],"version-history":[{"count":0,"href":"https:\/\/www.europesays.com\/fr\/wp-json\/wp\/v2\/posts\/73599\/revisions"}],"wp:featuredmedia":[{"embeddable":true,"href":"https:\/\/www.europesays.com\/fr\/wp-json\/wp\/v2\/media\/73600"}],"wp:attachment":[{"href":"https:\/\/www.europesays.com\/fr\/wp-json\/wp\/v2\/media?parent=73599"}],"wp:term":[{"taxonomy":"category","embeddable":true,"href":"https:\/\/www.europesays.com\/fr\/wp-json\/wp\/v2\/categories?post=73599"},{"taxonomy":"post_tag","embeddable":true,"href":"https:\/\/www.europesays.com\/fr\/wp-json\/wp\/v2\/tags?post=73599"}],"curies":[{"name":"wp","href":"https:\/\/api.w.org\/{rel}","templated":true}]}}