{"id":73625,"date":"2025-05-04T06:25:24","date_gmt":"2025-05-04T06:25:24","guid":{"rendered":"https:\/\/www.europesays.com\/fr\/73625\/"},"modified":"2025-05-04T06:25:24","modified_gmt":"2025-05-04T06:25:24","slug":"comment-lecole-darchitecture-de-marseille-forme-les-etudiants-au-changement-climatique","status":"publish","type":"post","link":"https:\/\/www.europesays.com\/fr\/73625\/","title":{"rendered":"Comment l&rsquo;\u00e9cole d&rsquo;architecture de Marseille forme les \u00e9tudiants au changement climatique"},"content":{"rendered":"<p>Ce lundi matin, devant leur professeure Delphine Borg, Dimitri Jacquemin et Juliette Breysse, tous deux \u00e2g\u00e9s de 23\u00a0ans, pr\u00e9sentent la maquette d&rsquo;une maison mitoyenne en mauvais \u00e9tat, construite \u00e0 Calas, sur la commune de Cabri\u00e8s, dans les ann\u00e9es 1970. Ces <a href=\"https:\/\/www.laprovence.com\/article\/edition-marseille\/6960989\/les-etudiants-sinquietent-du-futur-de-lecole-darchitecture.html\" target=\"_blank\" rel=\"noopener\">\u00e9tudiants en master 2 \u00e0 \u00c9cole nationale sup\u00e9rieure d&rsquo;architecture de Marseille (Ensa)<\/a>, qui souhaitent se sp\u00e9cialiser dans la r\u00e9habilitation du b\u00e2ti existant, ont tent\u00e9 d&rsquo;allier \u00ab\u00a0question climatique\u00a0\u00bb et \u00ab\u00a0confort\u00a0\u00bb, tout en prenant en compte l&rsquo;environnement.\u00a0<\/p>\n<p>Pour cela, ils ont choisi des mat\u00e9riaux biosourc\u00e9s, comme la laine de chanvre pour l&rsquo;isolation des toitures, la terre cuite pour le sol. Pour mieux ventiler, ils ont int\u00e9gr\u00e9 des moucharabiehs, ces ouvertures perc\u00e9es dans les murs, symboles de l&rsquo;architecture orientale. \u00ab\u00a0Ce qui est int\u00e9ressant, c&rsquo;est de voir comment l&rsquo;utilisation d&rsquo;un mat\u00e9riau peut \u00e9voluer en fonction du climat\u00a0\u00bb, glisse Dimitri Jacquemin. \u00ab\u00a0\u00c7a favorise la recherche, on sort de notre zone de confort et on a plein de mani\u00e8res de faire de l&rsquo;architecture\u00a0\u00bb, poursuit sa camarade.<\/p>\n<p>\u00ab\u00a0La cause climatique a innerv\u00e9 l&rsquo;enseignement\u00a0\u00bb<\/p>\n<p>Depuis les ann\u00e9es 2010, la <a href=\"https:\/\/www.laprovence.com\/article\/region\/1547133074085115\/changement-climatique-quelles-consequences-pour-les-alpes-de-haute-provence-dans-une-france-a-2-7-c\" target=\"_blank\" rel=\"noopener\">question du changement climatique<\/a> s&rsquo;est progressivement impos\u00e9e dans les cours magistraux et les travaux dirig\u00e9s effectu\u00e9s en petits groupes. \u00ab\u00a0Cela irrigue tous les enseignements d\u00e8s la licence\u00a0\u00bb, explique Christel Marchiaro, architecte et pr\u00e9sidente du conseil p\u00e9dagogique et scientifique de l&rsquo;Ensa. \u00ab\u00a0La cause climatique a innerv\u00e9 l&rsquo;ensemble de l&rsquo;enseignement\u00a0\u00bb, compl\u00e8te Gilles Sensini, architecte et professeur depuis 2005. Il y a \u00ab\u00a0urgence\u00a0\u00bb \u00e0 former les futurs <a href=\"https:\/\/www.laprovence.com\/article\/region\/1223909083358215\/a-marseille-un-architecte-imagine-des-caillebotis-ephemeres-pour-proteger-les-calanques\" target=\"_blank\" rel=\"noopener\">architectes<\/a> pour qu&rsquo;ils puissent \u00eatre \u00ab\u00a0arm\u00e9s\u00a0\u00bb face aux futures crises climatiques.\u00a0<\/p>\n","protected":false},"excerpt":{"rendered":"Ce lundi matin, devant leur professeure Delphine Borg, Dimitri Jacquemin et Juliette Breysse, tous deux \u00e2g\u00e9s de 23\u00a0ans,&hellip;\n","protected":false},"author":2,"featured_media":73626,"comment_status":"","ping_status":"","sticky":false,"template":"","format":"standard","meta":{"footnotes":""},"categories":[2814],"tags":[17,1111,11,20,17774,436,6379,1777,674,4988,1011,27,4112,151,884,12,882,25],"class_list":{"0":"post-73625","1":"post","2":"type-post","3":"status-publish","4":"format-standard","5":"has-post-thumbnail","7":"category-marseille","8":"tag-17","9":"tag-actu","10":"tag-actualites","11":"tag-comment","12":"tag-darchitecture","13":"tag-environnement","14":"tag-etudiants","15":"tag-eu","16":"tag-europe","17":"tag-forme","18":"tag-fr","19":"tag-france","20":"tag-lecole","21":"tag-les","22":"tag-marseille","23":"tag-news","24":"tag-provence-alpes-cote-dazur","25":"tag-republique-francaise"},"share_on_mastodon":{"url":"https:\/\/pubeurope.com\/@fr\/114448139840584929","error":""},"_links":{"self":[{"href":"https:\/\/www.europesays.com\/fr\/wp-json\/wp\/v2\/posts\/73625","targetHints":{"allow":["GET"]}}],"collection":[{"href":"https:\/\/www.europesays.com\/fr\/wp-json\/wp\/v2\/posts"}],"about":[{"href":"https:\/\/www.europesays.com\/fr\/wp-json\/wp\/v2\/types\/post"}],"author":[{"embeddable":true,"href":"https:\/\/www.europesays.com\/fr\/wp-json\/wp\/v2\/users\/2"}],"replies":[{"embeddable":true,"href":"https:\/\/www.europesays.com\/fr\/wp-json\/wp\/v2\/comments?post=73625"}],"version-history":[{"count":0,"href":"https:\/\/www.europesays.com\/fr\/wp-json\/wp\/v2\/posts\/73625\/revisions"}],"wp:featuredmedia":[{"embeddable":true,"href":"https:\/\/www.europesays.com\/fr\/wp-json\/wp\/v2\/media\/73626"}],"wp:attachment":[{"href":"https:\/\/www.europesays.com\/fr\/wp-json\/wp\/v2\/media?parent=73625"}],"wp:term":[{"taxonomy":"category","embeddable":true,"href":"https:\/\/www.europesays.com\/fr\/wp-json\/wp\/v2\/categories?post=73625"},{"taxonomy":"post_tag","embeddable":true,"href":"https:\/\/www.europesays.com\/fr\/wp-json\/wp\/v2\/tags?post=73625"}],"curies":[{"name":"wp","href":"https:\/\/api.w.org\/{rel}","templated":true}]}}