{"id":73627,"date":"2025-05-04T06:26:11","date_gmt":"2025-05-04T06:26:11","guid":{"rendered":"https:\/\/www.europesays.com\/fr\/73627\/"},"modified":"2025-05-04T06:26:11","modified_gmt":"2025-05-04T06:26:11","slug":"lyon-ces-deux-grands-projets-de-quartiers-dactivites-vont-sortir-de-terre-pres-dikea","status":"publish","type":"post","link":"https:\/\/www.europesays.com\/fr\/73627\/","title":{"rendered":"Lyon. Ces deux grands projets de quartiers d&rsquo;activit\u00e9s vont sortir de terre pr\u00e8s d&rsquo;Ikea"},"content":{"rendered":"<p>            Par<br \/>\n        <strong><br \/>\n            <a href=\"https:\/\/actu.fr\/auteur\/nicolas-zaugra\" title=\"Consulter tous les articles de Nicolas Zaugra\" rel=\"nofollow noopener\" target=\"_blank\">Nicolas Zaugra<\/a><br \/>\n        <\/strong><\/p>\n<p>        Publi\u00e9 le<\/p>\n<p>            4 mai 2025 \u00e0 7h24        <\/p>\n<p>C\u2019est \u00e0 proximit\u00e9 du <a href=\"https:\/\/actu.fr\/auvergne-rhone-alpes\/venissieux_69259\/ce-gigantesque-quartier-se-construit-pres-d-ikea-a-l-entree-de-lyon-qu-est-ce-qui-est-prevu_51300860.html\" rel=\"nofollow noopener\" target=\"_blank\">quartier de Parilly<\/a>, qui est toujours en plein d\u00e9veloppement avec Ikea et Leroy Merlin, que plusieurs projets sont en train de sortir de terre \u00e0 <a href=\"https:\/\/actu.fr\/auvergne-rhone-alpes\/venissieux_69259\" rel=\"nofollow noopener\" target=\"_blank\">V\u00e9nissieux<\/a> dans la M\u00e9tropole de <a href=\"https:\/\/actu.fr\/auvergne-rhone-alpes\/lyon_69123\" rel=\"nofollow noopener\" target=\"_blank\">Lyon<\/a>. Le promoteur Vinci Immobilier a d\u00e9voil\u00e9 les contours d\u2019un grand projet \u00e9conomique qui sera construit sur <strong>l\u2019ancien site industriel de Savoie R\u00e9fractaire<\/strong>. Un autre programme est aussi annonc\u00e9 par le promoteur Em2c qui sera livr\u00e9 en 2026 juste en face du c\u00e9l\u00e8bre magasin de meubles\u2026<\/p>\n<p>Un grand parc d\u2019activit\u00e9 de 20 000 m\u00b2 pour 300 emplois<\/p>\n<p class=\" wall-content\">Le promoteur Vinci Immobilier a annonc\u00e9 \u00ab\u00a0une promesse de vente avec Savoie R\u00e9fractaires, une filiale de Saint-Gobain, pour la r\u00e9habilitation d\u2019un ancien site industriel\u00a0\u00bb situ\u00e9 \u00e0 V\u00e9nissieux, selon un communiqu\u00e9 du groupe publi\u00e9 fin avril.<\/p>\n<p class=\" wall-content\">Le projet confi\u00e9 \u00e0 l\u2019Agence franc architecture consiste \u00e0 cr\u00e9er 20 000 m\u00b2 d\u2019activit\u00e9s \u00e9conomiques. L\u2019ancienne usine fond\u00e9e au 19\u1d49 si\u00e8cle accueillera deux b\u00e2timents de respectivement 14 990 m\u00b2 et 5 565 m\u00b2 et sera desservie par l\u2019actuel tramway T4.<\/p>\n<p class=\" wall-content\">Ce projet, dont le chantier doit d\u00e9marrer fin 2025 jusqu\u2019au 1er trimestre 2027, doit prendre en compte le caract\u00e8re industriel du site. Ce futur parc d\u2019activit\u00e9s \u00e9conomiques est avant tout destin\u00e9 aux industriels et doit permettre de cr\u00e9er \u00e0 terme plus de 300 emplois. La grande chemin\u00e9e du site est conserv\u00e9e dans le paysage.<\/p>\n<p><a class=\"jo-module-caroussel__img-container\" href=\"https:\/\/static.actu.fr\/uploads\/2025\/05\/capture-decran-2025-05-02-a-181129.png\" title=\"Agrandir la photo Le futur parc d\u2019activit\u00e9 avec l\u2019actuelle chemin\u00e9e de l\u2019ancienne usine. (\u00a9 Agence franc architecture )\" data-idx=\"1\" rel=\"nofollow noopener\" target=\"_blank\"><br \/>\n    <img decoding=\"async\" class=\"jo-module-caroussel__img\" loading=\"lazy\" src=\"https:\/\/www.europesays.com\/fr\/wp-content\/uploads\/2025\/05\/capture-decran-2025-05-02-a-181129-640x427.png\" alt=\"Le futur parc d\u2019activit\u00e9 avec l\u2019actuelle chemin\u00e9e de l\u2019ancienne usine. (\u00a9 Agence franc architecture )\" width=\"640\" height=\"427\"\/><\/a><a class=\"jo-module-caroussel__img-container\" href=\"https:\/\/static.actu.fr\/uploads\/2025\/05\/vue-aerienne-depuis-est-1024x661-1.jpg\" title=\"Agrandir la photo L\u2019un des parcs d\u2019activit\u00e9s qui va voir le jour \u00e0 V\u00e9nissieux dans la m\u00e9tropole de Lyon. (\u00a9 Stone Architectes)\" data-idx=\"2\" rel=\"nofollow noopener\" target=\"_blank\"><br \/>\n    <img decoding=\"async\" class=\"jo-module-caroussel__img\" loading=\"lazy\" src=\"https:\/\/www.europesays.com\/fr\/wp-content\/uploads\/2025\/05\/vue-aerienne-depuis-est-1024x661-1-640x427.jpg\" alt=\"L\u2019un des parcs d\u2019activit\u00e9s qui va voir le jour \u00e0 V\u00e9nissieux dans la m\u00e9tropole de Lyon. (\u00a9 Stone Architectes)\" width=\"640\" height=\"427\"\/><\/a>Au bord du p\u00e9riph\u00e9rique, un autre projet sort de terre<\/p>\n<p class=\" wall-content\">Un peu plus proche de Lyon, mais dans le secteur, le long du p\u00e9riph\u00e9rique et juste en face du magasin Ikea, c\u2019est un tout autre projet qui est en train de voir le jour.<\/p>\n<p class=\" wall-content\">Le chantier d\u2019un parc d\u2019activit\u00e9s est aussi en cours, les travaux ayant d\u00e9j\u00e0 d\u00e9marr\u00e9. Le promoteur Em2c va construire entre le 8e arrondissement de Lyon et V\u00e9nissieux <strong>un \u00ab\u00a0parc d\u2019activit\u00e9s \u00e0 \u00e9tages\u00a0\u00bb<\/strong> qui doit \u00eatre achev\u00e9 fin 2026.<\/p>\n<p class=\" wall-content\">Le site va s\u2019\u00e9tendre sur 2,6 hectares pour 21 000 m\u00b2 de surface r\u00e9partie sur deux b\u00e2timents de deux niveaux chacun. Des entreprises de la logistique, artisanales ou industrielles pourront s\u2019implanter sur cette ancienne friche.<\/p>\n<p class=\" wall-content\">Le futur parc d\u2019activit\u00e9 verra le jour \u00e0 c\u00f4t\u00e9 du projet d\u2019h\u00f4tel logistique urbain d\u00e9velopp\u00e9 par le m\u00eame promoteur. Un ambitieux projet qui prend du retard face \u00e0 la grogne de certains riverains qui craignent trop de circulation de camions.\u00a0<\/p>\n<p class=\" wall-content\">Suivez toute l\u2019actualit\u00e9 de vos villes et m\u00e9dias favoris en vous inscrivant \u00e0 <a href=\"https:\/\/moncompte.actu.fr\" title=\"D\u00e9couvez Mon Actu\" rel=\"nofollow noopener\" data-trk=\"{&quot;cta&quot;:{&quot;action&quot;:&quot;https:\\\/\\\/moncompte.actu.fr&quot;,&quot;category&quot;:&quot;mon compte&quot;,&quot;from&quot;:&quot;article footer&quot;,&quot;name&quot;:&quot;Mon actu&quot;,&quot;type&quot;:&quot;cta&quot;}}\" target=\"_blank\">Mon Actu<\/a>.<\/p>\n","protected":false},"excerpt":{"rendered":"Par Nicolas Zaugra Publi\u00e9 le 4 mai 2025 \u00e0 7h24 C\u2019est \u00e0 proximit\u00e9 du quartier de Parilly, qui&hellip;\n","protected":false},"author":2,"featured_media":73628,"comment_status":"","ping_status":"","sticky":false,"template":"","format":"standard","meta":{"footnotes":""},"categories":[1889],"tags":[1111,11,2430,33,341,1777,674,1011,27,714,2428,12,25],"class_list":{"0":"post-73627","1":"post","2":"type-post","3":"status-publish","4":"format-standard","5":"has-post-thumbnail","7":"category-lyon","8":"tag-actu","9":"tag-actualites","10":"tag-auvergne-rhone-alpes","11":"tag-economie","12":"tag-emploi","13":"tag-eu","14":"tag-europe","15":"tag-fr","16":"tag-france","17":"tag-ikea","18":"tag-lyon","19":"tag-news","20":"tag-republique-francaise"},"share_on_mastodon":{"url":"https:\/\/pubeurope.com\/@fr\/114448143749332814","error":""},"_links":{"self":[{"href":"https:\/\/www.europesays.com\/fr\/wp-json\/wp\/v2\/posts\/73627","targetHints":{"allow":["GET"]}}],"collection":[{"href":"https:\/\/www.europesays.com\/fr\/wp-json\/wp\/v2\/posts"}],"about":[{"href":"https:\/\/www.europesays.com\/fr\/wp-json\/wp\/v2\/types\/post"}],"author":[{"embeddable":true,"href":"https:\/\/www.europesays.com\/fr\/wp-json\/wp\/v2\/users\/2"}],"replies":[{"embeddable":true,"href":"https:\/\/www.europesays.com\/fr\/wp-json\/wp\/v2\/comments?post=73627"}],"version-history":[{"count":0,"href":"https:\/\/www.europesays.com\/fr\/wp-json\/wp\/v2\/posts\/73627\/revisions"}],"wp:featuredmedia":[{"embeddable":true,"href":"https:\/\/www.europesays.com\/fr\/wp-json\/wp\/v2\/media\/73628"}],"wp:attachment":[{"href":"https:\/\/www.europesays.com\/fr\/wp-json\/wp\/v2\/media?parent=73627"}],"wp:term":[{"taxonomy":"category","embeddable":true,"href":"https:\/\/www.europesays.com\/fr\/wp-json\/wp\/v2\/categories?post=73627"},{"taxonomy":"post_tag","embeddable":true,"href":"https:\/\/www.europesays.com\/fr\/wp-json\/wp\/v2\/tags?post=73627"}],"curies":[{"name":"wp","href":"https:\/\/api.w.org\/{rel}","templated":true}]}}