{"id":73631,"date":"2025-05-04T06:28:07","date_gmt":"2025-05-04T06:28:07","guid":{"rendered":"https:\/\/www.europesays.com\/fr\/73631\/"},"modified":"2025-05-04T06:28:07","modified_gmt":"2025-05-04T06:28:07","slug":"dans-les-quartiers-populaires-le-calvaire-sans-fin-des-pannes-dascenseurs","status":"publish","type":"post","link":"https:\/\/www.europesays.com\/fr\/73631\/","title":{"rendered":"dans les quartiers populaires, le \u00ab\u00a0calvaire\u00a0\u00bb sans fin des pannes d&rsquo;ascenseurs"},"content":{"rendered":"<p>            Par<br \/>\n        <strong><br \/>\n            <a href=\"https:\/\/actu.fr\/auteur\/thomas-martin\" title=\"Consulter tous les articles de Thomas Martin\" target=\"_blank\" rel=\"noopener\">Thomas Martin<\/a><br \/>\n        <\/strong><\/p>\n<p>        Publi\u00e9 le<\/p>\n<p>            4 mai 2025 \u00e0 8h16        <\/p>\n<p>L\u2019un des deux ascenseurs fonctionne. Mais il ne dessert pas l\u2019\u00e9tage o\u00f9 habite Chrislie Mouthoud, qui doit tous les jours porter ses deux petites filles pour rejoindre son appartement dans l\u2019immense copropri\u00e9t\u00e9 d\u00e9grad\u00e9e de Grigny 2 (Essonne). Tous les jours, cette auxiliaire de cr\u00e8che de 43 ans doit prendre l\u2019ascenseur jusqu\u2019au 11e \u00e9tage et redescendre \u00e0 pied jusqu\u2019au 6e avec ses jumelles. Souvent aid\u00e9e par sa m\u00e8re de 70 ans.<br \/>Mme Mouthoud vit le \u00ab\u00a0calvaire\u00a0\u00bb d\u00e9crit par le d\u00e9put\u00e9 Philippe Brun (PS) dans <a href=\"https:\/\/actu.fr\/societe\/1-7-million-de-pannes-d-ascenseurs-par-an-en-france-en-quoi-la-loi-va-t-elle-repondre-a-ce-fleau_62167419.html\" target=\"_blank\" rel=\"noopener\">la proposition de loi<\/a> qu\u2019il porte pour lutter contre les <a href=\"https:\/\/actu.fr\/ile-de-france\/sceaux_92071\/c-est-un-metier-qui-a-du-sens-lorsqu-un-ascenseur-est-en-panne-dans-les-hauts-de-seine-il-intervient_60919447.html\" target=\"_blank\" rel=\"noopener\">pannes d\u2019ascenseurs<\/a> \u2013 1,5 million par an selon le parlementaire.<\/p>\n<p>\u00ab\u00a0Un bras de fer constant\u00a0\u00bb<\/p>\n<p class=\" wall-content\">En mai 2023, apr\u00e8s un accident mortel, l\u2019ascenseur est immobilis\u00e9 pour les besoins de l\u2019enqu\u00eate. \u00ab\u00a0Cela a eu pour cons\u00e9quence une pression \u00e9norme sur (celui) qui fonctionnait, et une acc\u00e9l\u00e9ration de sa d\u00e9gradation\u00a0\u00bb, d\u00e9taille la direction de l\u2019am\u00e9nagement, de l\u2019habitat et du renouvellement urbain de la mairie.<\/p>\n<p class=\" wall-content\">Quand l\u2019AFP se rend dans cet immeuble, le seul ascenseur fonctionnel ne dessert que les onzi\u00e8me et treizi\u00e8me \u00e9tages. Locataire dans cette tour qui fait l\u2019objet d\u2019une op\u00e9ration de requalification en logements sociaux, Mme Mouthoud se sent \u00ab\u00a0abandonn\u00e9e\u00a0\u00bb.<\/p>\n<p class=\" wall-content\">Pour pallier les probl\u00e8mes, des travaux d\u2019urgence financ\u00e9s par l\u2019Etat ont \u00e9t\u00e9 r\u00e9alis\u00e9s et la municipalit\u00e9 a mis en place un service de portage de courses. \u00ab\u00a0On essaye de fluidifier les informations entre les habitants, le conseil syndical, l\u2019administrateur provisoire (nomm\u00e9 par le tribunal pour administrer les copropri\u00e9t\u00e9s en grave difficult\u00e9, ndlr), l\u2019\u00e9tablissement public foncier d\u2019\u00cele-de-France (pilote du projet de redressement des copropri\u00e9t\u00e9s de Grigny 2) et l\u2019ascensoriste\u00a0\u00bb, indique encore la mairie.<\/p>\n<p class=\" wall-content\">Mais \u00ab\u00a0c\u2019est un bras de fer constant entre les ascensoristes et les gestionnaires d\u2019immeubles\u00a0\u00bb, d\u00e9plore-t-elle, et \u00ab\u00a0la r\u00e9activit\u00e9 n\u2019est pas l\u00e0\u00a0\u00bb dans les \u00e9changes avec Otis, en charge de l\u2019entretien. Sollicit\u00e9e, l\u2019entreprise n\u2019a pas r\u00e9pondu aux questions de l\u2019AFP.<br \/>Le probl\u00e8me ne se limite pas aux copropri\u00e9t\u00e9s d\u00e9grad\u00e9es : selon la F\u00e9d\u00e9ration des ascenseurs, le parc national est v\u00e9tuste. Un quart des appareils ont plus de 40 ans et 40% ont d\u00e9pass\u00e9 les 25 ans.<\/p>\n<p>Vid\u00e9os : en ce moment sur Actu<\/p>\n<p class=\" wall-content\">\u00ab\u00a0La vraie probl\u00e9matique, elle est sur ces appareils v\u00e9tustes sur lesquels vous n\u2019avez pas les pi\u00e8ces\u00a0\u00bb, d\u00e9taille son pr\u00e9sident Olivier Rouvi\u00e8re, \u00ab\u00a0des pi\u00e8ces qui ont presque 40 ans, allez les trouver sur le march\u00e9, c\u2019est comme r\u00e9parer une 4L\u00a0\u00bb.<\/p>\n<p class=\" wall-content\">Chez Marie-Pierre Gay, qui habite dans l\u2019une des rares tours de Thiais (Val-de-Marne), l\u2019ascenseur n\u2019a pas \u00e9t\u00e9 chang\u00e9 depuis son emm\u00e9nagement\u2026 en 1983.<br \/>\u00ab\u00a0Les pannes c\u2019est r\u00e9current\u00a0\u00bb, soupire cette retrait\u00e9e de 63 ans, dont le mari est d\u00e9c\u00e9d\u00e9 apr\u00e8s un malaise cardiaque en juillet 2023. Une \u00e9quipe du Samu, appel\u00e9e \u00e0 l\u2019aide, \u00e9tait rest\u00e9e bloqu\u00e9e dans l\u2019ascenseur.<\/p>\n<p class=\" wall-content\">\u00ab\u00a0Je ne peux pas certifier qu\u2019ils l\u2019auraient sauv\u00e9, mais je me dis que s\u2019il avait \u00e9t\u00e9 transport\u00e9 (\u00e0 l\u2019h\u00f4pital) tout de suite, peut-\u00eatre qu\u2019il serait encore l\u00e0\u00a0\u00bb, confie-t-elle les larmes aux yeux.<br \/>Contact\u00e9, l\u2019op\u00e9rateur Schindler indique que des travaux \u00ab\u00a0de modernisation et de mise aux normes de l\u2019installation\u00a0\u00bb \u00e9taient pr\u00e9vus courant 2025.<\/p>\n<p>\u00ab\u00a0Du vandalisme comme partout\u00a0\u00bb<\/p>\n<p class=\" wall-content\">Marie-Pierre Gay demande aussi une compensation financi\u00e8re \u00e0 son bailleur et conteste un premier versement de 22,34 euros vers\u00e9 \u00e0 chacun des 84 locataires, insuffisant selon elle pour une panne d\u2019un mois.<\/p>\n<p class=\" wall-content\">Lorsqu\u2019ils sont interrog\u00e9s, sans \u00e9luder la question des pi\u00e8ces manquantes, les bailleurs mettent en avant l\u2019ins\u00e9curit\u00e9 et le vandalisme, qui justifie selon eux jusqu\u2019\u00e0 deux tiers des interventions.<\/p>\n<p class=\" wall-content\">\u00ab\u00a0Qu\u2019on demande des comptes aux bailleurs, c\u2019est normal\u00a0\u00bb, affirme Emmanuelle Cosse, pr\u00e9sidente de l\u2019Union sociale pour l\u2019habitat. \u00ab\u00a0Mais (\u2026) aujourd\u2019hui ce qu\u2019on subit, c\u2019est des difficult\u00e9s \u00e0 faire intervenir les entreprises\u00a0\u00bb.<\/p>\n<p class=\" wall-content\">\u00ab\u00a0Il y a du vandalisme comme partout\u00a0\u00bb, balaye Noha Tefrit, assistante parlementaire de Philippe Brun \u00e0 l\u2019origine du collectif Ascenseurs en col\u00e8re. Selon elle, les quartiers prioritaires de la politique de la ville (QPV) comme ceux de Marie-Pierre Gay et Chrislie Mouthoud sont \u00ab\u00a0un peu laiss\u00e9s \u00e0 l\u2019abandon\u00a0\u00bb et b\u00e9n\u00e9ficient de contrats de moins bonne qualit\u00e9.<\/p>\n<p class=\" wall-content\">Les ascensoristes, eux, estiment que la proposition de loi visant \u00e0 les p\u00e9naliser en cas de d\u00e9passement du d\u00e9lai de r\u00e9paration est \u00ab\u00a0punitive\u00a0\u00bb et risque \u00ab\u00a0d\u2019augmenter par cinq le prix des contrats dans l\u2019habitat social\u00a0\u00bb.<\/p>\n<p class=\" wall-content\">Elle obligerait \u00e9galement le propri\u00e9taire d\u2019un immeuble \u00e0 assurer l\u2019accompagnement des occupants \u00e0 mobilit\u00e9 r\u00e9duite.<\/p>\n<p class=\" wall-content\">Aujourd\u2019hui, face aux probl\u00e8mes, \u00e0 Grigny par exemple, \u00ab\u00a0on bricole pour parer aux urgences\u00a0\u00bb, glisse-t-on \u00e0 la mairie.<\/p>\n<p class=\" wall-content\">Suivez toute l\u2019actualit\u00e9 de vos villes et m\u00e9dias favoris en vous inscrivant \u00e0 <a href=\"https:\/\/moncompte.actu.fr\" title=\"D\u00e9couvez Mon Actu\" rel=\"nofollow noopener\" data-trk=\"{&quot;cta&quot;:{&quot;action&quot;:&quot;https:\\\/\\\/moncompte.actu.fr&quot;,&quot;category&quot;:&quot;mon compte&quot;,&quot;from&quot;:&quot;article footer&quot;,&quot;name&quot;:&quot;Mon actu&quot;,&quot;type&quot;:&quot;cta&quot;}}\" target=\"_blank\">Mon Actu<\/a>.<\/p>\n<ul class=\"ac-article-tag wall-content\">\n<li><a href=\"https:\/\/actu.fr\/tag\/logement\" data-trk=\"{&quot;cta&quot;:{&quot;action&quot;:&quot;Logement&quot;,&quot;category&quot;:&quot;tag&quot;,&quot;from&quot;:&quot;article footer&quot;,&quot;name&quot;:&quot;Logement&quot;,&quot;type&quot;:&quot;cta&quot;}}\" target=\"_blank\" rel=\"noopener\">#Logement<\/a><\/li>\n<li><a href=\"https:\/\/actu.fr\/tag\/logements-sociaux\" data-trk=\"{&quot;cta&quot;:{&quot;action&quot;:&quot;Logements sociaux&quot;,&quot;category&quot;:&quot;tag&quot;,&quot;from&quot;:&quot;article footer&quot;,&quot;name&quot;:&quot;Logements sociaux&quot;,&quot;type&quot;:&quot;cta&quot;}}\" target=\"_blank\" rel=\"noopener\">#Logements sociaux<\/a><\/li>\n<\/ul>\n","protected":false},"excerpt":{"rendered":"Par Thomas Martin Publi\u00e9 le 4 mai 2025 \u00e0 8h16 L\u2019un des deux ascenseurs fonctionne. Mais il ne&hellip;\n","protected":false},"author":2,"featured_media":73632,"comment_status":"","ping_status":"","sticky":false,"template":"","format":"standard","meta":{"footnotes":""},"categories":[1592],"tags":[1111,11,1777,674,1011,27,662,1908,6459,12,626,25,104],"class_list":{"0":"post-73631","1":"post","2":"type-post","3":"status-publish","4":"format-standard","5":"has-post-thumbnail","7":"category-ile-de-france","8":"tag-actu","9":"tag-actualites","10":"tag-eu","11":"tag-europe","12":"tag-fr","13":"tag-france","14":"tag-ile-de-france","15":"tag-logement","16":"tag-logements-sociaux","17":"tag-news","18":"tag-paris","19":"tag-republique-francaise","20":"tag-societe"},"share_on_mastodon":{"url":"https:\/\/pubeurope.com\/@fr\/114448151643803811","error":""},"_links":{"self":[{"href":"https:\/\/www.europesays.com\/fr\/wp-json\/wp\/v2\/posts\/73631","targetHints":{"allow":["GET"]}}],"collection":[{"href":"https:\/\/www.europesays.com\/fr\/wp-json\/wp\/v2\/posts"}],"about":[{"href":"https:\/\/www.europesays.com\/fr\/wp-json\/wp\/v2\/types\/post"}],"author":[{"embeddable":true,"href":"https:\/\/www.europesays.com\/fr\/wp-json\/wp\/v2\/users\/2"}],"replies":[{"embeddable":true,"href":"https:\/\/www.europesays.com\/fr\/wp-json\/wp\/v2\/comments?post=73631"}],"version-history":[{"count":0,"href":"https:\/\/www.europesays.com\/fr\/wp-json\/wp\/v2\/posts\/73631\/revisions"}],"wp:featuredmedia":[{"embeddable":true,"href":"https:\/\/www.europesays.com\/fr\/wp-json\/wp\/v2\/media\/73632"}],"wp:attachment":[{"href":"https:\/\/www.europesays.com\/fr\/wp-json\/wp\/v2\/media?parent=73631"}],"wp:term":[{"taxonomy":"category","embeddable":true,"href":"https:\/\/www.europesays.com\/fr\/wp-json\/wp\/v2\/categories?post=73631"},{"taxonomy":"post_tag","embeddable":true,"href":"https:\/\/www.europesays.com\/fr\/wp-json\/wp\/v2\/tags?post=73631"}],"curies":[{"name":"wp","href":"https:\/\/api.w.org\/{rel}","templated":true}]}}