{"id":736521,"date":"2026-02-15T15:46:16","date_gmt":"2026-02-15T15:46:16","guid":{"rendered":"https:\/\/www.europesays.com\/fr\/736521\/"},"modified":"2026-02-15T15:46:16","modified_gmt":"2026-02-15T15:46:16","slug":"un-militaire-grievement-blesse-par-le-tir-dun-camarade-a-lhopital-percy-de-clamart","status":"publish","type":"post","link":"https:\/\/www.europesays.com\/fr\/736521\/","title":{"rendered":"Un militaire gri\u00e8vement bless\u00e9 par le tir d&rsquo;un camarade \u00e0 l&rsquo;h\u00f4pital Percy de Clamart"},"content":{"rendered":"<p class=\"c-chapo \">\n  Le militaire touch\u00e9 par un tir d'\u00a0\u00bbarme de poing\u00a0\u00bb a \u00e9t\u00e9 hospitalis\u00e9, annonce l&rsquo;Etat-major de la zone de d\u00e9fense de Paris. Une enqu\u00eate a \u00e9t\u00e9 confi\u00e9e \u00e0 la police judiciaire pour \u00e9tablir les circonstances.\n<\/p>\n<p>    Publi\u00e9 le 15\/02\/2026 13:55<\/p>\n<p>      Mis \u00e0 jour le 15\/02\/2026 14:09<\/p>\n<p>        Temps de lecture : 1min<\/p>\n<p>    <img decoding=\"async\"  alt=\"L'h\u00f4pital militaire Percy de Clamart (Hauts-de-Seine), le 24 avril 2020. (JEREMY LEMPIN \/ MAXPPP)\" width=\"432\" height=\"243\" src=\"https:\/\/www.europesays.com\/fr\/wp-content\/uploads\/2026\/02\/maxnewsworldfive913128-6991c10baf4c0660307144.jpg\" fetchpriority=\"high\"\/><\/p>\n<p>      L&rsquo;h\u00f4pital militaire Percy de Clamart (Hauts-de-Seine), le 24 avril 2020. (JEREMY LEMPIN \/ MAXPPP)<\/p>\n<p>Les \u00ab\u00a0circonstances\u00a0\u00bb du tir \u00ab\u00a0restent \u00e0 \u00e9tablir\u00a0\u00bb, selon l&rsquo;Etat-major. \u00ab\u00a0Un militaire a \u00e9t\u00e9 gri\u00e8vement bless\u00e9 par un de ses camarades\u00a0\u00bb par un tir d&rsquo;arme \u00e0 feu au sein de la garde de l&rsquo;h\u00f4pital Percy de Clamart (Hauts-de-Seine), a annonc\u00e9 l&rsquo;Etat-major de la zone de d\u00e9fense de Paris dans <a href=\"https:\/\/x.com\/ZDS_Paris\/status\/2022963606745395640\" target=\"_blank\" rel=\"noopener nofollow\" data-tooltip-url=\"https:\/\/x.com\/ZDS_Paris\/status\/2022963606745395640\">un message sur X<\/a>, dimanche 15\u00a0f\u00e9vrier.<\/p>\n<p>L&rsquo;incident a eu lieu vers 4\u00a0heures du matin dimanche, et le militaire a \u00e9t\u00e9 hospitalis\u00e9 en r\u00e9animation avec un pronostic vital engag\u00e9, a appris France T\u00e9l\u00e9visions de source proche de l&rsquo;enqu\u00eate. La victime a \u00e9t\u00e9 bless\u00e9e par un tir d'\u00a0\u00bbarme de poing\u00a0\u00bb\u00a0et \u00ab\u00a0l&rsquo;auteur des faits a \u00e9t\u00e9 plac\u00e9 en garde \u00e0 vue\u00a0\u00bb,\u00a0a affirm\u00e9 l&rsquo;Etat-major de la zone de d\u00e9fense de Paris. L&rsquo;enqu\u00eate a \u00e9t\u00e9 confi\u00e9e \u00e0 la police judiciaire, selon la m\u00eame source.<\/p>\n<p>\u00ab\u00a0Mes pens\u00e9es se tournent vers notre camarade hospitalis\u00e9 ainsi que sa famille\u00a0\u00bb, a \u00e9crit <a href=\"https:\/\/x.com\/Gouv_mili_Paris\/status\/2022965030720061737\" target=\"_blank\" rel=\"noopener nofollow\" data-tooltip-url=\"https:\/\/x.com\/Gouv_mili_Paris\/status\/2022965030720061737\">sur X<\/a> le gouverneur militaire de Paris, Louis Mizon, qui a confirm\u00e9 l&rsquo;ouverture d&rsquo;une enqu\u00eate.\u00a0L&rsquo;h\u00f4pital national d&rsquo;instruction des Arm\u00e9es Percy est un h\u00f4pital militaire fran\u00e7ais situ\u00e9 \u00e0 Clamart, en banlieue sud de Paris. Il est g\u00e9r\u00e9 par le Service de sant\u00e9 des arm\u00e9es et accueille des malades tant militaires que civils.<\/p>\n","protected":false},"excerpt":{"rendered":"Le militaire touch\u00e9 par un tir d&rsquo;\u00a0\u00bbarme de poing\u00a0\u00bb a \u00e9t\u00e9 hospitalis\u00e9, annonce l&rsquo;Etat-major de la zone de&hellip;\n","protected":false},"author":2,"featured_media":736522,"comment_status":"","ping_status":"","sticky":false,"template":"","format":"standard","meta":{"footnotes":""},"categories":[2],"tags":[11,1011,27,12,25],"class_list":{"0":"post-736521","1":"post","2":"type-post","3":"status-publish","4":"format-standard","5":"has-post-thumbnail","7":"category-actualites","8":"tag-actualites","9":"tag-fr","10":"tag-france","11":"tag-news","12":"tag-republique-francaise"},"share_on_mastodon":{"url":"https:\/\/pubeurope.com\/@fr\/116075429385606470","error":""},"_links":{"self":[{"href":"https:\/\/www.europesays.com\/fr\/wp-json\/wp\/v2\/posts\/736521","targetHints":{"allow":["GET"]}}],"collection":[{"href":"https:\/\/www.europesays.com\/fr\/wp-json\/wp\/v2\/posts"}],"about":[{"href":"https:\/\/www.europesays.com\/fr\/wp-json\/wp\/v2\/types\/post"}],"author":[{"embeddable":true,"href":"https:\/\/www.europesays.com\/fr\/wp-json\/wp\/v2\/users\/2"}],"replies":[{"embeddable":true,"href":"https:\/\/www.europesays.com\/fr\/wp-json\/wp\/v2\/comments?post=736521"}],"version-history":[{"count":0,"href":"https:\/\/www.europesays.com\/fr\/wp-json\/wp\/v2\/posts\/736521\/revisions"}],"wp:featuredmedia":[{"embeddable":true,"href":"https:\/\/www.europesays.com\/fr\/wp-json\/wp\/v2\/media\/736522"}],"wp:attachment":[{"href":"https:\/\/www.europesays.com\/fr\/wp-json\/wp\/v2\/media?parent=736521"}],"wp:term":[{"taxonomy":"category","embeddable":true,"href":"https:\/\/www.europesays.com\/fr\/wp-json\/wp\/v2\/categories?post=736521"},{"taxonomy":"post_tag","embeddable":true,"href":"https:\/\/www.europesays.com\/fr\/wp-json\/wp\/v2\/tags?post=736521"}],"curies":[{"name":"wp","href":"https:\/\/api.w.org\/{rel}","templated":true}]}}