{"id":73661,"date":"2025-05-04T06:43:10","date_gmt":"2025-05-04T06:43:10","guid":{"rendered":"https:\/\/www.europesays.com\/fr\/73661\/"},"modified":"2025-05-04T06:43:10","modified_gmt":"2025-05-04T06:43:10","slug":"asl-airlines-france-atterrit-a-corfou","status":"publish","type":"post","link":"https:\/\/www.europesays.com\/fr\/73661\/","title":{"rendered":"ASL Airlines France atterrit \u00e0 Corfou"},"content":{"rendered":"<p>\t\t\t\t\t\t\t\tASL Airlines France atterrit \u00e0 Corfou , une nouvelle destination soleil au d\u00e9part de Paris pour l\u2019\u00e9t\u00e9 2025<\/p>\n<p>\u00a0<\/p>\n<p><a href=\"https:\/\/www.infotravel.fr\/aerien\/asl-airlines-france-met-en-vente-son-programme-ete-2023\/\" rel=\"nofollow noopener\" target=\"_blank\">ASL Airlines France<\/a> poursuit l\u2019expansion de son r\u00e9seau estival et annonce une nouvelle destination dans son programme \u00e9t\u00e9 2025 : l\u2019\u00eele de Corfou, en Gr\u00e8ce.<\/p>\n<p>Du 18 mai au 7 septembre, la compagnie assurera un vol hebdomadaire, chaque dimanche, d\u00e9pendant de Paris \u00e0 cette destination recherch\u00e9e de la mer Ionienne.<\/p>\n<p><img loading=\"lazy\" decoding=\"async\" class=\"alignnone wp-image-78288 size-full\" src=\"data:image\/svg+xml,%3Csvg%20xmlns=\" http:=\"\" alt=\"ASL\" width=\"604\" height=\"341\" data-lazy- data-lazy- data-lazy-src=\"https:\/\/www.europesays.com\/fr\/wp-content\/uploads\/2025\/05\/unnamed-43.jpg\"\/>\u00ab Avec cette nouvelle liaison, ASL Airlines France r\u00e9pond \u00e0 une demande croissante des voyageurs en qu\u00eate de destinations m\u00e9diterran\u00e9ennes. En effet, Corfou , l\u2019ile la plus septentrionale de la mer ionienne et l\u2019une des plus grandes iles grecques , o ffre aux vacanciers tout \u00e0 la fois des paysages de montagne, des plages de sable fin et un riche patrimoine culturel . L\u2019ouverture de cette nouvelle ligne permet donc aux voyageurs de b\u00e9n\u00e9ficier d\u2019un acc\u00e8s direct et confortable un l\u2019 \u00ee le , tout en profitant de l\u2019exp\u00e9rience et du savoir-faire d\u2019ASL Airlines France. \u00bb souligne Jonathan Raimbault, directeur commercial et du programme d\u2019ASL Airlines France.<\/p>\n<p>La ligne Paris-CDG \u2013 Corfou vient s\u2019ajouter \u00e0 un programme \u00e9t\u00e9 2025 d\u00e9j\u00e0 riche .<\/p>\n<p><strong>Un programme \u00e9t\u00e9 2025 ambitieux et diversifi\u00e9<\/strong><\/p>\n<p>Le programme \u00e9t\u00e9 2025 d\u2019ASL Airlines France se caract\u00e9rise par l\u2019ouverture de huit nouvelle s\u200b lignes , ne\u200b deux lignes in\u00e9dites s vers Pristina , au d\u00e9part de Paris CDG et de Lyon, une ligne domestique entre Lille et Toulon et l\u2019 a j out de fr\u00e9quences suppl\u00e9mentaires vers les destinations d\u00e9j\u00e0 desservies . La compagnie op\u00e8re d\u00e9sormais Alger depuis Paris-Orly , avec un vol quotidien.<\/p>\n<p><img loading=\"lazy\" decoding=\"async\" class=\"alignnone wp-image-78287 size-full\" src=\"data:image\/svg+xml,%3Csvg%20xmlns=\" http:=\"\" alt=\"ASL\" width=\"605\" height=\"403\" data-lazy- data-lazy- data-lazy-src=\"https:\/\/www.europesays.com\/fr\/wp-content\/uploads\/2025\/05\/unnamed-1-25.jpg\"\/><\/p>\n<p><strong>Nouvelles liaisons<\/strong><\/p>\n<p>Paris-CDG \u2013 <a href=\"https:\/\/www.infotravel.fr\/conseils\/13-destinations-en-grece-immanquables\/\" rel=\"nofollow noopener\" target=\"_blank\">Corfou<\/a> : un vol par semaine le dimanche<br \/>Paris-Orly \u2013 Alger : deux vols hebdomadaires (vendredi et dimanche) pendant les vacances scolaires<br \/>Lille \u2013 Toulon : deux vols par semaine (vendredi et dimanche) pendant les vacances scolaires<br \/>Toulon \u2013 Alger : deux vols hebdomadaires (vendredi et dimanche) pendant les vacances scolaires<\/p>\n<p>Paris CDG \u2013 Pristina : un vol par semaine le jeudi<br \/>Lyon \u2013 Pristina : un vol par semaine le jeudi<\/p>\n<p>Saint-Etienne \u2013 B\u00e9ja\u00efa : un vol par semaine le dimanche<\/p>\n<p>Clermont-Ferrand \u2013 Alger : un vol par semaine le mardi<\/p>\n<p><strong>Fr\u00e9quences suppl\u00e9mentaires\u200b<\/strong><\/p>\n<p>Lyon \u2013 Alger : 6 vols par semaine<br \/>Paris-CDG \u2013 Alger : jusqu\u2019\u00e0 13 vols par semaine.<br \/>Lille \u2013 Alger : jusqu\u2019\u00e0 4 vols par semaine.<br \/>Lille \u2013 Oran : jusqu\u2019\u00e0 3 vols par semaine.<\/p>\n<p><strong>Les r\u00e9servations<\/strong><\/p>\n<p>Les r\u00e9servations sont ouvertes pour toutes les destinations, y compris pour Corfou sur le site de la compagnie www.aslairlines.fr , et aupr\u00e8s de ses points de vente en France et en Alg\u00e9rie (contact Soleil Voyages au +213 (0)550 10 10 28\/29\/39, prix d\u2019un appel local, du dimanche au jeudi de 9 h 00 \u00e0 18 h 00 et le samedi de 9 h 00 \u00e0 17 h 00) .<\/p>\n<p>\u00a0<\/p>\n<p>ASL Airlines France , compagnie officielle de la Ligue Nationale de Basket cr\u00e9dit photo : Walkowiak Nathan<\/p>\n","protected":false},"excerpt":{"rendered":"ASL Airlines France atterrit \u00e0 Corfou , une nouvelle destination soleil au d\u00e9part de Paris pour l\u2019\u00e9t\u00e9 2025&hellip;\n","protected":false},"author":2,"featured_media":73662,"comment_status":"","ping_status":"","sticky":false,"template":"","format":"standard","meta":{"footnotes":""},"categories":[4],"tags":[11,37,8763,10009,2883,1011,27,17782,6127,12,25,602,10030,2528,17783,586],"class_list":{"0":"post-73661","1":"post","2":"type-post","3":"status-publish","4":"format-standard","5":"has-post-thumbnail","7":"category-france","8":"tag-actualites","9":"tag-avion","10":"tag-compagnie-aerienne","11":"tag-destination","12":"tag-ete","13":"tag-fr","14":"tag-france","15":"tag-infotravel","16":"tag-mer","17":"tag-news","18":"tag-republique-francaise","19":"tag-tourisme","20":"tag-travel","21":"tag-vacances","22":"tag-vol-sec","23":"tag-voyage"},"share_on_mastodon":{"url":"https:\/\/pubeurope.com\/@fr\/114448210610358906","error":""},"_links":{"self":[{"href":"https:\/\/www.europesays.com\/fr\/wp-json\/wp\/v2\/posts\/73661","targetHints":{"allow":["GET"]}}],"collection":[{"href":"https:\/\/www.europesays.com\/fr\/wp-json\/wp\/v2\/posts"}],"about":[{"href":"https:\/\/www.europesays.com\/fr\/wp-json\/wp\/v2\/types\/post"}],"author":[{"embeddable":true,"href":"https:\/\/www.europesays.com\/fr\/wp-json\/wp\/v2\/users\/2"}],"replies":[{"embeddable":true,"href":"https:\/\/www.europesays.com\/fr\/wp-json\/wp\/v2\/comments?post=73661"}],"version-history":[{"count":0,"href":"https:\/\/www.europesays.com\/fr\/wp-json\/wp\/v2\/posts\/73661\/revisions"}],"wp:featuredmedia":[{"embeddable":true,"href":"https:\/\/www.europesays.com\/fr\/wp-json\/wp\/v2\/media\/73662"}],"wp:attachment":[{"href":"https:\/\/www.europesays.com\/fr\/wp-json\/wp\/v2\/media?parent=73661"}],"wp:term":[{"taxonomy":"category","embeddable":true,"href":"https:\/\/www.europesays.com\/fr\/wp-json\/wp\/v2\/categories?post=73661"},{"taxonomy":"post_tag","embeddable":true,"href":"https:\/\/www.europesays.com\/fr\/wp-json\/wp\/v2\/tags?post=73661"}],"curies":[{"name":"wp","href":"https:\/\/api.w.org\/{rel}","templated":true}]}}