{"id":73694,"date":"2025-05-04T07:03:07","date_gmt":"2025-05-04T07:03:07","guid":{"rendered":"https:\/\/www.europesays.com\/fr\/73694\/"},"modified":"2025-05-04T07:03:07","modified_gmt":"2025-05-04T07:03:07","slug":"tous-les-aeroports-au-monde-vont-vouloir-copier-madrid-et-ses-passerelles-automatisees","status":"publish","type":"post","link":"https:\/\/www.europesays.com\/fr\/73694\/","title":{"rendered":"Tous les a\u00e9roports au monde vont vouloir copier Madrid et ses \u00ab passerelles automatis\u00e9es \u00bb"},"content":{"rendered":"<p>L\u2019a\u00e9roport hispanique devient le premier au monde \u00e0 \u00e9quiper l\u2019ensemble des portes de ses cinq terminaux de cette nouvelle technologie pour faire embarquer et d\u00e9barquer les passagers.<\/p>\n<p>Une innovation pour faire embarquer et d\u00e9barquer les passagers des avions de l\u2019a\u00e9roport de Madrid-Barajas Adolfo Suarez suscite la convoitise. Depuis peu, le site est devenu le premier des grands a\u00e9roports mondiaux \u00e0 avoir remplac\u00e9 l\u2019ensemble des passerelles traditionnelles pour de nouveaux \u00e9quipements automatis\u00e9s, supervis\u00e9s depuis des salles de contr\u00f4les d\u00e9di\u00e9es. AENA, son gestionnaire, l\u2019a annonc\u00e9 lors de l\u2019\u00e9v\u00e9nement Passenger Terminal Expo &amp; Conference organis\u00e9 d\u00e9but avril dans la capitale espagnole.<\/p>\n<p>Comme le mentionne le Journal de l\u2019Aviation, des cam\u00e9ras st\u00e9r\u00e9oscopiques et des programmes bas\u00e9s sur de l\u2019intelligence artificielle permettront de guider les passerelles jusqu\u2019aux portes des avions, pour raccorder ces derniers aux terminaux. Un moyen de rendre le processus plus rapide, plus s\u00e9curis\u00e9 et plus flexible aussi, sans qu\u2019il ne n\u00e9cessite d\u2019avoir du personnel sur place pour r\u00e9aliser une t\u00e2che assez chronophage et protocolaire.<\/p>\n<p>L\u2019a\u00e9roport de Madrid fait parler de lui avec cette technologie tant il est le premier \u00e0 terminer sa phase de remplacement de l\u2019ensemble de ses passerelles t\u00e9lescopiques situ\u00e9es aux portes de ses a\u00e9rogares. Le site de la capitale espagnole compte cinq terminaux, ce qui a donc n\u00e9cessit\u00e9 de remplacer 129 passerelles a\u00e9roportuaires au total. Une proc\u00e9dure qui aura pris moins d\u2019un an, puisque le gestionnaire de l\u2019a\u00e9roport, AENA, a d\u00e9ploy\u00e9 graduellement son nouveau syst\u00e8me de juin 2024 \u00e0 f\u00e9vrier 2025.<\/p>\n<p> Les ambitions du plus gros gestionnaire a\u00e9roportuaire au monde, AENA <\/p>\n<p>Notons que le groupe AENA, bas\u00e9 \u00e0 Madrid, est une filiale de l\u2019entreprise publique espagnole ENAIRE, financ\u00e9e par le minist\u00e8re des Transports. L\u2019a\u00e9roport de la capitale n\u2019est pas le seul sous sa gestion. On en compte 46 rien que sur le territoire national. Mais ce n\u2019est pas tout, AENA est aussi pr\u00e9sent au Br\u00e9sil avec 17 a\u00e9roports, tout comme \u00e0 l\u2019a\u00e9roport de Luton, qui dessert les voyageurs \u00e0 destination de Londres. En tout, AENA repr\u00e9sentait 369 millions de voyageurs en 2024 (de quoi lui donner la m\u00e9daille d\u2019or des exploitants a\u00e9roportuaires au monde).<\/p>\n<p>Selon le gestionnaire, cit\u00e9 par le Journal de l\u2019Aviation, l\u2019automatisation de l\u2019a\u00e9roport gr\u00e2ce \u00e0 ces nouvelles passerelles a suscit\u00e9 la convoitise d\u2019une quinzaine de compagnies a\u00e9riennes et d\u2019a\u00e9roports, qui auraient visit\u00e9 les installations. Celles-ci sont sign\u00e9es TK Elevator, une entreprise allemande sp\u00e9cialis\u00e9e dans le transport vertical et horizontal, qui fabrique aussi des escaliers m\u00e9caniques, des ascenseurs et des trottoirs roulants.<\/p>\n<p>AENA ne compte pas s\u2019arr\u00eater l\u00e0 en mati\u00e8re d\u2019innovation dans ses a\u00e9roports. Lors de l\u2019ouverture du salon Passenger Terminal Expo &amp; Conference \u00e0 Madrid, le vice-pr\u00e9sident ex\u00e9cutif de l\u2019entreprise, Javier Mar\u00edn, annon\u00e7ait que \u00ab\u00a0Aena s\u2019appr\u00eate \u00e0 entreprendre le programme d\u2019investissement a\u00e9roportuaire le plus important d\u2019Europe et du monde dans les ann\u00e9es \u00e0 venir\u00a0\u00bb.\u00a0Il n\u2019a pas pr\u00e9cis\u00e9, en revanche, quels seront les autres a\u00e9roports qui b\u00e9n\u00e9ficieront en priorit\u00e9 de ces passerelles automatis\u00e9es dans les prochains mois.<\/p>\n<blockquote>\n<p class=\"text-base text-neutral-700 dark:text-neutral-300\">\ud83d\udd34 Pour ne manquer aucune actualit\u00e9 de 01net, suivez-nous sur <a href=\"https:\/\/news.google.com\/publications\/CAAqBwgKMJPsvAswoIfUAw?hl=fr&amp;gl=FR&amp;ceid=FR%3Afr\" target=\"_blank\" rel=\"noopener\">Google Actualit\u00e9s<\/a> et <a href=\"https:\/\/whatsapp.com\/channel\/0029VaH5gKg6xCSG9nQQhQ1Z\" target=\"_blank\" rel=\"noopener\">WhatsApp<\/a>.<\/p>\n<\/blockquote>\n<p class=\"post-source\">\n            Source :<br \/>\n            <a href=\"https:\/\/www.journal-aviation.com\/actualites-transport-aerien\/aeroports\/aeroport-madrid-barajas-premier-grand-hub-mondial-avec-la-totalite-de-ses-passerelles-automatisees-20250424.html\" target=\"_blank\" rel=\"noopener\"><br \/>\n              Journal de l&rsquo;Aviation<br \/>\n            <\/a>\n          <\/p>\n","protected":false},"excerpt":{"rendered":"L\u2019a\u00e9roport hispanique devient le premier au monde \u00e0 \u00e9quiper l\u2019ensemble des portes de ses cinq terminaux de cette&hellip;\n","protected":false},"author":2,"featured_media":73695,"comment_status":"","ping_status":"","sticky":false,"template":"","format":"standard","meta":{"footnotes":""},"categories":[6],"tags":[663,37,35,33,34,123,1011,27,2803],"class_list":{"0":"post-73694","1":"post","2":"type-post","3":"status-publish","4":"format-standard","5":"has-post-thumbnail","7":"category-economie","8":"tag-aeroport","9":"tag-avion","10":"tag-business","11":"tag-economie","12":"tag-economy","13":"tag-espagne","14":"tag-fr","15":"tag-france","16":"tag-transport"},"share_on_mastodon":{"url":"https:\/\/pubeurope.com\/@fr\/114448289224776806","error":""},"_links":{"self":[{"href":"https:\/\/www.europesays.com\/fr\/wp-json\/wp\/v2\/posts\/73694","targetHints":{"allow":["GET"]}}],"collection":[{"href":"https:\/\/www.europesays.com\/fr\/wp-json\/wp\/v2\/posts"}],"about":[{"href":"https:\/\/www.europesays.com\/fr\/wp-json\/wp\/v2\/types\/post"}],"author":[{"embeddable":true,"href":"https:\/\/www.europesays.com\/fr\/wp-json\/wp\/v2\/users\/2"}],"replies":[{"embeddable":true,"href":"https:\/\/www.europesays.com\/fr\/wp-json\/wp\/v2\/comments?post=73694"}],"version-history":[{"count":0,"href":"https:\/\/www.europesays.com\/fr\/wp-json\/wp\/v2\/posts\/73694\/revisions"}],"wp:featuredmedia":[{"embeddable":true,"href":"https:\/\/www.europesays.com\/fr\/wp-json\/wp\/v2\/media\/73695"}],"wp:attachment":[{"href":"https:\/\/www.europesays.com\/fr\/wp-json\/wp\/v2\/media?parent=73694"}],"wp:term":[{"taxonomy":"category","embeddable":true,"href":"https:\/\/www.europesays.com\/fr\/wp-json\/wp\/v2\/categories?post=73694"},{"taxonomy":"post_tag","embeddable":true,"href":"https:\/\/www.europesays.com\/fr\/wp-json\/wp\/v2\/tags?post=73694"}],"curies":[{"name":"wp","href":"https:\/\/api.w.org\/{rel}","templated":true}]}}