{"id":73725,"date":"2025-05-04T07:25:15","date_gmt":"2025-05-04T07:25:15","guid":{"rendered":"https:\/\/www.europesays.com\/fr\/73725\/"},"modified":"2025-05-04T07:25:15","modified_gmt":"2025-05-04T07:25:15","slug":"pres-de-nice-un-palmier-de-la-cote-dazur-va-etre-couvert-dor-une-premiere-mondiale","status":"publish","type":"post","link":"https:\/\/www.europesays.com\/fr\/73725\/","title":{"rendered":"Pr\u00e8s de Nice. Un palmier de la C\u00f4te d\u2019Azur va \u00eatre couvert d\u2019or : \u00ab\u00a0Une premi\u00e8re mondiale\u00a0\u00bb"},"content":{"rendered":"<p>            Par<br \/>\n        <strong><br \/>\n            <a href=\"https:\/\/actu.fr\/auteur\/ugo-maillard\" title=\"Consulter tous les articles de Ugo Maillard\" rel=\"nofollow noopener\" target=\"_blank\">Ugo Maillard<\/a><br \/>\n        <\/strong><\/p>\n<p>        Publi\u00e9 le<\/p>\n<p>            4 mai 2025 \u00e0 8h40        <\/p>\n<p>Une performance artistique in\u00e9dite. Du lundi 5 au jeudi 8 mai 2025, des travaux vont d\u00e9buter devant l\u2019h\u00f4tel Mondrian de Cannes (<a href=\"https:\/\/actu.fr\/provence-alpes-cote-d-azur\/alpes-maritimes_06\" rel=\"nofollow noopener\" target=\"_blank\">Alpes-Maritimes<\/a>).\u00a0<\/p>\n<p class=\" wall-content\">\u00c0 l\u2019occasion du festival de <strong>Cannes<\/strong>, un artiste se donne le challenge de <strong>recouvrir enti\u00e8rement un palmier de feuille d\u2019or<\/strong>.\u00a0<\/p>\n<p class=\" wall-content\">Cet arbre situ\u00e9 sur la croisette sera couvert de feuilles d\u2019or pur 24 carats par Jean-Christophe Rousseau, un artisan d\u2019art, a appris <a href=\"https:\/\/actu.fr\/nice\/\" rel=\"nofollow noopener\" target=\"_blank\">actu Nice<\/a>.<\/p>\n<p class=\" wall-content\">Voici ce que l\u2019on sait de cette cr\u00e9ation qui se r\u00e9v\u00e8le \u00eatre \u00ab une premi\u00e8re mondiale \u00bb.<\/p>\n<p>Une \u0153uvre visible au moins six mois<\/p>\n<p class=\" wall-content\">Ce palmier d\u2019une quinzaine de m\u00e8tres de hauteur recouvert d\u2019environ <strong>10 \u00e0 15 000 feuilles d\u2019or<\/strong>.<\/p>\n<p>Vid\u00e9os : en ce moment sur Actu<\/p>\n<blockquote class=\"ac-article-quote wall-content\">\n<p>Avec ce palmier de 15 m\u00e8tres de haut, le challenge un peu fou, organis\u00e9 avec la complicit\u00e9 de l\u2019h\u00f4tel et de la mairie de Cannes, va mettre en lumi\u00e8re la fameuse avenue pour le plus grand \u00e9merveillement des passants.<\/p>\n<p>    <strong>Organisation de la prestation<\/strong>\n            <\/p><\/blockquote>\n<p class=\" wall-content\">Il est donc pr\u00e9vu dans un 1er temps de laisser le palmier recouvert de feuilles d\u2019or pour une dur\u00e9e d\u2019au moins six mois, \u00ab mais l\u2019arbre peut vivre avec cette parure sans limite de temps et en toute s\u00e9curit\u00e9 pour sa sant\u00e9 \u00bb, nous pr\u00e9cise-t-on.<\/p>\n<p class=\" wall-content\">Pour les petits malins souhaitant r\u00e9cup\u00e9rer les feuilles d\u2019or, l\u00e0 encore tout a \u00e9t\u00e9 pens\u00e9 : \u00ab\u00a0Afin de dissuader les passants de venir gratter l\u2019\u00e9corce, l\u2019artiste va travailler en d\u00e9grad\u00e9, la dorure commence \u00e0 2,5m du palmier.\u00a0\u00bb<\/p>\n<p class=\" wall-content\">\u00c0 noter que l\u2019or \u00e9tant inalt\u00e9rable et inoxydable, il est capable de r\u00e9sister aux intemp\u00e9ries.<\/p>\n<p class=\" wall-content\">Suivez toute l\u2019actualit\u00e9 de vos villes et m\u00e9dias favoris en vous inscrivant \u00e0 <a href=\"https:\/\/moncompte.actu.fr\" title=\"D\u00e9couvez Mon Actu\" rel=\"nofollow noopener\" data-trk=\"{&quot;cta&quot;:{&quot;action&quot;:&quot;https:\\\/\\\/moncompte.actu.fr&quot;,&quot;category&quot;:&quot;mon compte&quot;,&quot;from&quot;:&quot;article footer&quot;,&quot;name&quot;:&quot;Mon actu&quot;,&quot;type&quot;:&quot;cta&quot;}}\" target=\"_blank\">Mon Actu<\/a>.<\/p>\n","protected":false},"excerpt":{"rendered":"Par Ugo Maillard Publi\u00e9 le 4 mai 2025 \u00e0 8h40 Une performance artistique in\u00e9dite. Du lundi 5 au&hellip;\n","protected":false},"author":2,"featured_media":73726,"comment_status":"","ping_status":"","sticky":false,"template":"","format":"standard","meta":{"footnotes":""},"categories":[2819],"tags":[1111,11,1777,674,5634,1011,27,1757,12,2401,882,25],"class_list":{"0":"post-73725","1":"post","2":"type-post","3":"status-publish","4":"format-standard","5":"has-post-thumbnail","7":"category-nice","8":"tag-actu","9":"tag-actualites","10":"tag-eu","11":"tag-europe","12":"tag-festival-de-cannes","13":"tag-fr","14":"tag-france","15":"tag-insolite","16":"tag-news","17":"tag-nice","18":"tag-provence-alpes-cote-dazur","19":"tag-republique-francaise"},"share_on_mastodon":{"url":"https:\/\/pubeurope.com\/@fr\/114448375886865255","error":""},"_links":{"self":[{"href":"https:\/\/www.europesays.com\/fr\/wp-json\/wp\/v2\/posts\/73725","targetHints":{"allow":["GET"]}}],"collection":[{"href":"https:\/\/www.europesays.com\/fr\/wp-json\/wp\/v2\/posts"}],"about":[{"href":"https:\/\/www.europesays.com\/fr\/wp-json\/wp\/v2\/types\/post"}],"author":[{"embeddable":true,"href":"https:\/\/www.europesays.com\/fr\/wp-json\/wp\/v2\/users\/2"}],"replies":[{"embeddable":true,"href":"https:\/\/www.europesays.com\/fr\/wp-json\/wp\/v2\/comments?post=73725"}],"version-history":[{"count":0,"href":"https:\/\/www.europesays.com\/fr\/wp-json\/wp\/v2\/posts\/73725\/revisions"}],"wp:featuredmedia":[{"embeddable":true,"href":"https:\/\/www.europesays.com\/fr\/wp-json\/wp\/v2\/media\/73726"}],"wp:attachment":[{"href":"https:\/\/www.europesays.com\/fr\/wp-json\/wp\/v2\/media?parent=73725"}],"wp:term":[{"taxonomy":"category","embeddable":true,"href":"https:\/\/www.europesays.com\/fr\/wp-json\/wp\/v2\/categories?post=73725"},{"taxonomy":"post_tag","embeddable":true,"href":"https:\/\/www.europesays.com\/fr\/wp-json\/wp\/v2\/tags?post=73725"}],"curies":[{"name":"wp","href":"https:\/\/api.w.org\/{rel}","templated":true}]}}