{"id":73727,"date":"2025-05-04T07:26:29","date_gmt":"2025-05-04T07:26:29","guid":{"rendered":"https:\/\/www.europesays.com\/fr\/73727\/"},"modified":"2025-05-04T07:26:29","modified_gmt":"2025-05-04T07:26:29","slug":"airbus-atlantic-finalise-lachat-des-sites-daher-a-malville-et-carquefou","status":"publish","type":"post","link":"https:\/\/www.europesays.com\/fr\/73727\/","title":{"rendered":"Airbus Atlantic finalise l\u2019achat des sites Daher \u00e0 Malville et Carquefou"},"content":{"rendered":"<p>Airbus Atlantic annonce, ce vendredi 2\u00a0mai, la finalisation de l\u2019acquisition des deux sites de Daher \u00e0 Malville et Carquefou. <a href=\"https:\/\/nantes.maville.com\/actu\/actudet_-airbus-atlantic-negocie-pour-la-reprise-d-activites-de-daher-en-loire-atlantique-_52716-6594230_actu.Htm\" target=\"_self\" rel=\"nofollow noopener\">Cela fait des mois, depuis la fin d\u00e9cembre, que le processus est en cours de n\u00e9gociations.<\/a> Cette entr\u00e9e de ces deux usines dans le giron d\u2019Airbus Atlantic est hautement strat\u00e9gique pour l\u2019avionneur\u00a0: ce sont sur ces deux sites de Loire-Atlantique que des activit\u00e9s d\u2019assemblage de panneaux du caisson central de voilure de la famille A320\u00a0sont op\u00e9r\u00e9es par Daher.<\/p>\n<p>Cette acquisition permet de s\u00e9curiser la production du programme A320 <a href=\"https:\/\/saint-nazaire.maville.com\/actu\/actudet_-airbus-pour-tenir-la-cadence-une-nouvelle-ligne-de-production-a-l-usine-de-montoir-de-bretagne-_8-6704198_actu.Htm\" target=\"_self\" rel=\"nofollow noopener\">dans un contexte de mont\u00e9e en cadence soutenue.<\/a> En int\u00e9grant ces activit\u00e9s au sein de son organisation, Airbus Atlantic assure une ma\u00eetrise accrue de sa cha\u00eene d\u2019approvisionnement.<\/p>\n<p>Transfert de pr\u00e8s de 300\u00a0emplois<\/p>\n<p>Concernant les emplois, Airbus Atlantic affirme, dans un communiqu\u00e9, <strong>\u00ab\u00a0son engagement en faveur de la p\u00e9rennit\u00e9 des activit\u00e9s industrielles en Loire-Atlantique\u00a0\u00bb. <\/strong>Le transfert concerne un peu moins de 300\u00a0emplois, int\u00e9rimaires compris.<strong> \u00ab\u00a0Un accompagnement d\u00e9di\u00e9 est mis en place pour assurer une transition fluide et une int\u00e9gration r\u00e9ussie des collaborateurs concern\u00e9s\u00a0\u00bb,<\/strong> ajoute l\u2019avionneur. Les \u00e9quipes Daher de Malville et Carquefou seront donc compl\u00e8tement int\u00e9gr\u00e9es au sein d\u2019Airbus Atlantic.<\/p>\n<p>Avec un effectif de plus 14\u00a0000\u00a0personnes r\u00e9parties dans cinq pays et sur trois continents et un chiffre d\u2019affaires estim\u00e9 de 5,6\u00a0milliards d\u2019euros en 2025, Airbus Atlantic est un leader sur le march\u00e9 mondial des a\u00e9rostructures, des si\u00e8ges pilotes et des fauteuils passagers de classe affaires et de premi\u00e8re classe. La filiale 100\u00a0% airbusienne con\u00e7oit et fabrique, notamment, les sections de fuselage avant pour toute la famille Airbus.<\/p>\n<p>Implant\u00e9 dans une quinzaine de pays dans le monde, le sous-traitant cl\u00e9 de l\u2019a\u00e9ronautique Daher compte \u00e9galement 14\u00a0000\u00a0collaborateurs pour un chiffre d\u2019affaires de 1,8\u00a0milliard d\u2019euros en 2024.<\/p>\n<p>Cette int\u00e9gration des deux sites Daher au sein d\u2019Airbus Atlantic t\u00e9moigne d\u2019une forte dynamique dans le d\u00e9partement\u00a0: ces trois derni\u00e8res ann\u00e9es, plus de 1\u00a0200\u00a0recrutements en CDI ont \u00e9t\u00e9 effectu\u00e9s sur les usines Airbus Atlantic de Nantes, Montoir-de-Bretagne et Saint-Nazaire.<\/p>\n<p>\u00a0<\/p>\n","protected":false},"excerpt":{"rendered":"Airbus Atlantic annonce, ce vendredi 2\u00a0mai, la finalisation de l\u2019acquisition des deux sites de Daher \u00e0 Malville et&hellip;\n","protected":false},"author":2,"featured_media":73728,"comment_status":"","ping_status":"","sticky":false,"template":"","format":"standard","meta":{"footnotes":""},"categories":[2818],"tags":[15718,1111,11,36,14201,3862,5850,1777,674,17161,1011,27,17792,766,12,2636,25,13899],"class_list":{"0":"post-73727","1":"post","2":"type-post","3":"status-publish","4":"format-standard","5":"has-post-thumbnail","7":"category-nantes","8":"tag-achat","9":"tag-actu","10":"tag-actualites","11":"tag-airbus","12":"tag-atlantic","13":"tag-carquefou","14":"tag-daher","15":"tag-eu","16":"tag-europe","17":"tag-finalise","18":"tag-fr","19":"tag-france","20":"tag-malville","21":"tag-nantes","22":"tag-news","23":"tag-pays-de-la-loire","24":"tag-republique-francaise","25":"tag-sites"},"share_on_mastodon":{"url":"https:\/\/pubeurope.com\/@fr\/114448379651834590","error":""},"_links":{"self":[{"href":"https:\/\/www.europesays.com\/fr\/wp-json\/wp\/v2\/posts\/73727","targetHints":{"allow":["GET"]}}],"collection":[{"href":"https:\/\/www.europesays.com\/fr\/wp-json\/wp\/v2\/posts"}],"about":[{"href":"https:\/\/www.europesays.com\/fr\/wp-json\/wp\/v2\/types\/post"}],"author":[{"embeddable":true,"href":"https:\/\/www.europesays.com\/fr\/wp-json\/wp\/v2\/users\/2"}],"replies":[{"embeddable":true,"href":"https:\/\/www.europesays.com\/fr\/wp-json\/wp\/v2\/comments?post=73727"}],"version-history":[{"count":0,"href":"https:\/\/www.europesays.com\/fr\/wp-json\/wp\/v2\/posts\/73727\/revisions"}],"wp:featuredmedia":[{"embeddable":true,"href":"https:\/\/www.europesays.com\/fr\/wp-json\/wp\/v2\/media\/73728"}],"wp:attachment":[{"href":"https:\/\/www.europesays.com\/fr\/wp-json\/wp\/v2\/media?parent=73727"}],"wp:term":[{"taxonomy":"category","embeddable":true,"href":"https:\/\/www.europesays.com\/fr\/wp-json\/wp\/v2\/categories?post=73727"},{"taxonomy":"post_tag","embeddable":true,"href":"https:\/\/www.europesays.com\/fr\/wp-json\/wp\/v2\/tags?post=73727"}],"curies":[{"name":"wp","href":"https:\/\/api.w.org\/{rel}","templated":true}]}}