{"id":73735,"date":"2025-05-04T07:30:10","date_gmt":"2025-05-04T07:30:10","guid":{"rendered":"https:\/\/www.europesays.com\/fr\/73735\/"},"modified":"2025-05-04T07:30:10","modified_gmt":"2025-05-04T07:30:10","slug":"quand-deux-potes-reinventent-le-bistrot-a-cocktails","status":"publish","type":"post","link":"https:\/\/www.europesays.com\/fr\/73735\/","title":{"rendered":"quand deux potes r\u00e9inventent le bistrot \u00e0 cocktails"},"content":{"rendered":"<p>            Par<br \/>\n        <strong><br \/>\n            <a href=\"https:\/\/actu.fr\/auteur\/lea-afonso\" title=\"Consulter tous les articles de L\u00e9a Afonso\" rel=\"nofollow noopener\" target=\"_blank\">L\u00e9a Afonso<\/a><br \/>\n        <\/strong><\/p>\n<p>        Publi\u00e9 le<\/p>\n<p>            4 mai 2025 \u00e0 8h32        <\/p>\n<p><a href=\"https:\/\/www.instagram.com\/pompette_bar\/\" rel=\"nofollow noopener\" target=\"_blank\"><strong>Pompette<\/strong><\/a>, c\u2019est l\u2019histoire de deux potes qui voulaient faire les choses autrement\u2009! \u00c0 partir du 14\u00a0mai 2025, Corentin et L\u00e9o ouvrent les portes de leur nouveau <strong>bistrot \u00e0 cocktails<\/strong> au 24 rue Gabriel Peri \u00e0 <a href=\"https:\/\/actu.fr\/toulouse\/\" rel=\"nofollow noopener\" target=\"_blank\">Toulouse<\/a> avec une id\u00e9e simple\u2009: offrir un lieu chaleureux, g\u00e9n\u00e9reux, et sans compromis sur la qualit\u00e9. Rencontre.<\/p>\n<p>    <a href=\"https:\/\/www.google.com\/maps\/embed?pb=!1m18!1m12!1m3!1d2889.0298708571377!2d1.4508244110556376!3d43.60591965536813!2m3!1f0!2f0!3f0!3m2!1i1024!2i768!4f13.1!3m3!1m2!1s0x12aebc97638dfc61%3A0x2fb2fc233d16d9c2!2s24%20Rue%20Gabriel%20P%C3%A9ri%2C%2031000%20Toulouse!5e0!3m2!1sfr!2sfr!4v1746027384450!5m2!1sfr!2sfr\" title=\"Ouvrie le lien\" rel=\"nofollow noopener\" target=\"_blank\">Cliquez ici pour visualiser le contenu<\/a><\/p>\n<p>Une carte et un concept fait maison<\/p>\n<p class=\" wall-content\">\u00ab\u2009Je voulais \u00e0 la base un bistrot plus qu\u2019un bar \u00e0 cocktails\u2009\u00bb, raconte Corentin. Mais chez Pompette, les deux ne s\u2019opposent pas, bien au contraire. On y sirote des <strong>boissons<\/strong> \u00ab\u2009solaires\u2009\u00bb, aux associations parfois surprenantes et <strong>faites maison<\/strong>, et on y d\u00e9guste des <strong>assiettes<\/strong> <strong>color\u00e9es<\/strong>, de <strong>saison<\/strong>, \u00e0 partager entre amis.<\/p>\n<p class=\" wall-content\">L\u00e9o encha\u00eene\u2009: \u00ab\u2009On veut laisser passer aucun d\u00e9tail, m\u00eame sur la nourriture. C\u2019est un vrai bistrot \u00e0 cocktails, pas juste un bar dans lequel tu grignotes une planche de charcut\u2019. <strong>On travaille chaque ingr\u00e9dient<\/strong>, chaque assiette, comme on travaille chaque cocktail\u2009\u00bb. D\u2019ailleurs, tout ce qui se trouve en cuisine peut potentiellement finir dans un shaker\u2009: \u00ab\u2009Une fois, j\u2019ai m\u00eame fait un cocktail avec des queues d\u2019asperges. Tout peut \u00eatre source d\u2019inspiration\u2009\u00bb, rigole Corentin.<\/p>\n<p>      <img   decoding=\"async\" loading=\"lazy\" src=\"https:\/\/www.europesays.com\/fr\/wp-content\/uploads\/2025\/05\/1f68e49b-c5ee-4cba-ab7c-a9fed414179c-960x640.jpg\" alt=\"Le carpaccio de Dorade qui sera bient\u00f4t propos\u00e9 \" width=\"960\" height=\"640\"\/><br \/>\n    Le carpaccio de Dorade qui sera bient\u00f4t propos\u00e9 (\u00a9Pompette, DR)<\/p>\n<p class=\" wall-content\">\u00c0 la carte\u2009: <strong>carpaccio de dorade s\u00e9baste<\/strong>, huile piment\u00e9e maison, vins nature et bios de la r\u00e9gion \u2014 \u00ab\u2009on conna\u00eet toutes les personnes derri\u00e8re nos bouteilles, ce sont des vins que l\u2019on aime et qu\u2019on veut faire d\u00e9couvrir \u00e0 nos clients\u2009\u00bb, confie Corentin. Et c\u00f4t\u00e9 softs\u2009? Des sodas artisanaux, locaux, et des jus de fruits pr\u00e9par\u00e9s sur place, bons pour la sant\u00e9, \u00e9videmment. Comptez 10 \u00e0 12\u00a0\u20ac pour les cocktails, et 7 \u00e0 13\u00a0\u20ac pour les assiettes.<\/p>\n<p>C\u00f4t\u00e9 musique<\/p>\n<p class=\" wall-content\"><strong>L\u2019acoustique<\/strong> a, elle aussi, \u00e9t\u00e9 soign\u00e9e. \u00ab\u2009On voulait un son clair, pas noy\u00e9 dans le bruit ambiant, et une vraie s\u00e9lection musicale sans se limiter \u00e0 un genre\u2009\u00bb, explique Corentin. Chez Pompette, la musique ira du <strong>latino au groove<\/strong>, en passant par le <strong>hip-hop<\/strong> ou la <strong>house<\/strong>.<\/p>\n<p class=\" wall-content\">Et comme derri\u00e8re le bar se trouvent aussi des platines, ne soyez pas surpris de voir l\u2019un d\u2019eux mixer en vinyle entre deux cocktails.<\/p>\n<p>Un chantier dans les pattes<br \/>\n      <img   decoding=\"async\" loading=\"lazy\" src=\"https:\/\/www.europesays.com\/fr\/wp-content\/uploads\/2025\/05\/img-2259-960x640.jpeg\" alt=\"Des travaux faits par Corentin, L\u00e9o et leurs amis \" width=\"960\" height=\"640\"\/><br \/>\n    Des travaux faits par Corentin, L\u00e9o et leurs amis (\u00a9L\u00e9a Afonso \/ Actu Toulouse)<\/p>\n<p class=\" wall-content\">La d\u00e9marche \u00e9thique des deux amis va jusqu\u2019aux coulisses\u2009: le duo a fait le choix d\u2019un <strong>chantier en par eux-m\u00eames<\/strong>. \u00ab\u2009On a tout fait\u2009: plomberie, carrelage, peinture\u2026\u2009\u00bb, explique Corentin. \u00ab\u2009C\u2019est notre projet de A \u00e0 Z. Ce n\u2019est pas juste un job, c\u2019est un engagement total.\u2009\u00bb<\/p>\n<p class=\" wall-content\">Le lieu, qui pourra accueillir une <strong>quarantaine<\/strong> de <strong>personnes<\/strong> en int\u00e9rieur \u2013 20 pourront s\u2019installer en <strong>terrasse<\/strong> une fois l\u2019autorisation obtenue -, mise sur une ambiance pastel avec une alliance de mat\u00e9riaux bruts.<\/p>\n<p class=\" wall-content\">Et pourquoi ce nom, Pompette\u2009? Corentin sourit\u2009: \u00ab\u2009C\u2019est l\u2019ivresse bienveillante, le moment o\u00f9 tu es juste bien, entre potes, un peu l\u00e9ger\u2009\u00bb.<\/p>\n<p>Infos pratiques\u2009:<br \/>Pompette, 27 rue Gabriel Peri<br \/>En soir\u00e9e du mardi au samedi<\/p>\n<p class=\" wall-content\">Suivez toute l\u2019actualit\u00e9 de vos villes et m\u00e9dias favoris en vous inscrivant \u00e0 <a href=\"https:\/\/moncompte.actu.fr\" title=\"D\u00e9couvez Mon Actu\" rel=\"nofollow noopener\" data-trk=\"{&quot;cta&quot;:{&quot;action&quot;:&quot;https:\\\/\\\/moncompte.actu.fr&quot;,&quot;category&quot;:&quot;mon compte&quot;,&quot;from&quot;:&quot;article footer&quot;,&quot;name&quot;:&quot;Mon actu&quot;,&quot;type&quot;:&quot;cta&quot;}}\" target=\"_blank\">Mon Actu<\/a>.<\/p>\n<p>                    <script async src=\"\/\/www.instagram.com\/embed.js\"><\/script><\/p>\n","protected":false},"excerpt":{"rendered":"Par L\u00e9a Afonso Publi\u00e9 le 4 mai 2025 \u00e0 8h32 Pompette, c\u2019est l\u2019histoire de deux potes qui voulaient&hellip;\n","protected":false},"author":2,"featured_media":73736,"comment_status":"","ping_status":"","sticky":false,"template":"","format":"standard","meta":{"footnotes":""},"categories":[2816],"tags":[1111,11,1777,674,1011,27,1305,12,2680,25,1341,2312],"class_list":{"0":"post-73735","1":"post","2":"type-post","3":"status-publish","4":"format-standard","5":"has-post-thumbnail","7":"category-toulouse","8":"tag-actu","9":"tag-actualites","10":"tag-eu","11":"tag-europe","12":"tag-fr","13":"tag-france","14":"tag-lifestyle","15":"tag-news","16":"tag-occitanie","17":"tag-republique-francaise","18":"tag-sortir-a-toulouse","19":"tag-toulouse"},"share_on_mastodon":{"url":"https:\/\/pubeurope.com\/@fr\/114448395399780642","error":""},"_links":{"self":[{"href":"https:\/\/www.europesays.com\/fr\/wp-json\/wp\/v2\/posts\/73735","targetHints":{"allow":["GET"]}}],"collection":[{"href":"https:\/\/www.europesays.com\/fr\/wp-json\/wp\/v2\/posts"}],"about":[{"href":"https:\/\/www.europesays.com\/fr\/wp-json\/wp\/v2\/types\/post"}],"author":[{"embeddable":true,"href":"https:\/\/www.europesays.com\/fr\/wp-json\/wp\/v2\/users\/2"}],"replies":[{"embeddable":true,"href":"https:\/\/www.europesays.com\/fr\/wp-json\/wp\/v2\/comments?post=73735"}],"version-history":[{"count":0,"href":"https:\/\/www.europesays.com\/fr\/wp-json\/wp\/v2\/posts\/73735\/revisions"}],"wp:featuredmedia":[{"embeddable":true,"href":"https:\/\/www.europesays.com\/fr\/wp-json\/wp\/v2\/media\/73736"}],"wp:attachment":[{"href":"https:\/\/www.europesays.com\/fr\/wp-json\/wp\/v2\/media?parent=73735"}],"wp:term":[{"taxonomy":"category","embeddable":true,"href":"https:\/\/www.europesays.com\/fr\/wp-json\/wp\/v2\/categories?post=73735"},{"taxonomy":"post_tag","embeddable":true,"href":"https:\/\/www.europesays.com\/fr\/wp-json\/wp\/v2\/tags?post=73735"}],"curies":[{"name":"wp","href":"https:\/\/api.w.org\/{rel}","templated":true}]}}